{"id":42192,"date":"2017-08-15T16:46:53","date_gmt":"2017-08-15T21:46:53","guid":{"rendered":"https:\/\/radiowebmx.com\/nota\/?p=42192"},"modified":"2017-08-16T11:11:20","modified_gmt":"2017-08-16T16:11:20","slug":"lazaro-cardenas-llamado-a-ser-gran-polo-de-desarrollo-para-michoacan-silvano-aureoles","status":"publish","type":"post","link":"https:\/\/radiowebmx.com\/nota\/lazaro-cardenas-llamado-a-ser-gran-polo-de-desarrollo-para-michoacan-silvano-aureoles\/","title":{"rendered":"L\u00e1zaro C\u00e1rdenas, llamado a ser gran polo de desarrollo para Michoac\u00e1n: Silvano Aureoles"},"content":{"rendered":"<p><a href=\"https:\/\/radiowebmx.com\/nota\/wp-content\/uploads\/2017\/08\/470fdc94-27ea-483d-8c93-77bb3048a297.jpg\"><img loading=\"lazy\" decoding=\"async\" class=\"alignnone  wp-image-42193\" src=\"https:\/\/radiowebmx.com\/nota\/wp-content\/uploads\/2017\/08\/470fdc94-27ea-483d-8c93-77bb3048a297-595x397.jpg\" alt=\"\" width=\"399\" height=\"266\" srcset=\"https:\/\/radiowebmx.com\/nota\/wp-content\/uploads\/2017\/08\/470fdc94-27ea-483d-8c93-77bb3048a297-595x397.jpg 595w, https:\/\/radiowebmx.com\/nota\/wp-content\/uploads\/2017\/08\/470fdc94-27ea-483d-8c93-77bb3048a297-768x512.jpg 768w, https:\/\/radiowebmx.com\/nota\/wp-content\/uploads\/2017\/08\/470fdc94-27ea-483d-8c93-77bb3048a297-960x640.jpg 960w, https:\/\/radiowebmx.com\/nota\/wp-content\/uploads\/2017\/08\/470fdc94-27ea-483d-8c93-77bb3048a297-272x182.jpg 272w, https:\/\/radiowebmx.com\/nota\/wp-content\/uploads\/2017\/08\/470fdc94-27ea-483d-8c93-77bb3048a297.jpg 1280w\" sizes=\"auto, (max-width: 399px) 100vw, 399px\" \/><\/a><\/p>\n<p>&nbsp;<\/p>\n<ul>\n<li><strong>El Gobernador del Estado atestigua el Segundo Informe de Gobierno del alcalde de L\u00e1zaro C\u00e1rdenas, Armando Carrillo.<\/strong><\/li>\n<\/ul>\n<ul>\n<li><strong>Se han destinado m\u00e1s de 112 mdp en 171 obras y acciones prioritarias, destaca.<\/strong><\/li>\n<\/ul>\n<p>&nbsp;<\/p>\n<p><strong>L\u00e1zaro C\u00e1rdenas, Michoac\u00e1n, a 15 de agosto de 2017.-\u00a0<\/strong>L\u00e1zaro C\u00e1rdenas est\u00e1 llamado a ser un gran polo de desarrollo econ\u00f3mico y social para Michoac\u00e1n, por ello tiene todo el apoyo del Gobierno del Estado para que en la unidad, aceleremos el progreso de nuestro estado, asegur\u00f3 el Gobernador Constitucional Silvano Aureoles Conejo.<\/p>\n<p>Al asistir al Segundo Informe de Gobierno del presidente municipal de este municipio porte\u00f1o, Armando Carrillo Barrag\u00e1n, el jefe\u00a0 del Ejecutivo de Michoac\u00e1n recalc\u00f3 que producto del trabajo coordinado entre los tres \u00f3rdenes de Gobierno, tan s\u00f3lo en L\u00e1zaro C\u00e1rdenas se han destinado m\u00e1s de 112 millones de pesos en 171 obras y acciones prioritarias.<\/p>\n<p>Lo anterior, dijo, ya que el objetivo \u00faltimo de su gobierno es &#8220;erradicar la pobreza y desigualdades sociales, flagelos que por momentos nos han arrebatado la tranquilidad de nuestra gente&#8221;.<\/p>\n<p>Silvano Aureoles destac\u00f3 que para lograr dicho prop\u00f3sito, la declaratoria de la Zona Econ\u00f3mica Especial de L\u00e1zaro C\u00e1rdenas y La Uni\u00f3n, Guerrero, marca un parteaguas, pero enfatiz\u00f3 en que el reto es hacer de la ZEE un \u00e1rea incluyente y sensible a un desarrollo integral que permita abatir el rezago hist\u00f3rico y alcanzar mayores niveles de crecimiento y competitividad.<\/p>\n<p>Expuso que este municipio es la principal econom\u00eda de todo el estado, al aportar el 23 por ciento del Producto Interno Bruto estatal, a nivel regional el 94 por ciento de la econom\u00eda se soporta aqu\u00ed y tambi\u00e9n se concentra m\u00e1s del 50 por ciento de la manufactura que se produce en el estado.<\/p>\n<p>Por todo ello, reiter\u00f3 su apoyo a \u00e9ste y todos los municipios michoacanos; &#8220;tengan por seguro que en unidad revertiremos los principales indicadores de marginaci\u00f3n y seguridad, y aceleraremos el progreso de Michoac\u00e1n&#8221;.<\/p>\n<p>&nbsp;<\/p>\n<p><a href=\"https:\/\/radiowebmx.com\/nota\/wp-content\/uploads\/2017\/08\/29621052-465a-41b2-bd64-40a7ae2b52cf.jpg\"><img loading=\"lazy\" decoding=\"async\" class=\"alignnone  wp-image-42195\" src=\"https:\/\/radiowebmx.com\/nota\/wp-content\/uploads\/2017\/08\/29621052-465a-41b2-bd64-40a7ae2b52cf-595x397.jpg\" alt=\"\" width=\"399\" height=\"266\" srcset=\"https:\/\/radiowebmx.com\/nota\/wp-content\/uploads\/2017\/08\/29621052-465a-41b2-bd64-40a7ae2b52cf-595x397.jpg 595w, https:\/\/radiowebmx.com\/nota\/wp-content\/uploads\/2017\/08\/29621052-465a-41b2-bd64-40a7ae2b52cf-768x512.jpg 768w, https:\/\/radiowebmx.com\/nota\/wp-content\/uploads\/2017\/08\/29621052-465a-41b2-bd64-40a7ae2b52cf-960x640.jpg 960w, https:\/\/radiowebmx.com\/nota\/wp-content\/uploads\/2017\/08\/29621052-465a-41b2-bd64-40a7ae2b52cf-272x182.jpg 272w, https:\/\/radiowebmx.com\/nota\/wp-content\/uploads\/2017\/08\/29621052-465a-41b2-bd64-40a7ae2b52cf.jpg 1280w\" sizes=\"auto, (max-width: 399px) 100vw, 399px\" \/><\/a><\/p>\n<p>&nbsp;<\/p>\n<p>Ante un p\u00fablico conformado principalmente por madres y jefas de familia, el Gobernador mencion\u00f3 que a pesar de las limitaciones econ\u00f3micas, en pr\u00f3ximas fechas iniciar\u00e1 la reconstrucci\u00f3n del Centro de Salud de la cabecera municipal, donde se destinar\u00e1n 12 millones de pesos, as\u00ed como la edificaci\u00f3n del nuevo Hospital Regional con sede en esta localidad, y en las pr\u00f3ximas semanas arrancar\u00e1 la construcci\u00f3n de la Universidad Polit\u00e9cnica.<\/p>\n<p>Finalmente, al recordar que nuestro estado est\u00e1 dando ejemplo en el pa\u00eds de c\u00f3mo s\u00ed se puede trabajar a partir de la pluralidad pol\u00edtica, Aureoles Conejo felicit\u00f3 al alcalde Armando Carrillo por estos dos a\u00f1os de coordinaci\u00f3n y trabajo para tener los logros presentados.<\/p>\n<p>Durante la sesi\u00f3n solemne, las y los regidores de las diferentes fuerzas pol\u00edticas del Cabildo, expusieron sus puntos de vista sobre este segundo a\u00f1o de labores.<\/p>\n<p>Mientras que el mun\u00edcipe Carrillo Barrag\u00e1n expuso los alcances de la aplicaci\u00f3n de los diversos fondos, en los que reconoci\u00f3 las aportaciones del Gobierno del Estado y la Federaci\u00f3n.<\/p>\n<p>Asistieron a este acto el secretario de Desarrollo Econ\u00f3mico y enlace estatal para L\u00e1zaro C\u00e1rdenas, Jes\u00fas Melgoza Vel\u00e1zquez; la diputada Nayeli Julieta Pedraza Huerta; el comandante de la 43 Zona Militar, general Cruz Isaac Mu\u00f1oz Navarro; el subsecretario de Gesti\u00f3n Ambiental de la Semaccdet, Iv\u00e1n Madero Naranjo; el delegado de Infonavit, Julio Antonio Guajardo Villarreal; as\u00ed como los presidentes municipales de Tumbiscat\u00edo, Chilchota, La Uni\u00f3n, entre otras autoridades auxiliares y vecinos de L\u00e1zaro C\u00e1rdenas.<\/p>\n","protected":false},"excerpt":{"rendered":"<p>&nbsp; El Gobernador del Estado atestigua el Segundo Informe de Gobierno del alcalde de L\u00e1zaro C\u00e1rdenas, Armando Carrillo. Se han destinado m\u00e1s de 112 mdp en 171 obras y acciones prioritarias, destaca. &nbsp; L\u00e1zaro C\u00e1rdenas, Michoac\u00e1n, a 15 de agosto de 2017.-\u00a0L\u00e1zaro C\u00e1rdenas est\u00e1 llamado a ser un gran polo de desarrollo econ\u00f3mico y social [&hellip;]<\/p>\n","protected":false},"author":2,"featured_media":42194,"comment_status":"closed","ping_status":"closed","sticky":false,"template":"","format":"standard","meta":{"footnotes":""},"categories":[14,3,60],"tags":[],"class_list":["post-42192","post","type-post","status-publish","format-standard","has-post-thumbnail","hentry","category-destacadas","category-gobierno-del-estado-de-michoacan","category-michoacan"],"_links":{"self":[{"href":"https:\/\/radiowebmx.com\/nota\/wp-json\/wp\/v2\/posts\/42192","targetHints":{"allow":["GET"]}}],"collection":[{"href":"https:\/\/radiowebmx.com\/nota\/wp-json\/wp\/v2\/posts"}],"about":[{"href":"https:\/\/radiowebmx.com\/nota\/wp-json\/wp\/v2\/types\/post"}],"author":[{"embeddable":true,"href":"https:\/\/radiowebmx.com\/nota\/wp-json\/wp\/v2\/users\/2"}],"replies":[{"embeddable":true,"href":"https:\/\/radiowebmx.com\/nota\/wp-json\/wp\/v2\/comments?post=42192"}],"version-history":[{"count":1,"href":"https:\/\/radiowebmx.com\/nota\/wp-json\/wp\/v2\/posts\/42192\/revisions"}],"predecessor-version":[{"id":42196,"href":"https:\/\/radiowebmx.com\/nota\/wp-json\/wp\/v2\/posts\/42192\/revisions\/42196"}],"wp:featuredmedia":[{"embeddable":true,"href":"https:\/\/radiowebmx.com\/nota\/wp-json\/wp\/v2\/media\/42194"}],"wp:attachment":[{"href":"https:\/\/radiowebmx.com\/nota\/wp-json\/wp\/v2\/media?parent=42192"}],"wp:term":[{"taxonomy":"category","embeddable":true,"href":"https:\/\/radiowebmx.com\/nota\/wp-json\/wp\/v2\/categories?post=42192"},{"taxonomy":"post_tag","embeddable":true,"href":"https:\/\/radiowebmx.com\/nota\/wp-json\/wp\/v2\/tags?post=42192"}],"curies":[{"name":"wp","href":"https:\/\/api.w.org\/{rel}","templated":true}]}}