{"id":42184,"date":"2017-08-15T19:10:12","date_gmt":"2017-08-16T00:10:12","guid":{"rendered":"https:\/\/radiowebmx.com\/nota\/?p=42184"},"modified":"2017-08-16T10:39:24","modified_gmt":"2017-08-16T15:39:24","slug":"rinde-protesta-cabildo-juvenil-2017-de-morelia","status":"publish","type":"post","link":"https:\/\/radiowebmx.com\/nota\/rinde-protesta-cabildo-juvenil-2017-de-morelia\/","title":{"rendered":"Rinde protesta \u201cCabildo Juvenil 2017\u201d de Morelia"},"content":{"rendered":"<p><a href=\"https:\/\/radiowebmx.com\/nota\/wp-content\/uploads\/2017\/08\/2ad9afb1-1cd4-4512-8b3d-186a16fe910b.jpg\"><img loading=\"lazy\" decoding=\"async\" class=\"alignnone  wp-image-42186\" src=\"https:\/\/radiowebmx.com\/nota\/wp-content\/uploads\/2017\/08\/2ad9afb1-1cd4-4512-8b3d-186a16fe910b-595x397.jpg\" alt=\"\" width=\"400\" height=\"267\" srcset=\"https:\/\/radiowebmx.com\/nota\/wp-content\/uploads\/2017\/08\/2ad9afb1-1cd4-4512-8b3d-186a16fe910b-595x397.jpg 595w, https:\/\/radiowebmx.com\/nota\/wp-content\/uploads\/2017\/08\/2ad9afb1-1cd4-4512-8b3d-186a16fe910b-768x512.jpg 768w, https:\/\/radiowebmx.com\/nota\/wp-content\/uploads\/2017\/08\/2ad9afb1-1cd4-4512-8b3d-186a16fe910b-960x640.jpg 960w, https:\/\/radiowebmx.com\/nota\/wp-content\/uploads\/2017\/08\/2ad9afb1-1cd4-4512-8b3d-186a16fe910b-272x182.jpg 272w\" sizes=\"auto, (max-width: 400px) 100vw, 400px\" \/><\/a><\/p>\n<p>&nbsp;<\/p>\n<ul>\n<li><strong>La instalaci\u00f3n de este cuerpo colegiado juvenil forma parte de las actividades de \u201cAgosto Joven\u201d.<\/strong><\/li>\n<li><strong>107 expedientes fueron valorados para elegir a los 15 integrantes del Segundo Cabildo Juvenil.<\/strong><\/li>\n<\/ul>\n<p>&nbsp;<\/p>\n<p>En el marco de la instalaci\u00f3n y toma de protesta a los 15 ganadores del Segundo Cabildo Juvenil, el Secretario del Ayuntamiento, Jes\u00fas \u00c1valos Plata, sostuvo que los j\u00f3venes tienen un papel activo en las acciones, obras y vida pol\u00edtica del municipio.<\/p>\n<p>Ante los j\u00f3venes que integrar\u00e1n este cuerpo colegiado, el encargado de la pol\u00edtica interna del municipio felicit\u00f3 a los ganadores al tiempo que los conmin\u00f3 a seguir aportando con sus ideas para construir un mejor municipio.<\/p>\n<p>En tanto, el Regidor y coordinador de la Comisi\u00f3n de la Mujer, Juventud y Deporte, F\u00e9lix Madrigal Pulido destac\u00f3 que la integraci\u00f3n del Cabildo Juvenil consisti\u00f3 en revisar los 107 expedientes que conten\u00edan las propuestas de los j\u00f3venes que se dividieron en tres categor\u00edas: Iniciativa o punto de acuerdo; Trayectoria; y Proyecto de pol\u00edtica p\u00fablica.<\/p>\n<p>Madrigal Pulido invit\u00f3 a los j\u00f3venes a aprovechar esta oportunidad y realizar un intercambio de ideas con los Regidores y enriquecer las pol\u00edticas p\u00fablicas en favor de este sector de la sociedad, adem\u00e1s de que sea la ruta para que los ganadores tracen su camino para desarrollo una vida m\u00e1s participativa.<\/p>\n<p>Por su parte, el encargado de despacho del Instituto de la Juventud Moreliana (IJUM), Juan Pablo Montilla Zarur, asegur\u00f3 que este concurso es un mecanismo de participaci\u00f3n ciudadana de los j\u00f3venes, que les permite presentar sus aportaciones al Cabildo en beneficio de esta secci\u00f3n de la sociedad.<\/p>\n<p>Resalt\u00f3 que la selecci\u00f3n de los participantes en el Segundo Cabildo Juvenil se hizo con equidad de g\u00e9nero; el mismo lo encabezan una Presidenta Municipal y una S\u00edndica Juvenil, Yeraldi Rodr\u00edguez Rosales y Vianey Alejandra Garc\u00eda Fraga, respectivamente.<\/p>\n<p>Montilla Zarur, destac\u00f3 que en esta actividad se abon\u00f3 a los mecanismos de transparencia al ser avalada la selecci\u00f3n de los integrantes de este cuerpo colegiado juvenil por observadores del Consejo Juvenil Ciudadano y el jurado compuesto por representantes del sector acad\u00e9mico.<\/p>\n<p>Asimismo, los j\u00f3venes al hacer uso de la voz propusieron mayor apertura al sector juvenil en la integraci\u00f3n de proyectos en beneficio de la ciudad de Morelia y aseguraron que presentar\u00e1n los temas en favor de los j\u00f3venes.<\/p>\n<p>A su vez, la Regidora, Alma Rosa Bahena Villalobos asegur\u00f3 que los participantes en este Cabildo Juvenil demostraron su gran capacidad por aportar y que \u201cla agenda de los j\u00f3venes debe constituir la del municipio\u201d.<\/p>\n<p>A la par, la Regidora, Adela Alejandre Flores dijo que el Gobierno Municipal y ciudadan\u00eda pueden trabajar de la mano e impulsar la atenci\u00f3n a las necesidades de los j\u00f3venes de mejor manera.<\/p>\n<p>Finalmente, Claudia L\u00e1zaro Medina envi\u00f3 un mensaje a los j\u00f3venes ganadores en este concurso y asegur\u00f3 que \u201ccuando se quiere trabajar por el municipio no es necesario un cargo p\u00fablico sino las ganas de laborar por la ciudad\u201d.<\/p>\n<p>De esta manera el Ayuntamiento de Morelia dio inicio y reconoci\u00f3 a los ganadores que conformar\u00e1n al Segundo Cabildo Juvenil que a continuaci\u00f3n se enlistan:<\/p>\n<p>Presidenta Municipal: Yeraldi Rodr\u00edguez Rosales; S\u00edndica: Vianey Alejandra Garc\u00eda Fraga, Secretario del Ayuntamiento Juvenil, Oscar Fernando Carbajal, como Regidores: Alejandra Cede\u00f1os Ramos, Javier Carbajal N\u00fa\u00f1ez, Ana Cristina Mondrag\u00f3n Barr\u00f3n, Miryani Goseline Manzano Guti\u00e9rrez, Mart\u00edn Tinoco Res\u00e9ndiz, Celeste Luna Becerra, Karla Ju\u00e1rez Navarrete, Hulkan Z\u00e1vala Ch\u00e1vez, Jared Ch\u00e1vez Estrada, Esteban Calder\u00f3n Hinojosa, Alejandro Hurtado Tapia, Heriberto Urbina Gonz\u00e1lez.<\/p>\n<p>&nbsp;<\/p>\n","protected":false},"excerpt":{"rendered":"<p>&nbsp; La instalaci\u00f3n de este cuerpo colegiado juvenil forma parte de las actividades de \u201cAgosto Joven\u201d. 107 expedientes fueron valorados para elegir a los 15 integrantes del Segundo Cabildo Juvenil. &nbsp; En el marco de la instalaci\u00f3n y toma de protesta a los 15 ganadores del Segundo Cabildo Juvenil, el Secretario del Ayuntamiento, Jes\u00fas \u00c1valos [&hellip;]<\/p>\n","protected":false},"author":2,"featured_media":42185,"comment_status":"closed","ping_status":"closed","sticky":false,"template":"","format":"standard","meta":{"footnotes":""},"categories":[14,3,60],"tags":[],"class_list":["post-42184","post","type-post","status-publish","format-standard","has-post-thumbnail","hentry","category-destacadas","category-gobierno-del-estado-de-michoacan","category-michoacan"],"_links":{"self":[{"href":"https:\/\/radiowebmx.com\/nota\/wp-json\/wp\/v2\/posts\/42184","targetHints":{"allow":["GET"]}}],"collection":[{"href":"https:\/\/radiowebmx.com\/nota\/wp-json\/wp\/v2\/posts"}],"about":[{"href":"https:\/\/radiowebmx.com\/nota\/wp-json\/wp\/v2\/types\/post"}],"author":[{"embeddable":true,"href":"https:\/\/radiowebmx.com\/nota\/wp-json\/wp\/v2\/users\/2"}],"replies":[{"embeddable":true,"href":"https:\/\/radiowebmx.com\/nota\/wp-json\/wp\/v2\/comments?post=42184"}],"version-history":[{"count":1,"href":"https:\/\/radiowebmx.com\/nota\/wp-json\/wp\/v2\/posts\/42184\/revisions"}],"predecessor-version":[{"id":42187,"href":"https:\/\/radiowebmx.com\/nota\/wp-json\/wp\/v2\/posts\/42184\/revisions\/42187"}],"wp:featuredmedia":[{"embeddable":true,"href":"https:\/\/radiowebmx.com\/nota\/wp-json\/wp\/v2\/media\/42185"}],"wp:attachment":[{"href":"https:\/\/radiowebmx.com\/nota\/wp-json\/wp\/v2\/media?parent=42184"}],"wp:term":[{"taxonomy":"category","embeddable":true,"href":"https:\/\/radiowebmx.com\/nota\/wp-json\/wp\/v2\/categories?post=42184"},{"taxonomy":"post_tag","embeddable":true,"href":"https:\/\/radiowebmx.com\/nota\/wp-json\/wp\/v2\/tags?post=42184"}],"curies":[{"name":"wp","href":"https:\/\/api.w.org\/{rel}","templated":true}]}}