{"id":42165,"date":"2017-08-15T14:23:14","date_gmt":"2017-08-15T19:23:14","guid":{"rendered":"https:\/\/radiowebmx.com\/nota\/?p=42165"},"modified":"2017-08-15T14:35:36","modified_gmt":"2017-08-15T19:35:36","slug":"se-dara-continuidad-al-programa-de-becas-para-jovenes-estudiantes-en-morelia-alfonso-martinez","status":"publish","type":"post","link":"https:\/\/radiowebmx.com\/nota\/se-dara-continuidad-al-programa-de-becas-para-jovenes-estudiantes-en-morelia-alfonso-martinez\/","title":{"rendered":"Se dar\u00e1 continuidad al programa de becas para j\u00f3venes estudiantes en Morelia: Alfonso Mart\u00ednez"},"content":{"rendered":"<ul>\n<li><strong>Pese a que ya no se cuenta con recursos de PRONAPRED, el Gobierno Municipal buscar\u00e1 otras alternativas para mantener este apoyo.<\/strong><\/li>\n<\/ul>\n<p><strong>Morelia, Mich., a 15 de agosto de 2017.-<\/strong> En un esfuerzo sin precedentes en el Gobierno Municipal, el Alcalde, Alfonso Mart\u00ednez Alc\u00e1zar, dej\u00f3 patente el compromiso de dar continuidad al programa de becas del Colegio de Morelia, y generar las econom\u00edas necesarias para que m\u00e1s j\u00f3venes contin\u00faen sus estudios luego de que la Federaci\u00f3n suspendi\u00f3 el recurso que manejaba a trav\u00e9s del Programa Nacional de Prevenci\u00f3n del Delito (PRONAPRED).<\/p>\n<p>Este anuncio que dio el Presidente Municipal, Alfonso Mart\u00ednez, en el marco del mensaje con motivo de su Segundo Informe de Gobierno, supone la continuidad de uno de los programas m\u00e1s exitosos de la Administraci\u00f3n en el tema educativo.<\/p>\n<p>El objetivo de este esfuerzo del Ayuntamiento es brindar las herramientas para que el sector juvenil cuente con mejores oportunidades de desarrollo y evitar as\u00ed, que caigan en actividades delictivas.<\/p>\n<p>Cabe recordar que a trav\u00e9s de este programa federal, el Gobierno Municipal otorg\u00f3 516 becas a j\u00f3venes de preparatoria y universidad para que continuaran sus estudios, con apoyos del 100 por ciento correspondiente a un a\u00f1o escolar.<\/p>\n<p>Sin embargo, al desaparecer PRONAPRED, este recurso dej\u00f3 de aplicarse para el presente ciclo escolar, \u201cel compromiso de esta Administraci\u00f3n Independiente es cerrar filas sociedad, Gobierno e instituciones educativas para que las becas contin\u00faen y m\u00e1s j\u00f3venes vean cristalizada su preparaci\u00f3n mediante el estudio\u201d, sostuvo el Alcalde.<\/p>\n<p>De esta forma, el Gobierno Municipal emprende acciones como ninguna otra Administraci\u00f3n para convertir a Morelia en una ciudad educadora, en donde cada uno de sus habitantes, tenga acceso a una educaci\u00f3n de calidad sin importar su condici\u00f3n social o econ\u00f3mica.<\/p>\n","protected":false},"excerpt":{"rendered":"<p>Pese a que ya no se cuenta con recursos de PRONAPRED, el Gobierno Municipal buscar\u00e1 otras alternativas para mantener este apoyo. Morelia, Mich., a 15 de agosto de 2017.- En un esfuerzo sin precedentes en el Gobierno Municipal, el Alcalde, Alfonso Mart\u00ednez Alc\u00e1zar, dej\u00f3 patente el compromiso de dar continuidad al programa de becas del [&hellip;]<\/p>\n","protected":false},"author":2,"featured_media":42166,"comment_status":"closed","ping_status":"closed","sticky":false,"template":"","format":"standard","meta":{"footnotes":""},"categories":[14,60,9],"tags":[],"class_list":["post-42165","post","type-post","status-publish","format-standard","has-post-thumbnail","hentry","category-destacadas","category-michoacan","category-morelia"],"_links":{"self":[{"href":"https:\/\/radiowebmx.com\/nota\/wp-json\/wp\/v2\/posts\/42165","targetHints":{"allow":["GET"]}}],"collection":[{"href":"https:\/\/radiowebmx.com\/nota\/wp-json\/wp\/v2\/posts"}],"about":[{"href":"https:\/\/radiowebmx.com\/nota\/wp-json\/wp\/v2\/types\/post"}],"author":[{"embeddable":true,"href":"https:\/\/radiowebmx.com\/nota\/wp-json\/wp\/v2\/users\/2"}],"replies":[{"embeddable":true,"href":"https:\/\/radiowebmx.com\/nota\/wp-json\/wp\/v2\/comments?post=42165"}],"version-history":[{"count":1,"href":"https:\/\/radiowebmx.com\/nota\/wp-json\/wp\/v2\/posts\/42165\/revisions"}],"predecessor-version":[{"id":42167,"href":"https:\/\/radiowebmx.com\/nota\/wp-json\/wp\/v2\/posts\/42165\/revisions\/42167"}],"wp:featuredmedia":[{"embeddable":true,"href":"https:\/\/radiowebmx.com\/nota\/wp-json\/wp\/v2\/media\/42166"}],"wp:attachment":[{"href":"https:\/\/radiowebmx.com\/nota\/wp-json\/wp\/v2\/media?parent=42165"}],"wp:term":[{"taxonomy":"category","embeddable":true,"href":"https:\/\/radiowebmx.com\/nota\/wp-json\/wp\/v2\/categories?post=42165"},{"taxonomy":"post_tag","embeddable":true,"href":"https:\/\/radiowebmx.com\/nota\/wp-json\/wp\/v2\/tags?post=42165"}],"curies":[{"name":"wp","href":"https:\/\/api.w.org\/{rel}","templated":true}]}}