{"id":42160,"date":"2017-08-15T12:33:33","date_gmt":"2017-08-15T17:33:33","guid":{"rendered":"https:\/\/radiowebmx.com\/nota\/?p=42160"},"modified":"2017-08-15T14:02:30","modified_gmt":"2017-08-15T19:02:30","slug":"rehabilitacion-de-iretiticateme-ejemplo-de-obras-que-busca-construir-el-gobierno-municipal-en-todo-morelia","status":"publish","type":"post","link":"https:\/\/radiowebmx.com\/nota\/rehabilitacion-de-iretiticateme-ejemplo-de-obras-que-busca-construir-el-gobierno-municipal-en-todo-morelia\/","title":{"rendered":"Rehabilitaci\u00f3n de Iretiticateme, ejemplo de obras que busca construir el Gobierno Municipal en todo Morelia"},"content":{"rendered":"<p><a href=\"https:\/\/radiowebmx.com\/nota\/wp-content\/uploads\/2017\/08\/0c783305-b1f6-4966-8358-ef53b62c99cc.jpeg\"><img loading=\"lazy\" decoding=\"async\" class=\"alignnone  wp-image-42162\" src=\"https:\/\/radiowebmx.com\/nota\/wp-content\/uploads\/2017\/08\/0c783305-b1f6-4966-8358-ef53b62c99cc-595x396.jpeg\" alt=\"\" width=\"400\" height=\"266\" srcset=\"https:\/\/radiowebmx.com\/nota\/wp-content\/uploads\/2017\/08\/0c783305-b1f6-4966-8358-ef53b62c99cc-595x396.jpeg 595w, https:\/\/radiowebmx.com\/nota\/wp-content\/uploads\/2017\/08\/0c783305-b1f6-4966-8358-ef53b62c99cc-768x511.jpeg 768w, https:\/\/radiowebmx.com\/nota\/wp-content\/uploads\/2017\/08\/0c783305-b1f6-4966-8358-ef53b62c99cc-960x639.jpeg 960w, https:\/\/radiowebmx.com\/nota\/wp-content\/uploads\/2017\/08\/0c783305-b1f6-4966-8358-ef53b62c99cc-272x182.jpeg 272w, https:\/\/radiowebmx.com\/nota\/wp-content\/uploads\/2017\/08\/0c783305-b1f6-4966-8358-ef53b62c99cc.jpeg 1280w\" sizes=\"auto, (max-width: 400px) 100vw, 400px\" \/><\/a><\/p>\n<p>&nbsp;<\/p>\n<ul>\n<li><strong>El Presidente Municipal de Morelia, Alfonso Mart\u00ednez Alc\u00e1zar, entreg\u00f3 de manera oficial la rehabilitaci\u00f3n de la calle Ireticateme en la Colonia F\u00e9lix Ireta.<\/strong><\/li>\n<\/ul>\n<ul>\n<li><strong>Mil 300 metros lineales de concreto, banquetas, una nueva red de agua potable y un colector de aguas pluviales, fueron solo algunas de las mejoras que se realizaron en la calle.<\/strong><\/li>\n<\/ul>\n<ul>\n<li><strong>Con estas obras y la construcci\u00f3n del nuevo parque, se impulsar\u00e1 la zona comercial de la zona.<\/strong><\/li>\n<\/ul>\n<p>&nbsp;<\/p>\n<p>Colocando esta calle como un claro ejemplo de lo que quiere lograr el Gobierno Municipal con las principales vialidades de la capital michoacana, el Alcalde, Alfonso Mart\u00ednez Alc\u00e1zar, encabez\u00f3 este martes la inauguraci\u00f3n oficial de la rehabilitaci\u00f3n integral en la avenida Iretiticateme, en la colonia F\u00e9lix Ireta.<\/p>\n<p>Con la presencia del Secretario de Efectividad e Innovaci\u00f3n Gubernamental, Antonio Plaza Urbina; el Secretario del Ayuntamiento, Jes\u00fas \u00c1valos Plata; el Secretario de Administraci\u00f3n Municipal, Yankel Ben\u00edtez Silva; el Director del Colegio de Morelia, Alejandro Amante Urbina; el Regidor, F\u00e9lix Madrigal Pulido y los vecinos de la colonia F\u00e9lix Ireta, Alfonso Mart\u00ednez agradeci\u00f3 a los vecinos su paciencia por el tiempo de espera para la conclusi\u00f3n de esta obra integral, que no se limit\u00f3 a la colocaci\u00f3n de concreto hidr\u00e1ulico, sino que se construy\u00f3 una nueva red de agua potable, drenaje y aguas pluviales.<\/p>\n<p>\u201cEsta calle tiene un concreto que yo vine a revisar mientras se llevaba a cabo la obra, y que consta de 19 cent\u00edmetros de grosor, con barras de acero en las uniones de los cuadros para mantener la estabilidad, lo cual la convierte en una obra de muy alta calidad\u201d, destac\u00f3 el Presidente Municipal.<\/p>\n<p>Puso de manifiesto su visi\u00f3n incluyente al momento de gestar obras para la ciudadan\u00eda puntualizando que la rehabilitaci\u00f3n de Ireticateme fue pensada tambi\u00e9n para peatones y personas con discapacidad, todo en un marco de cuidado ecol\u00f3gico.<\/p>\n<p>\u201cCuando rehabilitamos una calle, hacemos banquetas; donde hacemos banquetas, pensamos en las personas con discapacidad haciendo rampas, y donde hacemos calles banquetas y rampas tambi\u00e9n sembramos \u00e1rboles, porque nos preocupa la ecolog\u00eda\u201d, dijo el Alcalde.<\/p>\n<p>En este tenor destac\u00f3 la construcci\u00f3n del peque\u00f1o parque ubicado en la avenida, el cual antes era un terreno con una barda a punto de caer y foco de delincuencia, rescatado ahora por el Gobierno Municipal para convertirlo en una \u00e1rea de esparcimiento y convivencia familiar, que ya aprovechan y disfrutan las familias de la colonia.<\/p>\n<p>Concluy\u00f3 su mensaje invitando a la ciudadan\u00eda a apreciar el excelente trabajo de iluminaci\u00f3n que se hizo a lo largo de la importante arter\u00eda, el cual us\u00f3 como ejemplo de lo que se busca con el proyecto de cambio de luminarias en la capital michoacana.<\/p>\n<p>Por su parte, el Secretario de Efectividad e Innovaci\u00f3n Gubernamental, Antonio Plaza Urbina, detall\u00f3 a los presentes que la obra incluy\u00f3 la rehabilitaci\u00f3n integral de toda la avenida Ireticateme, que supuso la colocaci\u00f3n de mil 300 metros lineales de concreto, 14 mil 300 metros cuadrados de concreto hidr\u00e1ulico de 19 cent\u00edmetros, 2 mil 600 metros de banqueta, nuevas redes de agua potable y de drenaje, la construcci\u00f3n de un colector de aguas pluviales; se\u00f1alizaci\u00f3n y divisiones que favorezcan la movilidad tanto para automovilistas como para peatones y personas con discapacidad, todo con una inversi\u00f3n de 27 millones de pesos y estimando el beneficio de 120 mil morelianos.<\/p>\n<p>\u201cSe ha hecho un esfuerzo muy importante para que en esta calle se pueda mejorar sustancialmente las condiciones de movilidad para el peat\u00f3n, el cual es una prioridad para esta administraci\u00f3n, dijo el funcionario municipal.<\/p>\n<p>Agreg\u00f3 que el parque es un ejemplo de c\u00f3mo las calles pueden prestar diferentes servicios, no solamente de tr\u00e1nsito vehicular, sino convirti\u00e9ndolas en zonas de esparcimiento que mejoren la actividad econ\u00f3mica de la arteria y de la colonia en general.<\/p>\n<p>Una rehabilitaci\u00f3n general que incluy\u00f3 el cambio de asfaltado, la mejora de drenajes, la colocaci\u00f3n de banquetas para peatones, la habilitaci\u00f3n de \u00e1reas de convivencia familiar y el impulso a la actividad econ\u00f3mica de la colonia son claras muestras de la manera en como proyecta el Presidente Municipal, Alfonso Mart\u00ednez, a una nueva Morelia, en pleno desarrollo y referente de modernidad urbana.<\/p>\n<p>&nbsp;<\/p>\n","protected":false},"excerpt":{"rendered":"<p>&nbsp; El Presidente Municipal de Morelia, Alfonso Mart\u00ednez Alc\u00e1zar, entreg\u00f3 de manera oficial la rehabilitaci\u00f3n de la calle Ireticateme en la Colonia F\u00e9lix Ireta. Mil 300 metros lineales de concreto, banquetas, una nueva red de agua potable y un colector de aguas pluviales, fueron solo algunas de las mejoras que se realizaron en la calle. [&hellip;]<\/p>\n","protected":false},"author":2,"featured_media":42161,"comment_status":"closed","ping_status":"closed","sticky":false,"template":"","format":"standard","meta":{"footnotes":""},"categories":[14,3,60],"tags":[],"class_list":["post-42160","post","type-post","status-publish","format-standard","has-post-thumbnail","hentry","category-destacadas","category-gobierno-del-estado-de-michoacan","category-michoacan"],"_links":{"self":[{"href":"https:\/\/radiowebmx.com\/nota\/wp-json\/wp\/v2\/posts\/42160","targetHints":{"allow":["GET"]}}],"collection":[{"href":"https:\/\/radiowebmx.com\/nota\/wp-json\/wp\/v2\/posts"}],"about":[{"href":"https:\/\/radiowebmx.com\/nota\/wp-json\/wp\/v2\/types\/post"}],"author":[{"embeddable":true,"href":"https:\/\/radiowebmx.com\/nota\/wp-json\/wp\/v2\/users\/2"}],"replies":[{"embeddable":true,"href":"https:\/\/radiowebmx.com\/nota\/wp-json\/wp\/v2\/comments?post=42160"}],"version-history":[{"count":1,"href":"https:\/\/radiowebmx.com\/nota\/wp-json\/wp\/v2\/posts\/42160\/revisions"}],"predecessor-version":[{"id":42163,"href":"https:\/\/radiowebmx.com\/nota\/wp-json\/wp\/v2\/posts\/42160\/revisions\/42163"}],"wp:featuredmedia":[{"embeddable":true,"href":"https:\/\/radiowebmx.com\/nota\/wp-json\/wp\/v2\/media\/42161"}],"wp:attachment":[{"href":"https:\/\/radiowebmx.com\/nota\/wp-json\/wp\/v2\/media?parent=42160"}],"wp:term":[{"taxonomy":"category","embeddable":true,"href":"https:\/\/radiowebmx.com\/nota\/wp-json\/wp\/v2\/categories?post=42160"},{"taxonomy":"post_tag","embeddable":true,"href":"https:\/\/radiowebmx.com\/nota\/wp-json\/wp\/v2\/tags?post=42160"}],"curies":[{"name":"wp","href":"https:\/\/api.w.org\/{rel}","templated":true}]}}