{"id":42129,"date":"2017-08-15T11:07:12","date_gmt":"2017-08-15T16:07:12","guid":{"rendered":"https:\/\/radiowebmx.com\/nota\/?p=42129"},"modified":"2017-08-15T11:07:12","modified_gmt":"2017-08-15T16:07:12","slug":"programas-sociales-llegan-a-quienes-mas-lo-necesitan-en-la-zona-rural-de-morelia","status":"publish","type":"post","link":"https:\/\/radiowebmx.com\/nota\/programas-sociales-llegan-a-quienes-mas-lo-necesitan-en-la-zona-rural-de-morelia\/","title":{"rendered":"Programas sociales, llegan a quienes m\u00e1s lo necesitan en la zona rural de Morelia"},"content":{"rendered":"<p><a href=\"https:\/\/radiowebmx.com\/nota\/wp-content\/uploads\/2017\/08\/c0469105-a97a-4af9-8dad-e1345b361534.jpeg\"><img loading=\"lazy\" decoding=\"async\" class=\"alignnone  wp-image-42131\" src=\"https:\/\/radiowebmx.com\/nota\/wp-content\/uploads\/2017\/08\/c0469105-a97a-4af9-8dad-e1345b361534-595x397.jpeg\" alt=\"\" width=\"399\" height=\"266\" srcset=\"https:\/\/radiowebmx.com\/nota\/wp-content\/uploads\/2017\/08\/c0469105-a97a-4af9-8dad-e1345b361534-595x397.jpeg 595w, https:\/\/radiowebmx.com\/nota\/wp-content\/uploads\/2017\/08\/c0469105-a97a-4af9-8dad-e1345b361534-272x182.jpeg 272w, https:\/\/radiowebmx.com\/nota\/wp-content\/uploads\/2017\/08\/c0469105-a97a-4af9-8dad-e1345b361534.jpeg 632w\" sizes=\"auto, (max-width: 399px) 100vw, 399px\" \/><\/a><\/p>\n<p>&nbsp;<\/p>\n<ul>\n<li><strong>Con diversas obras, el Gobierno Municipal Independiente promueve el desarrollo de las Tenencias.<\/strong><\/li>\n<\/ul>\n<p>A lo largo de estos primeros dos a\u00f1os de Gobierno, la Administraci\u00f3n que encabeza el Presidente Municipal de Morelia, Alfonso Mart\u00ednez Alc\u00e1zar, ha dado respuesta a las necesidades de la zona urbana y la zona rural, poniendo puntual \u00e9nfasis en las Tenencias de la capital michoacana.<\/p>\n<p>Bajo este tenor, la Secretar\u00eda de Desarrollo Humano y Bienestar Social que encabeza Guillermo Cuitl\u00e1huatl Mar\u00edn Ch\u00e1vez, ha desarrollado diversos programas para el rescate de la zona rural de Morelia, implementando acciones sin distingos que mejoren la calidad de vida de los morelianos.<\/p>\n<p>Hoy, como nunca antes, las cosas se est\u00e1n haciendo bien y se est\u00e1 trabajando para construir el Morelia de Todos, en donde haya oportunidades para los sectores m\u00e1s vulnerables de la sociedad.<\/p>\n<p>Como parte del apoyo a las Tenencias de Morelia, dentro de la Secretar\u00eda de Desarrollo Humano y Bienestar Social se realiz\u00f3 la Instalaci\u00f3n del Fog\u00f3n Ecol\u00f3gico con Chimenea, con lo cual se mitigan afectaciones respiratorias como neumon\u00eda, bronquitis, tuberculosis y c\u00e1ncer pulmonar, esto al estar expuestos a los humos de combusti\u00f3n dentro de las cocinas.<\/p>\n<p>Dicho programa de vivienda cont\u00f3 con una Inversi\u00f3n Municipal de poco m\u00e1s de 5 millones de pesos, beneficiando a mil 500 personas, en 9 Tenencias (At\u00e9cuaro, Capula, Chiquimit\u00edo, Jes\u00fas del Monte, San Miguel del Monte, San Nicol\u00e1s Obispo, Santiago Undameo, Teremendo de los Reyes y Tiripet\u00edo).<\/p>\n<p>Tambi\u00e9n se llev\u00f3 a cabo la instalaci\u00f3n del Calentador Solar, lo cual resulta en un beneficio econ\u00f3mico para las familias, disminuyendo hasta en un 80 por ciento el consumo de gas en sus viviendas, adem\u00e1s de que sus impactos al medio ambiente son pr\u00e1cticamente nulos; se cont\u00f3 con una Inversi\u00f3n Municipal de cerca de un mill\u00f3n de pesos, beneficiando a 150 personas, en 32 colonias en la zona urbana.<\/p>\n<p>La Administraci\u00f3n Moreliana ha trabajado de manera coordinada con la Federaci\u00f3n, a trav\u00e9s de la Secretar\u00eda de Desarrollo Social (SEDESOL), en este sentido, se integr\u00f3 el programa mediante el cual se dio la Construcci\u00f3n de Piso Firme, con una inversi\u00f3n Federal de 1 mill\u00f3n y medio de pesos provenientes de la SEDESOL, beneficiando a 250 personas, en 33 Colonias Urbanas y 3 Tenencias (Capula, San Miguel del Monte y Tremendo de los Reyes).<\/p>\n<p>Con estas acciones, el Gobierno de Morelia que preside el Alcalde, Alfonso Mart\u00ednez Alc\u00e1zar y la Secretar\u00eda de Desarrollo Humano le est\u00e1n cumpliendo a los ciudadanos, trabajando de manera coordinada con la poblaci\u00f3n para dar los mejores resultados.<\/p>\n","protected":false},"excerpt":{"rendered":"<p>&nbsp; Con diversas obras, el Gobierno Municipal Independiente promueve el desarrollo de las Tenencias. A lo largo de estos primeros dos a\u00f1os de Gobierno, la Administraci\u00f3n que encabeza el Presidente Municipal de Morelia, Alfonso Mart\u00ednez Alc\u00e1zar, ha dado respuesta a las necesidades de la zona urbana y la zona rural, poniendo puntual \u00e9nfasis en las [&hellip;]<\/p>\n","protected":false},"author":2,"featured_media":42130,"comment_status":"closed","ping_status":"closed","sticky":false,"template":"","format":"standard","meta":{"footnotes":""},"categories":[14,60,9],"tags":[],"class_list":["post-42129","post","type-post","status-publish","format-standard","has-post-thumbnail","hentry","category-destacadas","category-michoacan","category-morelia"],"_links":{"self":[{"href":"https:\/\/radiowebmx.com\/nota\/wp-json\/wp\/v2\/posts\/42129","targetHints":{"allow":["GET"]}}],"collection":[{"href":"https:\/\/radiowebmx.com\/nota\/wp-json\/wp\/v2\/posts"}],"about":[{"href":"https:\/\/radiowebmx.com\/nota\/wp-json\/wp\/v2\/types\/post"}],"author":[{"embeddable":true,"href":"https:\/\/radiowebmx.com\/nota\/wp-json\/wp\/v2\/users\/2"}],"replies":[{"embeddable":true,"href":"https:\/\/radiowebmx.com\/nota\/wp-json\/wp\/v2\/comments?post=42129"}],"version-history":[{"count":1,"href":"https:\/\/radiowebmx.com\/nota\/wp-json\/wp\/v2\/posts\/42129\/revisions"}],"predecessor-version":[{"id":42132,"href":"https:\/\/radiowebmx.com\/nota\/wp-json\/wp\/v2\/posts\/42129\/revisions\/42132"}],"wp:featuredmedia":[{"embeddable":true,"href":"https:\/\/radiowebmx.com\/nota\/wp-json\/wp\/v2\/media\/42130"}],"wp:attachment":[{"href":"https:\/\/radiowebmx.com\/nota\/wp-json\/wp\/v2\/media?parent=42129"}],"wp:term":[{"taxonomy":"category","embeddable":true,"href":"https:\/\/radiowebmx.com\/nota\/wp-json\/wp\/v2\/categories?post=42129"},{"taxonomy":"post_tag","embeddable":true,"href":"https:\/\/radiowebmx.com\/nota\/wp-json\/wp\/v2\/tags?post=42129"}],"curies":[{"name":"wp","href":"https:\/\/api.w.org\/{rel}","templated":true}]}}