{"id":42117,"date":"2017-08-14T18:25:00","date_gmt":"2017-08-14T23:25:00","guid":{"rendered":"https:\/\/radiowebmx.com\/nota\/?p=42117"},"modified":"2017-08-15T10:56:31","modified_gmt":"2017-08-15T15:56:31","slug":"inicia-iifeem-construccion-de-telebachillerato-en-chiquimitio","status":"publish","type":"post","link":"https:\/\/radiowebmx.com\/nota\/inicia-iifeem-construccion-de-telebachillerato-en-chiquimitio\/","title":{"rendered":"Inicia IIFEEM construcci\u00f3n de Telebachillerato en Chiquimit\u00edo"},"content":{"rendered":"<p><a href=\"https:\/\/radiowebmx.com\/nota\/wp-content\/uploads\/2017\/08\/27cd2b3d-d2d1-4f64-b975-3563c30424a0.jpg\"><img loading=\"lazy\" decoding=\"async\" class=\"alignnone  wp-image-42118\" src=\"https:\/\/radiowebmx.com\/nota\/wp-content\/uploads\/2017\/08\/27cd2b3d-d2d1-4f64-b975-3563c30424a0-595x396.jpg\" alt=\"\" width=\"400\" height=\"266\" srcset=\"https:\/\/radiowebmx.com\/nota\/wp-content\/uploads\/2017\/08\/27cd2b3d-d2d1-4f64-b975-3563c30424a0-595x396.jpg 595w, https:\/\/radiowebmx.com\/nota\/wp-content\/uploads\/2017\/08\/27cd2b3d-d2d1-4f64-b975-3563c30424a0-768x511.jpg 768w, https:\/\/radiowebmx.com\/nota\/wp-content\/uploads\/2017\/08\/27cd2b3d-d2d1-4f64-b975-3563c30424a0-960x639.jpg 960w, https:\/\/radiowebmx.com\/nota\/wp-content\/uploads\/2017\/08\/27cd2b3d-d2d1-4f64-b975-3563c30424a0-272x182.jpg 272w, https:\/\/radiowebmx.com\/nota\/wp-content\/uploads\/2017\/08\/27cd2b3d-d2d1-4f64-b975-3563c30424a0.jpg 1150w\" sizes=\"auto, (max-width: 400px) 100vw, 400px\" \/><\/a><\/p>\n<p>&nbsp;<\/p>\n<ul>\n<li><strong>Se realiza una inversi\u00f3n superior a los 2.2 mdp para sustituir las aulas \u201cde palitos\u201d de este plantel.<\/strong><\/li>\n<\/ul>\n<p><strong>Chiquimit\u00edo, mpio. de Morelia, Michoac\u00e1n, a 14 de agosto del 2017.-<\/strong>\u00a0En cumplimiento al compromiso del Gobernador Silvano Aureoles Conejo de erradicar las aulas \u201cde palitos&#8221;, la directora general del Instituto de la Infraestructura F\u00edsica Educativa del Estado de Michoac\u00e1n (IIFEEM), Mar\u00eda Guadalupe D\u00edaz Chagolla, puso en marcha los trabajos de construcci\u00f3n de aulas dignas en el Telebachillerato No.103, perteneciente a esta tenencia.<\/p>\n<p>Acompa\u00f1ada del director general del subsistema, Juan Carlos Barrag\u00e1n V\u00e9lez, la funcionaria estatal dio el banderazo de inicio a los trabajos de construcci\u00f3n de tres aulas, servicios sanitarios y plaza c\u00edvica, en beneficio de 120 alumnos, con una inversi\u00f3n de 2 millones 251 mil pesos a trav\u00e9s del Fondo de Aportaciones M\u00faltiples\u00a0Media Superior.<\/p>\n<p>En este marco, la directora general del IIFEEM asever\u00f3 que\u00a0\u201cen Michoac\u00e1n estamos haciendo las cosas bien, y con acciones como \u00e9sta refrendamos el compromiso de nuestro Gobernador con las presentes y futuras generaciones de j\u00f3venes para que contin\u00faen sus estudios en espacios dignos y de calidad\u201d.<br \/>\n<a href=\"https:\/\/radiowebmx.com\/nota\/wp-content\/uploads\/2017\/08\/b4e2ab9f-a902-4265-be28-0f0ee07b4fea.jpg\"><img loading=\"lazy\" decoding=\"async\" class=\"alignnone  wp-image-42119\" src=\"https:\/\/radiowebmx.com\/nota\/wp-content\/uploads\/2017\/08\/b4e2ab9f-a902-4265-be28-0f0ee07b4fea-595x371.jpg\" alt=\"\" width=\"399\" height=\"249\" srcset=\"https:\/\/radiowebmx.com\/nota\/wp-content\/uploads\/2017\/08\/b4e2ab9f-a902-4265-be28-0f0ee07b4fea-595x371.jpg 595w, https:\/\/radiowebmx.com\/nota\/wp-content\/uploads\/2017\/08\/b4e2ab9f-a902-4265-be28-0f0ee07b4fea-768x479.jpg 768w, https:\/\/radiowebmx.com\/nota\/wp-content\/uploads\/2017\/08\/b4e2ab9f-a902-4265-be28-0f0ee07b4fea-960x599.jpg 960w, https:\/\/radiowebmx.com\/nota\/wp-content\/uploads\/2017\/08\/b4e2ab9f-a902-4265-be28-0f0ee07b4fea.jpg 1150w\" sizes=\"auto, (max-width: 399px) 100vw, 399px\" \/><\/a><\/p>\n<p>&nbsp;<\/p>\n<p>Por su parte, el director general del Telebachillerato, Juan Carlos Barrag\u00e1n, manifest\u00f3 que para tener una educaci\u00f3n de calidad se necesitan espacios dignos, maestros comprometidos con su labor y el equipamiento necesario para que los alumnos puedan desarrollarse de manera integral.<\/p>\n<p>&nbsp;<\/p>\n<p><a href=\"https:\/\/radiowebmx.com\/nota\/wp-content\/uploads\/2017\/08\/270fbf1e-3515-4a68-9d77-2a2034cff8d6.jpg\"><img loading=\"lazy\" decoding=\"async\" class=\"alignnone  wp-image-42120\" src=\"https:\/\/radiowebmx.com\/nota\/wp-content\/uploads\/2017\/08\/270fbf1e-3515-4a68-9d77-2a2034cff8d6-595x397.jpg\" alt=\"\" width=\"400\" height=\"267\" srcset=\"https:\/\/radiowebmx.com\/nota\/wp-content\/uploads\/2017\/08\/270fbf1e-3515-4a68-9d77-2a2034cff8d6-595x397.jpg 595w, https:\/\/radiowebmx.com\/nota\/wp-content\/uploads\/2017\/08\/270fbf1e-3515-4a68-9d77-2a2034cff8d6-768x512.jpg 768w, https:\/\/radiowebmx.com\/nota\/wp-content\/uploads\/2017\/08\/270fbf1e-3515-4a68-9d77-2a2034cff8d6-960x640.jpg 960w, https:\/\/radiowebmx.com\/nota\/wp-content\/uploads\/2017\/08\/270fbf1e-3515-4a68-9d77-2a2034cff8d6-272x182.jpg 272w, https:\/\/radiowebmx.com\/nota\/wp-content\/uploads\/2017\/08\/270fbf1e-3515-4a68-9d77-2a2034cff8d6.jpg 1250w\" sizes=\"auto, (max-width: 400px) 100vw, 400px\" \/><\/a><\/p>\n<p>&nbsp;<\/p>\n<p><a href=\"https:\/\/radiowebmx.com\/nota\/wp-content\/uploads\/2017\/08\/4b26e843-88ed-4b42-9dc2-f8c88533c1eb.jpeg\"><img loading=\"lazy\" decoding=\"async\" class=\"alignnone  wp-image-42121\" src=\"https:\/\/radiowebmx.com\/nota\/wp-content\/uploads\/2017\/08\/4b26e843-88ed-4b42-9dc2-f8c88533c1eb-595x397.jpeg\" alt=\"\" width=\"400\" height=\"267\" srcset=\"https:\/\/radiowebmx.com\/nota\/wp-content\/uploads\/2017\/08\/4b26e843-88ed-4b42-9dc2-f8c88533c1eb-595x397.jpeg 595w, https:\/\/radiowebmx.com\/nota\/wp-content\/uploads\/2017\/08\/4b26e843-88ed-4b42-9dc2-f8c88533c1eb-768x512.jpeg 768w, https:\/\/radiowebmx.com\/nota\/wp-content\/uploads\/2017\/08\/4b26e843-88ed-4b42-9dc2-f8c88533c1eb-960x640.jpeg 960w, https:\/\/radiowebmx.com\/nota\/wp-content\/uploads\/2017\/08\/4b26e843-88ed-4b42-9dc2-f8c88533c1eb-272x182.jpeg 272w, https:\/\/radiowebmx.com\/nota\/wp-content\/uploads\/2017\/08\/4b26e843-88ed-4b42-9dc2-f8c88533c1eb.jpeg 1280w\" sizes=\"auto, (max-width: 400px) 100vw, 400px\" \/><\/a><\/p>\n","protected":false},"excerpt":{"rendered":"<p>&nbsp; Se realiza una inversi\u00f3n superior a los 2.2 mdp para sustituir las aulas \u201cde palitos\u201d de este plantel. Chiquimit\u00edo, mpio. de Morelia, Michoac\u00e1n, a 14 de agosto del 2017.-\u00a0En cumplimiento al compromiso del Gobernador Silvano Aureoles Conejo de erradicar las aulas \u201cde palitos&#8221;, la directora general del Instituto de la Infraestructura F\u00edsica Educativa del [&hellip;]<\/p>\n","protected":false},"author":2,"featured_media":42122,"comment_status":"closed","ping_status":"closed","sticky":false,"template":"","format":"standard","meta":{"footnotes":""},"categories":[14,3,60],"tags":[],"class_list":["post-42117","post","type-post","status-publish","format-standard","has-post-thumbnail","hentry","category-destacadas","category-gobierno-del-estado-de-michoacan","category-michoacan"],"_links":{"self":[{"href":"https:\/\/radiowebmx.com\/nota\/wp-json\/wp\/v2\/posts\/42117","targetHints":{"allow":["GET"]}}],"collection":[{"href":"https:\/\/radiowebmx.com\/nota\/wp-json\/wp\/v2\/posts"}],"about":[{"href":"https:\/\/radiowebmx.com\/nota\/wp-json\/wp\/v2\/types\/post"}],"author":[{"embeddable":true,"href":"https:\/\/radiowebmx.com\/nota\/wp-json\/wp\/v2\/users\/2"}],"replies":[{"embeddable":true,"href":"https:\/\/radiowebmx.com\/nota\/wp-json\/wp\/v2\/comments?post=42117"}],"version-history":[{"count":1,"href":"https:\/\/radiowebmx.com\/nota\/wp-json\/wp\/v2\/posts\/42117\/revisions"}],"predecessor-version":[{"id":42123,"href":"https:\/\/radiowebmx.com\/nota\/wp-json\/wp\/v2\/posts\/42117\/revisions\/42123"}],"wp:featuredmedia":[{"embeddable":true,"href":"https:\/\/radiowebmx.com\/nota\/wp-json\/wp\/v2\/media\/42122"}],"wp:attachment":[{"href":"https:\/\/radiowebmx.com\/nota\/wp-json\/wp\/v2\/media?parent=42117"}],"wp:term":[{"taxonomy":"category","embeddable":true,"href":"https:\/\/radiowebmx.com\/nota\/wp-json\/wp\/v2\/categories?post=42117"},{"taxonomy":"post_tag","embeddable":true,"href":"https:\/\/radiowebmx.com\/nota\/wp-json\/wp\/v2\/tags?post=42117"}],"curies":[{"name":"wp","href":"https:\/\/api.w.org\/{rel}","templated":true}]}}