{"id":42112,"date":"2017-08-14T18:40:12","date_gmt":"2017-08-14T23:40:12","guid":{"rendered":"https:\/\/radiowebmx.com\/nota\/?p=42112"},"modified":"2017-08-15T10:51:32","modified_gmt":"2017-08-15T15:51:33","slug":"la-univim-por-la-excelencia-academica","status":"publish","type":"post","link":"https:\/\/radiowebmx.com\/nota\/la-univim-por-la-excelencia-academica\/","title":{"rendered":"La Univim, por la excelencia acad\u00e9mica"},"content":{"rendered":"<p><a href=\"https:\/\/radiowebmx.com\/nota\/wp-content\/uploads\/2017\/08\/5ef000ea-ec06-4630-b48b-4da3903a26d9.jpeg\"><img loading=\"lazy\" decoding=\"async\" class=\"alignnone  wp-image-42113\" src=\"https:\/\/radiowebmx.com\/nota\/wp-content\/uploads\/2017\/08\/5ef000ea-ec06-4630-b48b-4da3903a26d9-595x446.jpeg\" alt=\"\" width=\"401\" height=\"301\" srcset=\"https:\/\/radiowebmx.com\/nota\/wp-content\/uploads\/2017\/08\/5ef000ea-ec06-4630-b48b-4da3903a26d9-595x446.jpeg 595w, https:\/\/radiowebmx.com\/nota\/wp-content\/uploads\/2017\/08\/5ef000ea-ec06-4630-b48b-4da3903a26d9-768x576.jpeg 768w, https:\/\/radiowebmx.com\/nota\/wp-content\/uploads\/2017\/08\/5ef000ea-ec06-4630-b48b-4da3903a26d9-960x720.jpeg 960w, https:\/\/radiowebmx.com\/nota\/wp-content\/uploads\/2017\/08\/5ef000ea-ec06-4630-b48b-4da3903a26d9.jpeg 1024w\" sizes=\"auto, (max-width: 401px) 100vw, 401px\" \/><\/a><\/p>\n<p>&nbsp;<\/p>\n<ul>\n<li><strong>Realiz\u00f3 el Segundo Encuentro de Autoevaluaci\u00f3n, en el que participan alumnos y ex alumnos, tutores, dise\u00f1adores y trabajadores de la instituci\u00f3n.<\/strong><\/li>\n<\/ul>\n<p>&nbsp;<\/p>\n<p><strong>Morelia,\u00a0Michoac\u00e1n, a 14 de agosto de 2017.-<\/strong>\u00a0Este lunes la Universidad Virtual del Estado de Michoac\u00e1n (Univim) realiz\u00f3 el Segundo Encuentro de Autoevaluaci\u00f3n, en el que participan alumnos y ex alumnos, tutores, dise\u00f1adores y trabajadores de la instituci\u00f3n, con el objetivo de identificar las \u00e1reas de oportunidad y avanzar hacia la excelencia acad\u00e9mica.<\/p>\n<p>En este marco, la rectora Silvia Mendoza Valenzuela destac\u00f3 que este tipo de actividades permiten trazar una ruta acad\u00e9mica a para posicionar a la Univim como la mejor instituci\u00f3n de educaci\u00f3n p\u00fablica en l\u00ednea a nivel nacional.<\/p>\n<p>En este tenor, destac\u00f3 el crecimiento de esta casa de estudios gracias a la instalaci\u00f3n de las extensiones universitarias en los municipios, que han demostrado la pertinencia de los planes acad\u00e9micos que oferta la Univim, lo cual se ver\u00e1 reflejada en el ingreso al pr\u00f3ximo cuatrimestre, en el mes de septiembre.<\/p>\n<p>Expuso que la matr\u00edcula actual de la Univim es de 2 mil 29 alumnos activos en la plataforma educativa y que se tuvo un incremento de 850 nuevos estudiantes para el nivel de Licenciatura, los cuales, aunados a los de Maestr\u00edas, Doctorado y reingresos, lograr\u00e1n una matr\u00edcula cercana a los 3 mil alumnos para el cuatrimestre septiembre-diciembre del presente a\u00f1o.<\/p>\n<p>&nbsp;<\/p>\n<p><a href=\"https:\/\/radiowebmx.com\/nota\/wp-content\/uploads\/2017\/08\/cc084f1d-cb57-42ec-83d8-5c6a35d399fe.jpeg\"><img loading=\"lazy\" decoding=\"async\" class=\"alignnone  wp-image-42115\" src=\"https:\/\/radiowebmx.com\/nota\/wp-content\/uploads\/2017\/08\/cc084f1d-cb57-42ec-83d8-5c6a35d399fe-595x397.jpeg\" alt=\"\" width=\"399\" height=\"266\" srcset=\"https:\/\/radiowebmx.com\/nota\/wp-content\/uploads\/2017\/08\/cc084f1d-cb57-42ec-83d8-5c6a35d399fe-595x397.jpeg 595w, https:\/\/radiowebmx.com\/nota\/wp-content\/uploads\/2017\/08\/cc084f1d-cb57-42ec-83d8-5c6a35d399fe-768x512.jpeg 768w, https:\/\/radiowebmx.com\/nota\/wp-content\/uploads\/2017\/08\/cc084f1d-cb57-42ec-83d8-5c6a35d399fe-960x640.jpeg 960w, https:\/\/radiowebmx.com\/nota\/wp-content\/uploads\/2017\/08\/cc084f1d-cb57-42ec-83d8-5c6a35d399fe-272x182.jpeg 272w, https:\/\/radiowebmx.com\/nota\/wp-content\/uploads\/2017\/08\/cc084f1d-cb57-42ec-83d8-5c6a35d399fe.jpeg 1280w\" sizes=\"auto, (max-width: 399px) 100vw, 399px\" \/><\/a><\/p>\n<p>&nbsp;<\/p>\n<p>Derivado de los resultados del Primer Encuentro de Autoevaluaci\u00f3n de la Univim, se han atendido diferentes l\u00edneas de acci\u00f3n, como los v\u00ednculos para que los estudiantes cuenten con acceso a bibliotecas virtuales, el establecimiento de los Profesores de Tiempo Completo, quienes elaboran las l\u00edneas generadoras de aplicaci\u00f3n del conocimiento de las licenciaturas; facilitadores de b\u00fasqueda de informaci\u00f3n acad\u00e9mica integrando links de consulta en cada una de las asignaturas, as\u00ed como la actualizaci\u00f3n de todos los planes y programas de estudio.<\/p>\n<p>Entre las mesas de trabajo realizadas en esta segunda edici\u00f3n se debaten temas como el desempe\u00f1o acad\u00e9mico del alumno y tutor, el dise\u00f1o de los materiales interactivos did\u00e1cticos, la atenci\u00f3n del personal acad\u00e9mico acorde a los requerimientos institucionales.<\/p>\n<p>Adem\u00e1s, conocer las dificultades del estudiante y tutores sobre el dise\u00f1o instruccional y sus recursos pedag\u00f3gicos, atender las dificultades estudiantiles, tutoriales y de los dise\u00f1adores instruccionales en relaci\u00f3n a los servicios acad\u00e9micos y administrativos que oferta la Univim.<\/p>\n","protected":false},"excerpt":{"rendered":"<p>&nbsp; Realiz\u00f3 el Segundo Encuentro de Autoevaluaci\u00f3n, en el que participan alumnos y ex alumnos, tutores, dise\u00f1adores y trabajadores de la instituci\u00f3n. &nbsp; Morelia,\u00a0Michoac\u00e1n, a 14 de agosto de 2017.-\u00a0Este lunes la Universidad Virtual del Estado de Michoac\u00e1n (Univim) realiz\u00f3 el Segundo Encuentro de Autoevaluaci\u00f3n, en el que participan alumnos y ex alumnos, tutores, dise\u00f1adores [&hellip;]<\/p>\n","protected":false},"author":2,"featured_media":42114,"comment_status":"closed","ping_status":"closed","sticky":false,"template":"","format":"standard","meta":{"footnotes":""},"categories":[14,3,60],"tags":[],"class_list":["post-42112","post","type-post","status-publish","format-standard","has-post-thumbnail","hentry","category-destacadas","category-gobierno-del-estado-de-michoacan","category-michoacan"],"_links":{"self":[{"href":"https:\/\/radiowebmx.com\/nota\/wp-json\/wp\/v2\/posts\/42112","targetHints":{"allow":["GET"]}}],"collection":[{"href":"https:\/\/radiowebmx.com\/nota\/wp-json\/wp\/v2\/posts"}],"about":[{"href":"https:\/\/radiowebmx.com\/nota\/wp-json\/wp\/v2\/types\/post"}],"author":[{"embeddable":true,"href":"https:\/\/radiowebmx.com\/nota\/wp-json\/wp\/v2\/users\/2"}],"replies":[{"embeddable":true,"href":"https:\/\/radiowebmx.com\/nota\/wp-json\/wp\/v2\/comments?post=42112"}],"version-history":[{"count":1,"href":"https:\/\/radiowebmx.com\/nota\/wp-json\/wp\/v2\/posts\/42112\/revisions"}],"predecessor-version":[{"id":42116,"href":"https:\/\/radiowebmx.com\/nota\/wp-json\/wp\/v2\/posts\/42112\/revisions\/42116"}],"wp:featuredmedia":[{"embeddable":true,"href":"https:\/\/radiowebmx.com\/nota\/wp-json\/wp\/v2\/media\/42114"}],"wp:attachment":[{"href":"https:\/\/radiowebmx.com\/nota\/wp-json\/wp\/v2\/media?parent=42112"}],"wp:term":[{"taxonomy":"category","embeddable":true,"href":"https:\/\/radiowebmx.com\/nota\/wp-json\/wp\/v2\/categories?post=42112"},{"taxonomy":"post_tag","embeddable":true,"href":"https:\/\/radiowebmx.com\/nota\/wp-json\/wp\/v2\/tags?post=42112"}],"curies":[{"name":"wp","href":"https:\/\/api.w.org\/{rel}","templated":true}]}}