{"id":42097,"date":"2017-08-14T21:55:21","date_gmt":"2017-08-15T02:55:21","guid":{"rendered":"https:\/\/radiowebmx.com\/nota\/?p=42097"},"modified":"2017-08-15T10:40:05","modified_gmt":"2017-08-15T15:40:05","slug":"pluralidad-y-diversidad-nuestras-mayores-riquezas-silvano-aureoles","status":"publish","type":"post","link":"https:\/\/radiowebmx.com\/nota\/pluralidad-y-diversidad-nuestras-mayores-riquezas-silvano-aureoles\/","title":{"rendered":"Pluralidad y diversidad, nuestras mayores riquezas: Silvano Aureoles"},"content":{"rendered":"<p><a href=\"https:\/\/radiowebmx.com\/nota\/wp-content\/uploads\/2017\/08\/054613c5-cd93-4ada-9476-589e66f94e6f.jpeg\"><img loading=\"lazy\" decoding=\"async\" class=\"alignnone  wp-image-42101\" src=\"https:\/\/radiowebmx.com\/nota\/wp-content\/uploads\/2017\/08\/054613c5-cd93-4ada-9476-589e66f94e6f-595x396.jpeg\" alt=\"\" width=\"400\" height=\"266\" srcset=\"https:\/\/radiowebmx.com\/nota\/wp-content\/uploads\/2017\/08\/054613c5-cd93-4ada-9476-589e66f94e6f-595x396.jpeg 595w, https:\/\/radiowebmx.com\/nota\/wp-content\/uploads\/2017\/08\/054613c5-cd93-4ada-9476-589e66f94e6f-272x182.jpeg 272w, https:\/\/radiowebmx.com\/nota\/wp-content\/uploads\/2017\/08\/054613c5-cd93-4ada-9476-589e66f94e6f.jpeg 709w\" sizes=\"auto, (max-width: 400px) 100vw, 400px\" \/><\/a><\/p>\n<ul>\n<li><strong>Acompa\u00f1a Gobernador Constitucional a Jos\u00e9 Humberto Garc\u00eda Dom\u00ednguez, presidente municipal de Huiramba a su Segundo informe de Gobierno.<\/strong><\/li>\n<\/ul>\n<ul>\n<li><strong>Asimismo entrega dos ambulancias m\u00e9dicas equipadas y una unidad policial para reforzar la seguridad en el municipio.<\/strong><\/li>\n<\/ul>\n<p>&nbsp;<\/p>\n<p><strong>Huiramba, Michoac\u00e1n, a 14 de agosto de 2017<\/strong>.- Si hay un estado donde se exprese tanto la pluralidad y la diversidad es Michoac\u00e1n; la madurez que hoy presentan los diversos sectores de la sociedad va a permitir dar pasos mayores para mejorar las condiciones de vida de todos y todas, expres\u00f3 el Gobernador Constitucional Silvano Aureoles Conejo.<\/p>\n<p>Al asistir esta tarde al Segundo Informe de Gobierno del presidente municipal de Huiramba, Jos\u00e9 Humberto Garc\u00eda Dom\u00ednguez, el mandatario estatal felicit\u00f3 al Cabildo por las obras y acciones en beneficio de los habitantes del municipio; adem\u00e1s destac\u00f3 la amplia coordinaci\u00f3n de los Ayuntamientos con el Estado y la Federaci\u00f3n.<\/p>\n<p>&#8220;He estado en otros informes y estoy feliz de la participaci\u00f3n que tienen los diputados federales, delegados y funcionarios del Estado y la Federaci\u00f3n con los municipios; sin el apoyo de todos y todas no ser\u00edan posibles tantos logros&#8221;, abund\u00f3.<\/p>\n<p>Aureoles Conejo anunci\u00f3 otras importantes obras que se realizar\u00e1n a la brevedad en Huiramba, entre las que destacan la construcci\u00f3n de la Casa de la Cultura, la rehabilitaci\u00f3n de una zona afectada de la Presidencia Municipal, en la que se construir\u00e1n espacios dignos para las y los trabajadores.<\/p>\n<p>&nbsp;<\/p>\n<p><a href=\"https:\/\/radiowebmx.com\/nota\/wp-content\/uploads\/2017\/08\/d0b1820e-2d60-48b1-8d36-8fe80dc90926.jpeg\"><img loading=\"lazy\" decoding=\"async\" class=\"alignnone  wp-image-42102\" src=\"https:\/\/radiowebmx.com\/nota\/wp-content\/uploads\/2017\/08\/d0b1820e-2d60-48b1-8d36-8fe80dc90926-595x407.jpeg\" alt=\"\" width=\"401\" height=\"274\" srcset=\"https:\/\/radiowebmx.com\/nota\/wp-content\/uploads\/2017\/08\/d0b1820e-2d60-48b1-8d36-8fe80dc90926-595x407.jpeg 595w, https:\/\/radiowebmx.com\/nota\/wp-content\/uploads\/2017\/08\/d0b1820e-2d60-48b1-8d36-8fe80dc90926.jpeg 709w\" sizes=\"auto, (max-width: 401px) 100vw, 401px\" \/><\/a><\/p>\n<p>&nbsp;<\/p>\n<p>Asegur\u00f3 que no se escatimar\u00e1n esfuerzos para detonar el desarrollo de Huiramba y de los municipios de la geograf\u00eda michoacana en general, pues en la medida de las posibilidades se incrementar\u00e1n los apoyos a los mismos.<\/p>\n<p>Abund\u00f3 que con la entrada en vigor del puerto de L\u00e1zaro C\u00e1rdenas como Zona Econ\u00f3mica Especial, \u00e9ste y otros municipios de la zona centro del Estado ser\u00e1n grandes benefactores del crecimiento econ\u00f3mico que esto traer\u00e1 a favor de las y los michoacanos.<\/p>\n<p>Mientras que el alcalde Jos\u00e9 Humberto Garc\u00eda hizo un extenso agradecimiento al jefe del Ejecutivo Estatal por el respaldo que le ha brindado a Huiramba, con importantes alcances espec\u00edficos en materia de seguridad y educaci\u00f3n, rubros que eran de las principales demandas de las y los pobladores de la entidad y en los que hoy hay grandes avances.<\/p>\n<p>&#8220;Sabemos que los recursos son pocos pero las ganas de ayudar nos las han demostrado en diversas ocasiones, en los diversos rubros, gracias Gobernador&#8221; a\u00f1adi\u00f3 Garc\u00eda Dom\u00ednguez.<\/p>\n<p>En el marco del informe, Aureoles Conejo presidi\u00f3 la entrega de dos ambulancias m\u00e9dicas bien equipadas para el municipio, adem\u00e1s de una unidad policial que vendr\u00e1 a reforzar las acciones para mantener la paz en Huiramba.<\/p>\n<p>Asimismo, verific\u00f3 en compa\u00f1\u00eda de su Gabinete y el Presidente, la zona de la Presidencia Municipal que ser\u00e1 rehabilitada.<\/p>\n<p>En el informe estuvieron presentes V\u00edctor Silva Tejeda, diputado federal y presidente del Comit\u00e9 Directivo Estatal del PRI; Jos\u00e9 Noguez Salda\u00f1a, delegado de la Secretar\u00eda del Trabajo y Previsi\u00f3n Social; Juan Jos\u00e9 Barriga, delegado del INEA; los y las diputadas Xochitl Ru\u00edz Gonz\u00e1lez, Yarab\u00ed \u00c1vila Gonz\u00e1lez, Macarena Ch\u00e1vez Flores, Rosal\u00eda Miranda Ar\u00e9valo y Wilfrido L\u00e1zaro Medina; Marco Aurelio Nava Cervantes, coordinador General de Fiscal\u00edas Regionales.<\/p>\n<p>Asimismo acudieron Juan Bernardo Corona Mart\u00ednez, secretario de Seguridad P\u00fablica; Julieta L\u00f3pez Baustista, coordinadora general de Comunicaci\u00f3n Social; Alberto Frutis Sol\u00eds, secretario de Educaci\u00f3n; Carlos Alberto Paredes Correa, vocal Ejecutivo del Cedemun; Marco Antonio Lagunas, coordinador General de la Cocotra y Alberto Hern\u00e1ndez Ram\u00edrez, director general del Consejo Estatal para Prevenir y Eliminar la Discriminaci\u00f3n y la Violencia en el Estado y enlace estatal en Huiramba.<\/p>\n<p>&nbsp;<\/p>\n","protected":false},"excerpt":{"rendered":"<p>Acompa\u00f1a Gobernador Constitucional a Jos\u00e9 Humberto Garc\u00eda Dom\u00ednguez, presidente municipal de Huiramba a su Segundo informe de Gobierno. Asimismo entrega dos ambulancias m\u00e9dicas equipadas y una unidad policial para reforzar la seguridad en el municipio. &nbsp; Huiramba, Michoac\u00e1n, a 14 de agosto de 2017.- Si hay un estado donde se exprese tanto la pluralidad y [&hellip;]<\/p>\n","protected":false},"author":2,"featured_media":42100,"comment_status":"closed","ping_status":"closed","sticky":false,"template":"","format":"standard","meta":{"footnotes":""},"categories":[14,3,60],"tags":[],"class_list":["post-42097","post","type-post","status-publish","format-standard","has-post-thumbnail","hentry","category-destacadas","category-gobierno-del-estado-de-michoacan","category-michoacan"],"_links":{"self":[{"href":"https:\/\/radiowebmx.com\/nota\/wp-json\/wp\/v2\/posts\/42097","targetHints":{"allow":["GET"]}}],"collection":[{"href":"https:\/\/radiowebmx.com\/nota\/wp-json\/wp\/v2\/posts"}],"about":[{"href":"https:\/\/radiowebmx.com\/nota\/wp-json\/wp\/v2\/types\/post"}],"author":[{"embeddable":true,"href":"https:\/\/radiowebmx.com\/nota\/wp-json\/wp\/v2\/users\/2"}],"replies":[{"embeddable":true,"href":"https:\/\/radiowebmx.com\/nota\/wp-json\/wp\/v2\/comments?post=42097"}],"version-history":[{"count":1,"href":"https:\/\/radiowebmx.com\/nota\/wp-json\/wp\/v2\/posts\/42097\/revisions"}],"predecessor-version":[{"id":42103,"href":"https:\/\/radiowebmx.com\/nota\/wp-json\/wp\/v2\/posts\/42097\/revisions\/42103"}],"wp:featuredmedia":[{"embeddable":true,"href":"https:\/\/radiowebmx.com\/nota\/wp-json\/wp\/v2\/media\/42100"}],"wp:attachment":[{"href":"https:\/\/radiowebmx.com\/nota\/wp-json\/wp\/v2\/media?parent=42097"}],"wp:term":[{"taxonomy":"category","embeddable":true,"href":"https:\/\/radiowebmx.com\/nota\/wp-json\/wp\/v2\/categories?post=42097"},{"taxonomy":"post_tag","embeddable":true,"href":"https:\/\/radiowebmx.com\/nota\/wp-json\/wp\/v2\/tags?post=42097"}],"curies":[{"name":"wp","href":"https:\/\/api.w.org\/{rel}","templated":true}]}}