{"id":4209,"date":"2013-10-24T14:18:50","date_gmt":"2013-10-24T19:18:50","guid":{"rendered":"https:\/\/radiowebmx.com\/nota\/?p=4209"},"modified":"2013-11-06T12:26:44","modified_gmt":"2013-11-06T18:26:44","slug":"gobierno-del-estado-y-concejo-mayor-de-cheran-trabajan-en-conjunto-por-el-desarrollo-de-la-comunidad","status":"publish","type":"post","link":"https:\/\/radiowebmx.com\/nota\/gobierno-del-estado-y-concejo-mayor-de-cheran-trabajan-en-conjunto-por-el-desarrollo-de-la-comunidad\/","title":{"rendered":"GOBIERNO DEL ESTADO Y CONCEJO MAYOR DE CHER\u00c1N TRABAJAN EN CONJUNTO POR EL DESARROLLO DE LA COMUNIDAD"},"content":{"rendered":"<p>La Casa de las Artesan\u00edas del gobierno del estado (Casart) y la Comisi\u00f3n Nacional para el Desarrollo de los Pueblos Ind\u00edgenas (CDI), firmaron un Convenio de Colaboraci\u00f3n con el Concejo Mayor de Cher\u00e1n, mediante el cual se comprometen a coadyuvar en la instalaci\u00f3n del Taller de Artes en Madera en esta comunidad ind\u00edgena y que representa la uni\u00f3n de esfuerzos en beneficio de la poblaci\u00f3n.<\/p>\n<p>En este trabajo conjunto de los tres niveles de gobierno, la CDI aporta 500 mil pesos, la Casart participa con 320 mil 58 pesos y la comunidad otorga 339 mil pesos para lograr una inversi\u00f3n total de un mill\u00f3n 159 mil 58 pesos, que se utilizar\u00e1n en la obra civil y la compra de maquinaria e insumos necesarios para la operaci\u00f3n del taller.<\/p>\n<p>Este proyecto se enmarca en el Programa de Coordinaci\u00f3n para el Apoyo a la Producci\u00f3n Ind\u00edgena (PROCAPI), con el que el taller se montar\u00e1 en las instalaciones que ocupa el aserradero comunal y en \u00e9l trabajar\u00e1n 37 artesanos y carpinteros, organizados en un grupo de trabajo denominado &#8220;Artesanos Cher\u00e1n K&#8217;eri&#8221;.<\/p>\n<p>Rafael Paz Vega, director de la Casart, asegur\u00f3 que &#8220;este proyecto es un gran ejemplo para las dem\u00e1s comunidades, en el desarrollo de proyectos sustentables&#8221;, y reiter\u00f3 el compromiso del gobierno estatal de apoyarlos con capacitaci\u00f3n empresarial y organizaci\u00f3n institucional, por medio de la dependencia a su cargo, para hacer crecer este taller.<\/p>\n<p>En tanto que Rafael Mu\u00f1iz Cruz, delegado estatal de la CDI, destac\u00f3 que se trabaja en conjunto con la Casa de las Artesan\u00edas y las diversas comunidades para su desarrollo, brind\u00e1ndoles capacitaci\u00f3n constante. Adem\u00e1s, celebr\u00f3 que en esta comunidad prevalezca el inter\u00e9s com\u00fan del proyecto, sobre los intereses personales.<\/p>\n<p>Finalmente, el presidente del proyecto, Mauricio Rojas Sixtos, explic\u00f3 que con esto se busca abrir el mercado para la venta de muebles y artesan\u00edas, al tiempo que agradeci\u00f3 la apertura, el respaldo y la disponibilidad de las autoridades federales y estatales para con la comunidad de Cher\u00e1n.<\/p>\n<p>El taller no s\u00f3lo se abrir\u00e1 para la elaboraci\u00f3n de muebles y artesan\u00edas, sino que tambi\u00e9n fungir\u00e1 como escuela; as\u00ed, los j\u00f3venes de la comunidad podr\u00e1n seguir aprendiendo el arte en el manejo de la madera, y dar permanencia a sus tradiciones.<\/p>\n<p>En la firma del convenio tambi\u00e9n estuvieron presentes Gerson Neri Rodr\u00edguez Vargas, subdirector de la Casart; Ulises S\u00e1nchez P\u00e9rez, jefe de Capacitaci\u00f3n de la Casart; Antonio Dur\u00e1n Vel\u00e1zquez, integrante del Concejo Mayor de Gobierno de Cher\u00e1n; Josu\u00e9 Vel\u00e1zquez Vel\u00e1zquez, integrante del Consejo de los Bienes Comunales, as\u00ed como representantes del grupo de trabajo Artesanos Cher\u00e1n K&#8217;eri.<\/p>\n","protected":false},"excerpt":{"rendered":"<p>La Casa de las Artesan\u00edas del gobierno del estado (Casart) y la Comisi\u00f3n Nacional para el Desarrollo de los Pueblos Ind\u00edgenas (CDI), firmaron un Convenio de Colaboraci\u00f3n con el Concejo Mayor de Cher\u00e1n<\/p>\n","protected":false},"author":1,"featured_media":0,"comment_status":"open","ping_status":"open","sticky":false,"template":"","format":"standard","meta":{"footnotes":""},"categories":[3],"tags":[],"class_list":["post-4209","post","type-post","status-publish","format-standard","hentry","category-gobierno-del-estado-de-michoacan"],"_links":{"self":[{"href":"https:\/\/radiowebmx.com\/nota\/wp-json\/wp\/v2\/posts\/4209","targetHints":{"allow":["GET"]}}],"collection":[{"href":"https:\/\/radiowebmx.com\/nota\/wp-json\/wp\/v2\/posts"}],"about":[{"href":"https:\/\/radiowebmx.com\/nota\/wp-json\/wp\/v2\/types\/post"}],"author":[{"embeddable":true,"href":"https:\/\/radiowebmx.com\/nota\/wp-json\/wp\/v2\/users\/1"}],"replies":[{"embeddable":true,"href":"https:\/\/radiowebmx.com\/nota\/wp-json\/wp\/v2\/comments?post=4209"}],"version-history":[{"count":4,"href":"https:\/\/radiowebmx.com\/nota\/wp-json\/wp\/v2\/posts\/4209\/revisions"}],"predecessor-version":[{"id":4444,"href":"https:\/\/radiowebmx.com\/nota\/wp-json\/wp\/v2\/posts\/4209\/revisions\/4444"}],"wp:attachment":[{"href":"https:\/\/radiowebmx.com\/nota\/wp-json\/wp\/v2\/media?parent=4209"}],"wp:term":[{"taxonomy":"category","embeddable":true,"href":"https:\/\/radiowebmx.com\/nota\/wp-json\/wp\/v2\/categories?post=4209"},{"taxonomy":"post_tag","embeddable":true,"href":"https:\/\/radiowebmx.com\/nota\/wp-json\/wp\/v2\/tags?post=4209"}],"curies":[{"name":"wp","href":"https:\/\/api.w.org\/{rel}","templated":true}]}}