{"id":4205,"date":"2013-10-23T14:16:16","date_gmt":"2013-10-23T19:16:16","guid":{"rendered":"https:\/\/radiowebmx.com\/nota\/?p=4205"},"modified":"2013-10-23T14:16:16","modified_gmt":"2013-10-23T19:16:16","slug":"gobierno-del-estado-decidido-a-impulsar-el-talento-michoacano","status":"publish","type":"post","link":"https:\/\/radiowebmx.com\/nota\/gobierno-del-estado-decidido-a-impulsar-el-talento-michoacano\/","title":{"rendered":"GOBIERNO DEL ESTADO, DECIDIDO A IMPULSAR EL TALENTO MICHOACANO"},"content":{"rendered":"<p><a href=\"https:\/\/radiowebmx.com\/nota\/wp-content\/uploads\/2013\/10\/DSC_7839.jpg\"><img loading=\"lazy\" decoding=\"async\" class=\"alignleft size-full wp-image-4206\" alt=\"DSC_7839\" src=\"https:\/\/radiowebmx.com\/nota\/wp-content\/uploads\/2013\/10\/DSC_7839.jpg\" width=\"591\" height=\"252\" \/><\/a>Porque lo mejor de Michoac\u00e1n est\u00e1 en el esfuerzo y capacidad de su gente, el gobierno del estado est\u00e1 decidido a impulsar al talento de los j\u00f3venes michoacanos y respaldarlos en el desarrollo sus proyectos; afirm\u00f3 el gobernador Jes\u00fas Reyna Garc\u00eda.<\/p>\n<p>Al recibir a un grupo de j\u00f3venes estudiantes michoacanos, quienes acompa\u00f1ados de sus padres acudieron a solicitar el apoyo del gobierno estatal para culminar sus estudios de Medicina en Cuba, Reyna Garc\u00eda se comprometi\u00f3 a ayudarlos en medida de las posibilidades del gobierno que preside.<\/p>\n<p>En presencia del diputado local Marco Trejo Pureco y del coordinador de Comunicaci\u00f3n Social del estado, Julio Hern\u00e1ndez Granados, el gobernador Jes\u00fas Reyna celebr\u00f3 que varios de los alumnos recibieran el denominado \u201cT\u00edtulo de Oro\u201d, al ser los mejores promedios de su generaci\u00f3n, lo que motiva a refrendar el compromiso que desde un inicio se plante\u00f3 la actual administraci\u00f3n estatal, de estar al pendiente de los universitarios e impulsar el crecimiento de aquellos que se empe\u00f1an en estudiar e ir a perseguir sus sue\u00f1os.<\/p>\n<p>Cabe recordar que hace cerca de una d\u00e9cada, el gobierno de Cuba firm\u00f3 un convenio con M\u00e9xico para becar a alumnos a fin de que realicen sus estudios de Medicina en aquel pa\u00eds del Caribe.<\/p>\n<p>En pr\u00f3ximas fechas, cerca de un centenar de j\u00f3venes michoacanos regresar\u00e1n a su tierra natal a poner en pr\u00e1ctica lo aprendido en las escuelas cubanas, y aunque todos ellos son becados, solicitaron del apoyo del gobierno de Michoac\u00e1n para culminar sus tr\u00e1mites, cubrir sus gastos de traslado, entre otros.<\/p>\n","protected":false},"excerpt":{"rendered":"<p>Porque lo mejor de Michoac\u00e1n est\u00e1 en el esfuerzo y capacidad de su gente, el gobierno del estado est\u00e1 decidido a impulsar al talento de los j\u00f3venes michoacanos y respaldarlos en el desarrollo sus proyectos; afirm\u00f3 el gobernador Jes\u00fas Reyna Garc\u00eda.<\/p>\n","protected":false},"author":1,"featured_media":0,"comment_status":"open","ping_status":"open","sticky":false,"template":"","format":"standard","meta":{"footnotes":""},"categories":[14,3],"tags":[],"class_list":["post-4205","post","type-post","status-publish","format-standard","hentry","category-destacadas","category-gobierno-del-estado-de-michoacan"],"_links":{"self":[{"href":"https:\/\/radiowebmx.com\/nota\/wp-json\/wp\/v2\/posts\/4205","targetHints":{"allow":["GET"]}}],"collection":[{"href":"https:\/\/radiowebmx.com\/nota\/wp-json\/wp\/v2\/posts"}],"about":[{"href":"https:\/\/radiowebmx.com\/nota\/wp-json\/wp\/v2\/types\/post"}],"author":[{"embeddable":true,"href":"https:\/\/radiowebmx.com\/nota\/wp-json\/wp\/v2\/users\/1"}],"replies":[{"embeddable":true,"href":"https:\/\/radiowebmx.com\/nota\/wp-json\/wp\/v2\/comments?post=4205"}],"version-history":[{"count":2,"href":"https:\/\/radiowebmx.com\/nota\/wp-json\/wp\/v2\/posts\/4205\/revisions"}],"predecessor-version":[{"id":4208,"href":"https:\/\/radiowebmx.com\/nota\/wp-json\/wp\/v2\/posts\/4205\/revisions\/4208"}],"wp:attachment":[{"href":"https:\/\/radiowebmx.com\/nota\/wp-json\/wp\/v2\/media?parent=4205"}],"wp:term":[{"taxonomy":"category","embeddable":true,"href":"https:\/\/radiowebmx.com\/nota\/wp-json\/wp\/v2\/categories?post=4205"},{"taxonomy":"post_tag","embeddable":true,"href":"https:\/\/radiowebmx.com\/nota\/wp-json\/wp\/v2\/tags?post=4205"}],"curies":[{"name":"wp","href":"https:\/\/api.w.org\/{rel}","templated":true}]}}