{"id":42012,"date":"2017-08-12T17:54:26","date_gmt":"2017-08-12T22:54:26","guid":{"rendered":"https:\/\/radiowebmx.com\/nota\/?p=42012"},"modified":"2017-08-14T11:57:13","modified_gmt":"2017-08-14T16:57:13","slug":"sigala-reconoce-gran-participacion-ciudadana-en-historica-reforestacion-en-cuanajo","status":"publish","type":"post","link":"https:\/\/radiowebmx.com\/nota\/sigala-reconoce-gran-participacion-ciudadana-en-historica-reforestacion-en-cuanajo\/","title":{"rendered":"Sigala reconoce gran participaci\u00f3n ciudadana en hist\u00f3rica reforestaci\u00f3n en Cuanajo"},"content":{"rendered":"<p><a href=\"https:\/\/radiowebmx.com\/nota\/wp-content\/uploads\/2017\/08\/20170811204038_IMG_0465.jpg\"><img loading=\"lazy\" decoding=\"async\" class=\"alignnone size-medium wp-image-42014\" src=\"https:\/\/radiowebmx.com\/nota\/wp-content\/uploads\/2017\/08\/20170811204038_IMG_0465-595x396.jpg\" alt=\"\" width=\"595\" height=\"396\" srcset=\"https:\/\/radiowebmx.com\/nota\/wp-content\/uploads\/2017\/08\/20170811204038_IMG_0465-595x396.jpg 595w, https:\/\/radiowebmx.com\/nota\/wp-content\/uploads\/2017\/08\/20170811204038_IMG_0465-272x182.jpg 272w, https:\/\/radiowebmx.com\/nota\/wp-content\/uploads\/2017\/08\/20170811204038_IMG_0465.jpg 709w\" sizes=\"auto, (max-width: 595px) 100vw, 595px\" \/><\/a><\/p>\n<p>&nbsp;<\/p>\n<p><strong>Cuanajo; P\u00e1tzcuaro, Michoac\u00e1n, 12 de agosto de 2017.-<\/strong>\u00a0\u00a0Tras reconocer la gran participaci\u00f3n de la ciudadan\u00eda en la jornada hist\u00f3rica de reforestaci\u00f3n que se realiz\u00f3 este d\u00eda en Cuanajo, el Presidente de la Mesa Directiva de la LXXIII Legislatura Local, Pascual Sigala P\u00e1ez, convoc\u00f3 a todos los sectores de la sociedad y autoridades a trabajar coordinados en la protecci\u00f3n y conservaci\u00f3n de los bosques en Michoac\u00e1n y record\u00f3 que el estado a nivel nacional se encuentra en los primeros lugares en cuanto a los incendios forestales y en este a\u00f1o,\u00a0 se han afectado m\u00e1s de 10 mil hect\u00e1reas.<\/p>\n<p>Al celebrar la gran respuesta de la poblaci\u00f3n de Cuanajo y de zonas aleda\u00f1as que participaron en la jornada de reforestaci\u00f3n en la que se plantaron 120 mil \u00e1rboles, el diputado local llam\u00f3 a continuar participando en este tipo de acciones a la poblaci\u00f3n y los invit\u00f3 a asistir a la reforestaci\u00f3n de Un \u00c1rbol por la Vida que se realizar\u00e1 este domingo a las siete de la ma\u00f1ana en la tenencia de Tac\u00edcuaro en Morelia.<\/p>\n<p>Aunado a estas acciones, Pascual Sigala enfatiz\u00f3 que es indispensable reforzar las medidas preventivas en protecci\u00f3n de los bosques, como lo es disminuir los incendios forestales, en donde a\u00f1o con a\u00f1o, se reporta la p\u00e9rdida de miles de hect\u00e1reas,\u00a0 y en donde en muchos casos, los mismos son provocados por la mano del hombre.<\/p>\n<p>Por ello, llam\u00f3 a fortalecer la cultura de la protecci\u00f3n de los recursos, y garantizar la supervivencia de los 120 mil \u00e1rboles que este s\u00e1bado se plantaron en la comunidad de Cuanajo, y record\u00f3 que en el 2016 de los 100 mil plantados sobrevivi\u00f3 un 70 por ciento, lo cual demuestra que cuando se trabaja de manera coordinada autoridad y ciudadanos se logran los objetivos.<\/p>\n<p>El Presidente de la Mesa Directiva en la LXXIII Legislatura Local, puntualiz\u00f3 que en el pa\u00eds al a\u00f1o se reporta la perdida de 600 mil hect\u00e1reas de bosques y en el caso de Michoac\u00e1n, \u00a050 mil hect\u00e1reas de bosques, lo cual es muy grave y por lo que es necesario que las campa\u00f1as de reforestaci\u00f3n y de protecci\u00f3n cada d\u00eda se fortalezcan m\u00e1s.<\/p>\n<p>Michoac\u00e1n cuenta con una superficie total de casi seis millones de hect\u00e1reas, de las cuales alrededor de 4.2 millones corresponden a superficie forestal y en la d\u00e9cada de los 70, Michoac\u00e1n contaba con 1.4 millones de hect\u00e1reas de bosque cerrado; para los 90 dicha superficie se hab\u00eda reducido a 480 mil hect\u00e1reas de bosque cerrado y 400 mil hect\u00e1reas de bosque abierto.<\/p>\n<p>En ese sentido, una de las causas que m\u00e1s ha afectado a la perdida de bosques, a\u00f1adi\u00f3, \u201cel cambio de uso de suelo e incendios \u00a0y la tala, principalmente, por lo que debemos seguir luchando para protegerlos\u201d.<\/p>\n<p>Record\u00f3 que en M\u00e9xico, la deforestaci\u00f3n y degradaci\u00f3n de ecosistemas forestales han sido continuas en los \u00faltimos 40 a\u00f1os, con una p\u00e9rdida anual estimada de aproximadamente 700 mil hect\u00e1reas.<\/p>\n<p>\u201cNosotros podamos detener la p\u00e9rdida\u00a0 de los recursos naturales, en especial el de los bosques, como lo que hoy estamos haciendo aqu\u00ed para reforestar y recuperar los bosques de Cuanajo, la cual debe replicarse en todo el estado, y los invit\u00f3 a todos a sumarse en estas acciones que en lo personal vengo realizando desde el 2003 en Michoac\u00e1n\u201d.<\/p>\n","protected":false},"excerpt":{"rendered":"<p>&nbsp; Cuanajo; P\u00e1tzcuaro, Michoac\u00e1n, 12 de agosto de 2017.-\u00a0\u00a0Tras reconocer la gran participaci\u00f3n de la ciudadan\u00eda en la jornada hist\u00f3rica de reforestaci\u00f3n que se realiz\u00f3 este d\u00eda en Cuanajo, el Presidente de la Mesa Directiva de la LXXIII Legislatura Local, Pascual Sigala P\u00e1ez, convoc\u00f3 a todos los sectores de la sociedad y autoridades a trabajar [&hellip;]<\/p>\n","protected":false},"author":2,"featured_media":42013,"comment_status":"closed","ping_status":"closed","sticky":false,"template":"","format":"standard","meta":{"footnotes":""},"categories":[6,14],"tags":[],"class_list":["post-42012","post","type-post","status-publish","format-standard","has-post-thumbnail","hentry","category-congreso-del-estado","category-destacadas"],"_links":{"self":[{"href":"https:\/\/radiowebmx.com\/nota\/wp-json\/wp\/v2\/posts\/42012","targetHints":{"allow":["GET"]}}],"collection":[{"href":"https:\/\/radiowebmx.com\/nota\/wp-json\/wp\/v2\/posts"}],"about":[{"href":"https:\/\/radiowebmx.com\/nota\/wp-json\/wp\/v2\/types\/post"}],"author":[{"embeddable":true,"href":"https:\/\/radiowebmx.com\/nota\/wp-json\/wp\/v2\/users\/2"}],"replies":[{"embeddable":true,"href":"https:\/\/radiowebmx.com\/nota\/wp-json\/wp\/v2\/comments?post=42012"}],"version-history":[{"count":1,"href":"https:\/\/radiowebmx.com\/nota\/wp-json\/wp\/v2\/posts\/42012\/revisions"}],"predecessor-version":[{"id":42015,"href":"https:\/\/radiowebmx.com\/nota\/wp-json\/wp\/v2\/posts\/42012\/revisions\/42015"}],"wp:featuredmedia":[{"embeddable":true,"href":"https:\/\/radiowebmx.com\/nota\/wp-json\/wp\/v2\/media\/42013"}],"wp:attachment":[{"href":"https:\/\/radiowebmx.com\/nota\/wp-json\/wp\/v2\/media?parent=42012"}],"wp:term":[{"taxonomy":"category","embeddable":true,"href":"https:\/\/radiowebmx.com\/nota\/wp-json\/wp\/v2\/categories?post=42012"},{"taxonomy":"post_tag","embeddable":true,"href":"https:\/\/radiowebmx.com\/nota\/wp-json\/wp\/v2\/tags?post=42012"}],"curies":[{"name":"wp","href":"https:\/\/api.w.org\/{rel}","templated":true}]}}