{"id":4201,"date":"2013-10-23T14:11:37","date_gmt":"2013-10-23T19:11:37","guid":{"rendered":"https:\/\/radiowebmx.com\/nota\/?p=4201"},"modified":"2013-10-23T14:11:37","modified_gmt":"2013-10-23T19:11:37","slug":"michoacan-un-pueblo-de-libertad-justicia-y-legitima-felicidad-jorge-carlos-ramirez","status":"publish","type":"post","link":"https:\/\/radiowebmx.com\/nota\/michoacan-un-pueblo-de-libertad-justicia-y-legitima-felicidad-jorge-carlos-ramirez\/","title":{"rendered":"MICHOAC\u00c1N, UN PUEBLO DE LIBERTAD, JUSTICIA Y LEG\u00cdTIMA FELICIDAD: JORGE CARLOS RAM\u00cdREZ"},"content":{"rendered":"<p><a href=\"https:\/\/radiowebmx.com\/nota\/wp-content\/uploads\/2013\/10\/DSC_1567.jpg\"><img loading=\"lazy\" decoding=\"async\" class=\"alignleft size-full wp-image-4202\" alt=\"DSC_1567\" src=\"https:\/\/radiowebmx.com\/nota\/wp-content\/uploads\/2013\/10\/DSC_1567.jpg\" width=\"591\" height=\"267\" \/><\/a>Hace 199 a\u00f1os el mundo entero volte\u00f3 hacia Michoac\u00e1n a mirar a los hombres que se atrev\u00edan a desafiar el <i>status quo<\/i> y a decir que pod\u00edan abolir la esclavitud, crear un nuevo gobierno y aspirar a la felicidad. Cuando el Decreto de Apatzing\u00e1n cumpla 200 a\u00f1os, los hombres y mujeres de Michoac\u00e1n habr\u00e1n logrado otra vez que el mundo los mire y admirados vean que este es un pueblo de libertad, justicia y, por supuesto de leg\u00edtima felicidad.<\/p>\n<p>Asegur\u00f3 Jorge Carlos Ram\u00edrez Mar\u00edn, secretario de Desarrollo Agrario, Territorial y Urbano federal (SEDATU), al fungir como orador oficial en la Sesi\u00f3n Solemne del Congreso del Estado, en la que se record\u00f3 aquel 22 de octubre de 1814 cuando los constituyentes de Apatzing\u00e1n fincaron las bases para el establecimiento de la Naci\u00f3n Mexicana; acto que tambi\u00e9n fue presidido por el gobernador Jes\u00fas Reyna Garc\u00eda.<\/p>\n<p>Ram\u00edrez Mar\u00edn expres\u00f3: \u201chan pasado casi 200 a\u00f1os desde la expedici\u00f3n del Decreto Constitucional para la Libertad de la Am\u00e9rica Mexicana, documento esencial para los mexicanos que nos reitera nuestra raz\u00f3n de ser michoacanos y mexicanos, de tener apego por los lugares que nos vieron no s\u00f3lo nacer, sino que nos dieron a ejercer plenas facultades nuestros derechos y libertades\u201d.<\/p>\n<p>Ante el pleno de la C\u00e1mara de Diputados, el orador manifest\u00f3 que son dos los ejes sobre los cuales gira, indiscutiblemente, la historia: la libertad y la justicia. \u201cHace 199 a\u00f1os, Michoac\u00e1n fue el v\u00e9rtice de estos dos ejes, girando centr\u00edfugamente de un punto hist\u00f3rico que la geograf\u00eda precis\u00f3 aqu\u00ed en esta tierra\u201d.<\/p>\n<p>Desde aqu\u00ed tenemos la obligaci\u00f3n de dar vigencia a los postulados de este decreto porque soberan\u00eda, libertad, derecho a aspirar a la leg\u00edtima felicidad a trav\u00e9s de los propios esfuerzos de cada quien, siguen siendo principios inalterables de cualquier acci\u00f3n de gobierno porque los ciudadanos -en la b\u00fasqueda diaria de su propia felicidad- son los que siguen extendiendo los caminos de la libertad y la justicia.<\/p>\n<p>Ram\u00edrez Mar\u00edn estableci\u00f3 que es deber de los gobiernos crear condiciones para que esa expresi\u00f3n axiol\u00f3gica sea tan amplia y colectiva, sobre todo,\u00a0 tan duradera como sea posible.<\/p>\n<p>Previamente, el diputado Uriel L\u00f3pez Paredes, al hablar a nombre del Congreso del Estado, hizo una referencia hist\u00f3rica sobre los postulados del documento emitido por el Congreso Constituyente de Apatzing\u00e1n.<\/p>\n<p>&nbsp;<\/p>\n","protected":false},"excerpt":{"rendered":"<p>Hace 199 a\u00f1os el mundo entero volte\u00f3 hacia Michoac\u00e1n a mirar a los hombres que se atrev\u00edan a desafiar el status quo y a decir que pod\u00edan abolir la esclavitud, crear un nuevo gobierno y aspirar a la felicidad.<\/p>\n","protected":false},"author":1,"featured_media":0,"comment_status":"open","ping_status":"open","sticky":false,"template":"","format":"standard","meta":{"footnotes":""},"categories":[14,3],"tags":[],"class_list":["post-4201","post","type-post","status-publish","format-standard","hentry","category-destacadas","category-gobierno-del-estado-de-michoacan"],"_links":{"self":[{"href":"https:\/\/radiowebmx.com\/nota\/wp-json\/wp\/v2\/posts\/4201","targetHints":{"allow":["GET"]}}],"collection":[{"href":"https:\/\/radiowebmx.com\/nota\/wp-json\/wp\/v2\/posts"}],"about":[{"href":"https:\/\/radiowebmx.com\/nota\/wp-json\/wp\/v2\/types\/post"}],"author":[{"embeddable":true,"href":"https:\/\/radiowebmx.com\/nota\/wp-json\/wp\/v2\/users\/1"}],"replies":[{"embeddable":true,"href":"https:\/\/radiowebmx.com\/nota\/wp-json\/wp\/v2\/comments?post=4201"}],"version-history":[{"count":2,"href":"https:\/\/radiowebmx.com\/nota\/wp-json\/wp\/v2\/posts\/4201\/revisions"}],"predecessor-version":[{"id":4204,"href":"https:\/\/radiowebmx.com\/nota\/wp-json\/wp\/v2\/posts\/4201\/revisions\/4204"}],"wp:attachment":[{"href":"https:\/\/radiowebmx.com\/nota\/wp-json\/wp\/v2\/media?parent=4201"}],"wp:term":[{"taxonomy":"category","embeddable":true,"href":"https:\/\/radiowebmx.com\/nota\/wp-json\/wp\/v2\/categories?post=4201"},{"taxonomy":"post_tag","embeddable":true,"href":"https:\/\/radiowebmx.com\/nota\/wp-json\/wp\/v2\/tags?post=4201"}],"curies":[{"name":"wp","href":"https:\/\/api.w.org\/{rel}","templated":true}]}}