{"id":4198,"date":"2013-10-23T14:08:08","date_gmt":"2013-10-23T19:08:08","guid":{"rendered":"https:\/\/radiowebmx.com\/nota\/?p=4198"},"modified":"2013-10-23T14:08:08","modified_gmt":"2013-10-23T19:08:08","slug":"mas-de-300-nadadores-en-la-primera-copa-infantil-de-natacion-nuevos-valores-cecufid-2013","status":"publish","type":"post","link":"https:\/\/radiowebmx.com\/nota\/mas-de-300-nadadores-en-la-primera-copa-infantil-de-natacion-nuevos-valores-cecufid-2013\/","title":{"rendered":"M\u00c1S DE 300 NADADORES EN LA PRIMERA COPA INFANTIL DE NATACI\u00d3N \u201cNUEVOS VALORES CECUFID 2013\u201d"},"content":{"rendered":"<p><a href=\"https:\/\/radiowebmx.com\/nota\/wp-content\/uploads\/2013\/10\/Presentaci\u00f3n-Campeonato-Infantil-de-Natacion.jpg\"><img loading=\"lazy\" decoding=\"async\" class=\"alignleft size-full wp-image-4199\" alt=\"Presentaci\u00f3n Campeonato Infantil de Natacion\" src=\"https:\/\/radiowebmx.com\/nota\/wp-content\/uploads\/2013\/10\/Presentaci\u00f3n-Campeonato-Infantil-de-Natacion.jpg\" width=\"591\" height=\"292\" \/><\/a>La Comisi\u00f3n Estatal de Cultura F\u00edsica y Deporte, con el fin de promocionar e impulsar la pr\u00e1ctica del deporte entre la poblaci\u00f3n michoacana, celebrar\u00e1 este pr\u00f3ximo viernes a partir de las 16:00 horas en la alberca semiol\u00edmpica de la Cecufid, el primer Campeonato Infantil de Nataci\u00f3n \u201cNuevos Valores Cecufid 2013\u201d, competencia en la que se espera la participaci\u00f3n de m\u00e1s de 300 ni\u00f1os y ni\u00f1as con edades entre los 7 a los 12 a\u00f1os.<\/p>\n<p>&nbsp;<\/p>\n<p>Rivelino V\u00e1zquez Ponce, titular del Departamento del Deporte Social de la Cecufid, junto con Augusto Fraga Salinas, coordinador de Actividades Acu\u00e1ticas, inform\u00f3 que el campeonato ser\u00e1 exclusivo para infantes, con el \u00fanico prop\u00f3sito de detectar nuevos valores y promover m\u00e1s la nataci\u00f3n a nivel competitivo.<\/p>\n<p>&nbsp;<\/p>\n<p>\u201cTenemos una gran respuesta de ni\u00f1as y ni\u00f1os que a diario toman clases de nataci\u00f3n en las dos albercas que tenemos; tanto en la alberca semiol\u00edmpica de la Cecufid, como en la alberca del Complejo Acu\u00e1tico Aquiles Serd\u00e1n y por eso, tenemos un gran semillero que queremos aprovechar. Este primer campeonato infantil es para detectar futuros talentos y que sean los pr\u00f3ximos representantes de Michoac\u00e1n en competencias nacionales\u201d, asegur\u00f3 Augusto Fraga.<\/p>\n<p>&nbsp;<\/p>\n<p>Detall\u00f3 que la competencia se realizar\u00e1 \u00fanicamente el pr\u00f3ximo viernes a partir de las 16:00 horas en la alberca semiol\u00edmpica de la Cecufid a partir de las 16:00 horas.<\/p>\n<p>&nbsp;<\/p>\n<p>Las categor\u00edas que participar\u00e1n ser\u00e1n: Junior, de los 7 a 8 a\u00f1os; Infantil \u201cA\u201d, de los 9 a 10 a\u00f1os; e Infantil \u201cB\u201d, de 11 a 12 a\u00f1os, tanto en la rama femenil como varonil en las pruebas de 25 metros libres y 25 metros dorso.<\/p>\n<p>&nbsp;<\/p>\n<p>Rivelino V\u00e1zquez Ponce, coment\u00f3 que todas las pruebas tendr\u00e1n un car\u00e1cter motivacional para todos los nadadores, ya que habr\u00e1 registro de tiempos en donde los mejores ser\u00e1n invitados a formar parte de la Escuela de Nataci\u00f3n de Talentos Deportivos de la Cecufid.<\/p>\n<p>&nbsp;<\/p>\n<p>Afirm\u00f3 que en la cita esperan la participaci\u00f3n de un estimado de 300 sirenas y tritones, pues han hecho extensiva la invitaci\u00f3n a clubes y otras albercas de la capital michoacana.<\/p>\n<p>&nbsp;<\/p>\n<p>&nbsp;<\/p>\n<p>&nbsp;<\/p>\n<p>Dijo que se otorgar\u00e1n medalla conmemorativa y diplomas a los tres primeros lugares de cada prueba, rama y categor\u00eda.<\/p>\n<p>&nbsp;<\/p>\n<p>&nbsp;<\/p>\n<p>&nbsp;<\/p>\n","protected":false},"excerpt":{"rendered":"<p>La Comisi\u00f3n Estatal de Cultura F\u00edsica y Deporte, con el fin de promocionar e impulsar la pr\u00e1ctica del deporte entre la poblaci\u00f3n michoacana, celebrar\u00e1 este pr\u00f3ximo viernes a partir de las 16:00 horas en la alberca semiol\u00edmpica de la Cecufid<\/p>\n","protected":false},"author":1,"featured_media":0,"comment_status":"open","ping_status":"open","sticky":false,"template":"","format":"standard","meta":{"footnotes":""},"categories":[14,3],"tags":[],"class_list":["post-4198","post","type-post","status-publish","format-standard","hentry","category-destacadas","category-gobierno-del-estado-de-michoacan"],"_links":{"self":[{"href":"https:\/\/radiowebmx.com\/nota\/wp-json\/wp\/v2\/posts\/4198","targetHints":{"allow":["GET"]}}],"collection":[{"href":"https:\/\/radiowebmx.com\/nota\/wp-json\/wp\/v2\/posts"}],"about":[{"href":"https:\/\/radiowebmx.com\/nota\/wp-json\/wp\/v2\/types\/post"}],"author":[{"embeddable":true,"href":"https:\/\/radiowebmx.com\/nota\/wp-json\/wp\/v2\/users\/1"}],"replies":[{"embeddable":true,"href":"https:\/\/radiowebmx.com\/nota\/wp-json\/wp\/v2\/comments?post=4198"}],"version-history":[{"count":1,"href":"https:\/\/radiowebmx.com\/nota\/wp-json\/wp\/v2\/posts\/4198\/revisions"}],"predecessor-version":[{"id":4200,"href":"https:\/\/radiowebmx.com\/nota\/wp-json\/wp\/v2\/posts\/4198\/revisions\/4200"}],"wp:attachment":[{"href":"https:\/\/radiowebmx.com\/nota\/wp-json\/wp\/v2\/media?parent=4198"}],"wp:term":[{"taxonomy":"category","embeddable":true,"href":"https:\/\/radiowebmx.com\/nota\/wp-json\/wp\/v2\/categories?post=4198"},{"taxonomy":"post_tag","embeddable":true,"href":"https:\/\/radiowebmx.com\/nota\/wp-json\/wp\/v2\/tags?post=4198"}],"curies":[{"name":"wp","href":"https:\/\/api.w.org\/{rel}","templated":true}]}}