{"id":4195,"date":"2013-10-23T14:03:45","date_gmt":"2013-10-23T19:03:45","guid":{"rendered":"https:\/\/radiowebmx.com\/nota\/?p=4195"},"modified":"2013-10-23T14:03:45","modified_gmt":"2013-10-23T19:03:45","slug":"dif-estatal-reapertura-unidad-dental-en-nocupetaro","status":"publish","type":"post","link":"https:\/\/radiowebmx.com\/nota\/dif-estatal-reapertura-unidad-dental-en-nocupetaro\/","title":{"rendered":"DIF ESTATAL REAPERTURA UNIDAD DENTAL EN NOCUP\u00c9TARO"},"content":{"rendered":"<p><a href=\"https:\/\/radiowebmx.com\/nota\/wp-content\/uploads\/2013\/10\/DSC7971.jpg\"><img loading=\"lazy\" decoding=\"async\" class=\"alignleft size-full wp-image-4196\" alt=\"_DSC7971\" src=\"https:\/\/radiowebmx.com\/nota\/wp-content\/uploads\/2013\/10\/DSC7971.jpg\" width=\"591\" height=\"342\" \/><\/a>El Sistema para el Desarrollo Integral de la Familia (DIF) Michoac\u00e1n, dirigido por Nelly Sastr\u00e9 Gasca, a trav\u00e9s del departamento de Proyectos Interinstitucionales, realiz\u00f3 la reapertura de la Unidad Dental del municipio de Nocup\u00e9taro, la cual se moderniz\u00f3 para atender diariamente al menos a una decena de personas de la regi\u00f3n.<\/p>\n<p>La Directora de Asistencia e Inclusi\u00f3n Social, Tzitlali Montejano Monroy, explic\u00f3 que en la actual administraci\u00f3n estatal se ha hecho un recorrido por los municipios que han solicitado una unidad dental a trav\u00e9s de los DIF Municipales, para detectar las necesidades y apoyar la apertura y acondicionamiento de los centros que prestan el servicio.<\/p>\n<p>En presencia del presidente municipal de Nocup\u00e9taro, Gonzalo Mares G\u00f3mez, la titular de la direcci\u00f3n de Asistencia e Inclusi\u00f3n Social, devel\u00f3 la placa conmemorativa y acord\u00f3 continuar con los trabajos entre el estado y el municipio, con la finalidad de dar atenci\u00f3n a las personas en situaci\u00f3n vulnerable.<\/p>\n<p>Con la reapertura de la unidad dental en el municipio de Nocup\u00e9taro, son 63 los centros que se encuentran trabajando activamente en municipios como: Zacapu, La Piedad, Zamora, Jacona, L\u00e1zaro C\u00e1rdenas, entre otros.<\/p>\n<p>Cabe mencionar que la unidad dental fue instalada en el recinto de la Unidad B\u00e1sica de Rehabilitaci\u00f3n, donde adem\u00e1s se lleva a cabo la jornada preventiva de salud, y se realizan tomas de glucosa, de presi\u00f3n arterial, revisi\u00f3n bucal y detecci\u00f3n de c\u00e1ncer de mama, as\u00ed como juegos l\u00fadicos para ni\u00f1os con tem\u00e1ticas de salud.<\/p>\n<p>Tzitlali Montejano Monroy, afirm\u00f3 que la participaci\u00f3n y visita de las autoridades estatales en los municipios ser\u00e1 constante y muestra de ello, fue la inversi\u00f3n de 70 mil pesos que se hizo en esta ocasi\u00f3n para reactivar la unidad dental.<\/p>\n<p>Finalmente, las autoridades presentes hicieron un recorrido por las instalaciones y previeron la asistencia de una gran cantidad de personas, debido a que la unidad estar\u00e1 en posibilidades de ofrecer m\u00e1s servicios con la modernizaci\u00f3n que se le realiz\u00f3.<\/p>\n","protected":false},"excerpt":{"rendered":"<p>El Sistema para el Desarrollo Integral de la Familia (DIF) Michoac\u00e1n, dirigido por Nelly Sastr\u00e9 Gasca, a trav\u00e9s del departamento de Proyectos Interinstitucionales, realiz\u00f3 la reapertura de la Unidad Dental del municipio de Nocup\u00e9taro<\/p>\n","protected":false},"author":1,"featured_media":0,"comment_status":"open","ping_status":"open","sticky":false,"template":"","format":"standard","meta":{"footnotes":""},"categories":[14,3],"tags":[],"class_list":["post-4195","post","type-post","status-publish","format-standard","hentry","category-destacadas","category-gobierno-del-estado-de-michoacan"],"_links":{"self":[{"href":"https:\/\/radiowebmx.com\/nota\/wp-json\/wp\/v2\/posts\/4195","targetHints":{"allow":["GET"]}}],"collection":[{"href":"https:\/\/radiowebmx.com\/nota\/wp-json\/wp\/v2\/posts"}],"about":[{"href":"https:\/\/radiowebmx.com\/nota\/wp-json\/wp\/v2\/types\/post"}],"author":[{"embeddable":true,"href":"https:\/\/radiowebmx.com\/nota\/wp-json\/wp\/v2\/users\/1"}],"replies":[{"embeddable":true,"href":"https:\/\/radiowebmx.com\/nota\/wp-json\/wp\/v2\/comments?post=4195"}],"version-history":[{"count":1,"href":"https:\/\/radiowebmx.com\/nota\/wp-json\/wp\/v2\/posts\/4195\/revisions"}],"predecessor-version":[{"id":4197,"href":"https:\/\/radiowebmx.com\/nota\/wp-json\/wp\/v2\/posts\/4195\/revisions\/4197"}],"wp:attachment":[{"href":"https:\/\/radiowebmx.com\/nota\/wp-json\/wp\/v2\/media?parent=4195"}],"wp:term":[{"taxonomy":"category","embeddable":true,"href":"https:\/\/radiowebmx.com\/nota\/wp-json\/wp\/v2\/categories?post=4195"},{"taxonomy":"post_tag","embeddable":true,"href":"https:\/\/radiowebmx.com\/nota\/wp-json\/wp\/v2\/tags?post=4195"}],"curies":[{"name":"wp","href":"https:\/\/api.w.org\/{rel}","templated":true}]}}