{"id":41948,"date":"2017-08-11T15:00:26","date_gmt":"2017-08-11T20:00:26","guid":{"rendered":"https:\/\/radiowebmx.com\/nota\/?p=41948"},"modified":"2017-08-11T15:00:26","modified_gmt":"2017-08-11T20:00:26","slug":"emprende-alfonso-martinez-obras-de-gran-calado-en-todas-las-zonas-de-morelia","status":"publish","type":"post","link":"https:\/\/radiowebmx.com\/nota\/emprende-alfonso-martinez-obras-de-gran-calado-en-todas-las-zonas-de-morelia\/","title":{"rendered":"Emprende Alfonso Mart\u00ednez obras de gran calado en todas las zonas de Morelia"},"content":{"rendered":"<p><a href=\"https:\/\/radiowebmx.com\/nota\/wp-content\/uploads\/2017\/08\/63616252-54ba-4bb5-8271-3c6180eaf6ce.jpeg\"><img loading=\"lazy\" decoding=\"async\" class=\"alignnone  wp-image-41950\" src=\"https:\/\/radiowebmx.com\/nota\/wp-content\/uploads\/2017\/08\/63616252-54ba-4bb5-8271-3c6180eaf6ce-595x396.jpeg\" alt=\"\" width=\"400\" height=\"266\" srcset=\"https:\/\/radiowebmx.com\/nota\/wp-content\/uploads\/2017\/08\/63616252-54ba-4bb5-8271-3c6180eaf6ce-595x396.jpeg 595w, https:\/\/radiowebmx.com\/nota\/wp-content\/uploads\/2017\/08\/63616252-54ba-4bb5-8271-3c6180eaf6ce-272x182.jpeg 272w, https:\/\/radiowebmx.com\/nota\/wp-content\/uploads\/2017\/08\/63616252-54ba-4bb5-8271-3c6180eaf6ce.jpeg 709w\" sizes=\"auto, (max-width: 400px) 100vw, 400px\" \/><\/a><\/p>\n<p>&nbsp;<\/p>\n<ul>\n<li><strong>El Presidente Municipal encabez\u00f3 el recorrido de supervisi\u00f3n de obra de la pavimentaci\u00f3n en la avenida Flor del Durazno.<\/strong><\/li>\n<\/ul>\n<div>En tan solo dos a\u00f1os de Gobierno, el Alcalde, Alfonso Mart\u00ednez Alc\u00e1zar ha impulsado una cantidad sin precedente de obras con miras a sentar las bases de un notable desarrollo urbano en la capital michoacana, basado en una visi\u00f3n incluyente que beneficie sin distingos a todos los morelianos.<\/p>\n<p>En este tenor, el Jefe de la Comuna Moreliana supervis\u00f3 la obra de pavimentaci\u00f3n de la calle Camino del A\u00f1il, tambi\u00e9n conocida popularmente como Avenida Flor del Durazno, de la colonia el Durazno en la Tenencia de Santa Mar\u00eda, en la cual se han colocado 700 metros lineales de concreto en la importante arteria que, una vez concluida, supondr\u00e1 una \u00fatil conexi\u00f3n entre la avenida Amalia Sol\u00f3rzano y la Tenencia de Santa Mar\u00eda.<\/p>\n<p>Al respecto, Alfonso Mart\u00ednez hizo \u00e9nfasis en el empe\u00f1o que est\u00e1 poniendo su Administraci\u00f3n por renovar de manera notable arterias que carec\u00edan de pavimentaci\u00f3n, y convertirlas en referente de modernidad urbana, siempre pensada para peatones y automovilistas.<\/p>\n<p>\u201cEsta avenida que es muy transitada era una terracer\u00eda de grava con chapopote que no era una carpeta asf\u00e1ltica, y por ende estamos presentando una obra integral que no representa solamente la construcci\u00f3n de la vialidad, sino que tambi\u00e9n incluye concreto hidr\u00e1ulico, colector de aguas pluviales, reparaci\u00f3n de drenajes en toda la avenida, red de agua potable, banquetas y rampas para personas con discapacidad, detall\u00f3.<\/p>\n<p>Anunci\u00f3 adem\u00e1s que el arroyo de Santa Mar\u00eda que pasa por la zona y que sirve de drenaje para todas las colonias aleda\u00f1as al Durazno, ser\u00e1 entubado en un proyecto que iniciar\u00e1 aproximadamente en un mes con un costo de 12 millones de pesos.<\/p>\n<p>Por su parte, el Secretario de Desarrollo Metropolitano e Infraestructura, Juan Fernando Sosa Tapia, dijo que la pavimentaci\u00f3n de esta avenida comprende una inversi\u00f3n de 7.2 millones de pesos y se espera sea concluida en un lapso no mayor a tres semanas.<\/p>\n<p>Record\u00f3 que esta obra se encuentra en el proceso de construcci\u00f3n, raz\u00f3n por la cual se dar\u00e1 tambi\u00e9n mantenimiento a las luminarias y los postes de la arteria, ya que se trata de un proyecto de mejoramiento integral de la zona instruido por el Presidente Municipal, Alfonso Mart\u00ednez Alc\u00e1zar.<\/p>\n<p>Con ello, el Gobierno Municipal refrenda su compromiso de brindar a la ciudadan\u00eda obras de calidad, que abonen a la modernizaci\u00f3n urbana y vial, mejorando la calidad de vida de los morelianos.<\/p><\/div>\n","protected":false},"excerpt":{"rendered":"<p>&nbsp; El Presidente Municipal encabez\u00f3 el recorrido de supervisi\u00f3n de obra de la pavimentaci\u00f3n en la avenida Flor del Durazno. En tan solo dos a\u00f1os de Gobierno, el Alcalde, Alfonso Mart\u00ednez Alc\u00e1zar ha impulsado una cantidad sin precedente de obras con miras a sentar las bases de un notable desarrollo urbano en la capital michoacana, [&hellip;]<\/p>\n","protected":false},"author":2,"featured_media":41949,"comment_status":"closed","ping_status":"closed","sticky":false,"template":"","format":"standard","meta":{"footnotes":""},"categories":[14,60,9],"tags":[],"class_list":["post-41948","post","type-post","status-publish","format-standard","has-post-thumbnail","hentry","category-destacadas","category-michoacan","category-morelia"],"_links":{"self":[{"href":"https:\/\/radiowebmx.com\/nota\/wp-json\/wp\/v2\/posts\/41948","targetHints":{"allow":["GET"]}}],"collection":[{"href":"https:\/\/radiowebmx.com\/nota\/wp-json\/wp\/v2\/posts"}],"about":[{"href":"https:\/\/radiowebmx.com\/nota\/wp-json\/wp\/v2\/types\/post"}],"author":[{"embeddable":true,"href":"https:\/\/radiowebmx.com\/nota\/wp-json\/wp\/v2\/users\/2"}],"replies":[{"embeddable":true,"href":"https:\/\/radiowebmx.com\/nota\/wp-json\/wp\/v2\/comments?post=41948"}],"version-history":[{"count":1,"href":"https:\/\/radiowebmx.com\/nota\/wp-json\/wp\/v2\/posts\/41948\/revisions"}],"predecessor-version":[{"id":41951,"href":"https:\/\/radiowebmx.com\/nota\/wp-json\/wp\/v2\/posts\/41948\/revisions\/41951"}],"wp:featuredmedia":[{"embeddable":true,"href":"https:\/\/radiowebmx.com\/nota\/wp-json\/wp\/v2\/media\/41949"}],"wp:attachment":[{"href":"https:\/\/radiowebmx.com\/nota\/wp-json\/wp\/v2\/media?parent=41948"}],"wp:term":[{"taxonomy":"category","embeddable":true,"href":"https:\/\/radiowebmx.com\/nota\/wp-json\/wp\/v2\/categories?post=41948"},{"taxonomy":"post_tag","embeddable":true,"href":"https:\/\/radiowebmx.com\/nota\/wp-json\/wp\/v2\/tags?post=41948"}],"curies":[{"name":"wp","href":"https:\/\/api.w.org\/{rel}","templated":true}]}}