{"id":41907,"date":"2017-08-10T17:12:13","date_gmt":"2017-08-10T22:12:13","guid":{"rendered":"https:\/\/radiowebmx.com\/nota\/?p=41907"},"modified":"2017-08-11T12:14:41","modified_gmt":"2017-08-11T17:14:41","slug":"invita-jose-guadalupe-aguilera-a-reforestar-este-sabado-en-cuanajo","status":"publish","type":"post","link":"https:\/\/radiowebmx.com\/nota\/invita-jose-guadalupe-aguilera-a-reforestar-este-sabado-en-cuanajo\/","title":{"rendered":"Invita Jos\u00e9 Guadalupe Aguilera a reforestar este s\u00e1bado en Cuanajo"},"content":{"rendered":"<p><a href=\"https:\/\/radiowebmx.com\/nota\/wp-content\/uploads\/2017\/08\/Comunicado-1101-2.jpg\"><img loading=\"lazy\" decoding=\"async\" class=\"alignnone  wp-image-41909\" src=\"https:\/\/radiowebmx.com\/nota\/wp-content\/uploads\/2017\/08\/Comunicado-1101-2-595x446.jpg\" alt=\"\" width=\"398\" height=\"299\" srcset=\"https:\/\/radiowebmx.com\/nota\/wp-content\/uploads\/2017\/08\/Comunicado-1101-2-595x446.jpg 595w, https:\/\/radiowebmx.com\/nota\/wp-content\/uploads\/2017\/08\/Comunicado-1101-2-768x576.jpg 768w, https:\/\/radiowebmx.com\/nota\/wp-content\/uploads\/2017\/08\/Comunicado-1101-2.jpg 960w\" sizes=\"auto, (max-width: 398px) 100vw, 398px\" \/><\/a><\/p>\n<p>&nbsp;<\/p>\n<p><strong>Cuanajo; Michoac\u00e1n, 10 de agosto de 2017.-<\/strong> Con el prop\u00f3sito de seguir impulsando acciones para proteger los recursos forestales del estado, el diputado Jos\u00e9 Guadalupe Aguilera Rojas invit\u00f3 a los michoacanos a participar este s\u00e1bado en la campa\u00f1a de reforestaci\u00f3n que se realizar\u00e1 en la Comunidad ind\u00edgena de Cuanajo, la cual se realiza en coordinaci\u00f3n con la poblaci\u00f3n del lugar y con la administraci\u00f3n estatal que encabeza el Gobernador Silvano Aureoles.<\/p>\n<p>Al hacer entrega de apoyos a la poblaci\u00f3n e integrantes del comit\u00e9 organizador de esta campa\u00f1a, el diputado local por el Distrito de P\u00e1tzcuaro, refrend\u00f3 su compromiso de continuar coadyuvando con las autoridades de los diversos niveles de gobierno y ciudadanos para seguir impulsando estos trabajos.<\/p>\n<p>Estas acciones, resalt\u00f3, se est\u00e1n realizando en coordinaci\u00f3n con la Comisi\u00f3n Forestal del Estado de Michoac\u00e1n (Cofom), y pobladores, mediante las cuales se plantar\u00e1n m\u00e1s de cien mil \u00e1rboles que fue lo que se plant\u00f3 el a\u00f1o anterior, s\u00f3lo que ahora ser\u00e1 en los cerros el burro y la cantera de esta localidad.<\/p>\n<p>Aguilera Rojas destac\u00f3 la importancia de que ciudadanos y autoridades sumen esfuerzos enfocados a la preservaci\u00f3n, cuidado y protecci\u00f3n de los recursos forestales, por lo que invit\u00f3 a la poblaci\u00f3n a participar en estas actividades de reforestaci\u00f3n.<br \/>\nEn ese sentido convoc\u00f3 a la sociedad en general a acudir al llamado y asistir el pr\u00f3ximo s\u00e1bado a plantar \u00e1rboles en Cuanajo, a las nueve de la ma\u00f1ana, en donde conf\u00edo que en un d\u00eda se lograr\u00e1 rebasar la meta.<\/p>\n<p>Resalt\u00f3 que para esta campa\u00f1a de reforestaci\u00f3n se contempla la asistencia del Gobernador Silvano Aureoles, tambi\u00e9n participan el jefe de tenencia Efra\u00edn Ju\u00e1rez, Octavio Ramos Nolasco responsable de la plantaci\u00f3n, Galindo Guadalupe Valencia suplente de jefe de tenencia, Galindo Bautista representante de predios de la comunidad ind\u00edgena, Pedro Custodio Casimiro representante de los comuneros, Vicente Rangel Pi\u00f1\u00f3n delegado Regional de la Comisi\u00f3n Forestal en la regi\u00f3n P\u00e1tzcuaro- Zirahu\u00e9n, y Pedro Ju\u00e1rez Garc\u00eda representante social, as\u00ed como los habitantes en general de la comunidad.<\/p>\n<p>Reiter\u00f3 que Cuanajo es un ejemplo de c\u00f3mo con la organizaci\u00f3n de los ciudadanos y autoridades pueden hacerse las cosas bien y caminar juntos para cuidar los recursos naturales, en donde adem\u00e1s de realizar las campa\u00f1as de reforestaci\u00f3n, existe el firme compromiso de vigilar para garantizar su preservaci\u00f3n.<\/p>\n","protected":false},"excerpt":{"rendered":"<p>&nbsp; Cuanajo; Michoac\u00e1n, 10 de agosto de 2017.- Con el prop\u00f3sito de seguir impulsando acciones para proteger los recursos forestales del estado, el diputado Jos\u00e9 Guadalupe Aguilera Rojas invit\u00f3 a los michoacanos a participar este s\u00e1bado en la campa\u00f1a de reforestaci\u00f3n que se realizar\u00e1 en la Comunidad ind\u00edgena de Cuanajo, la cual se realiza en [&hellip;]<\/p>\n","protected":false},"author":2,"featured_media":41908,"comment_status":"closed","ping_status":"closed","sticky":false,"template":"","format":"standard","meta":{"footnotes":""},"categories":[6,14],"tags":[],"class_list":["post-41907","post","type-post","status-publish","format-standard","has-post-thumbnail","hentry","category-congreso-del-estado","category-destacadas"],"_links":{"self":[{"href":"https:\/\/radiowebmx.com\/nota\/wp-json\/wp\/v2\/posts\/41907","targetHints":{"allow":["GET"]}}],"collection":[{"href":"https:\/\/radiowebmx.com\/nota\/wp-json\/wp\/v2\/posts"}],"about":[{"href":"https:\/\/radiowebmx.com\/nota\/wp-json\/wp\/v2\/types\/post"}],"author":[{"embeddable":true,"href":"https:\/\/radiowebmx.com\/nota\/wp-json\/wp\/v2\/users\/2"}],"replies":[{"embeddable":true,"href":"https:\/\/radiowebmx.com\/nota\/wp-json\/wp\/v2\/comments?post=41907"}],"version-history":[{"count":1,"href":"https:\/\/radiowebmx.com\/nota\/wp-json\/wp\/v2\/posts\/41907\/revisions"}],"predecessor-version":[{"id":41910,"href":"https:\/\/radiowebmx.com\/nota\/wp-json\/wp\/v2\/posts\/41907\/revisions\/41910"}],"wp:featuredmedia":[{"embeddable":true,"href":"https:\/\/radiowebmx.com\/nota\/wp-json\/wp\/v2\/media\/41908"}],"wp:attachment":[{"href":"https:\/\/radiowebmx.com\/nota\/wp-json\/wp\/v2\/media?parent=41907"}],"wp:term":[{"taxonomy":"category","embeddable":true,"href":"https:\/\/radiowebmx.com\/nota\/wp-json\/wp\/v2\/categories?post=41907"},{"taxonomy":"post_tag","embeddable":true,"href":"https:\/\/radiowebmx.com\/nota\/wp-json\/wp\/v2\/tags?post=41907"}],"curies":[{"name":"wp","href":"https:\/\/api.w.org\/{rel}","templated":true}]}}