{"id":41890,"date":"2017-08-10T16:45:21","date_gmt":"2017-08-10T21:45:21","guid":{"rendered":"https:\/\/radiowebmx.com\/nota\/?p=41890"},"modified":"2017-08-11T11:34:49","modified_gmt":"2017-08-11T16:34:49","slug":"proteccion-civil-y-bomberos-de-morelia-se-mantiene-alerta-por-franklin","status":"publish","type":"post","link":"https:\/\/radiowebmx.com\/nota\/proteccion-civil-y-bomberos-de-morelia-se-mantiene-alerta-por-franklin\/","title":{"rendered":"Protecci\u00f3n Civil y Bomberos de Morelia se mantiene alerta por &#8220;Franklin&#8221;"},"content":{"rendered":"<ul>\n<li><strong>Se esperan nublados y lluvia de ligera a moderada en la ciudad.<\/strong><\/li>\n<\/ul>\n<p>&nbsp;<\/p>\n<p>El Ayuntamiento a trav\u00e9s de la Coordinaci\u00f3n de Protecci\u00f3n Civil y Bomberos de Morelia que encabeza Eduardo Ram\u00edrez Canals, se dijo alerta por el fen\u00f3meno natural &#8220;Franklin&#8221; y su comportamiento en la capital de Michoac\u00e1n.<\/p>\n<p>El funcionario municipal, Eduardo Ram\u00edrez record\u00f3 que se estima no habr\u00e1 riesgo alguno por \u201cFranklin\u201d, no obstante se tendr\u00e1n nublados importantes y lluvia que va de ligera a moderada y puntualmente fuerte por periodos cortos.<\/p>\n<p>El Coordinador de Protecci\u00f3n Civil y Bomberos de Morelia, asegur\u00f3 que se dar\u00e1 informes de cualquier cambio en las condiciones y evoluci\u00f3n que presente este fen\u00f3meno meteorol\u00f3gico a trav\u00e9s de un monitoreo constante y sobre todo con una estrecha comunicaci\u00f3n con los dem\u00e1s actores municipales.<\/p>\n<p>Ram\u00edrez Canals, reiter\u00f3 que el n\u00famero habilitado para cualquier emergencia y que los morelianos deben marcar es el 9-1-1, en d\u00f3nde ser\u00e1n canalizadas correctamente las llamadas para ayudar a la ciudadan\u00eda.<\/p>\n<p>Eduardo Ram\u00edrez asegur\u00f3 que no se esperan afectaciones que pongan en peligro la integridad f\u00edsica ni material de la poblaci\u00f3n por este fen\u00f3meno natural, sin embargo, la instrucci\u00f3n del Alcalde, Alfonso Mart\u00ednez Alc\u00e1zar, es mantenerse alerta para acudir a cualquier contingencia que pudiera presentarse.<\/p>\n<p>De esta manera, el Ayuntamiento de Morelia establece protocolos de actuaci\u00f3n ante cualquier emergencia y salvaguarda de la poblaci\u00f3n por situaciones que puedan presentarse por precipitaciones pluviales u otras condiciones atmosf\u00e9ricas.<\/p>\n","protected":false},"excerpt":{"rendered":"<p>Se esperan nublados y lluvia de ligera a moderada en la ciudad. &nbsp; El Ayuntamiento a trav\u00e9s de la Coordinaci\u00f3n de Protecci\u00f3n Civil y Bomberos de Morelia que encabeza Eduardo Ram\u00edrez Canals, se dijo alerta por el fen\u00f3meno natural &#8220;Franklin&#8221; y su comportamiento en la capital de Michoac\u00e1n. El funcionario municipal, Eduardo Ram\u00edrez record\u00f3 que [&hellip;]<\/p>\n","protected":false},"author":2,"featured_media":41891,"comment_status":"closed","ping_status":"closed","sticky":false,"template":"","format":"standard","meta":{"footnotes":""},"categories":[14,3,60],"tags":[],"class_list":["post-41890","post","type-post","status-publish","format-standard","has-post-thumbnail","hentry","category-destacadas","category-gobierno-del-estado-de-michoacan","category-michoacan"],"_links":{"self":[{"href":"https:\/\/radiowebmx.com\/nota\/wp-json\/wp\/v2\/posts\/41890","targetHints":{"allow":["GET"]}}],"collection":[{"href":"https:\/\/radiowebmx.com\/nota\/wp-json\/wp\/v2\/posts"}],"about":[{"href":"https:\/\/radiowebmx.com\/nota\/wp-json\/wp\/v2\/types\/post"}],"author":[{"embeddable":true,"href":"https:\/\/radiowebmx.com\/nota\/wp-json\/wp\/v2\/users\/2"}],"replies":[{"embeddable":true,"href":"https:\/\/radiowebmx.com\/nota\/wp-json\/wp\/v2\/comments?post=41890"}],"version-history":[{"count":1,"href":"https:\/\/radiowebmx.com\/nota\/wp-json\/wp\/v2\/posts\/41890\/revisions"}],"predecessor-version":[{"id":41892,"href":"https:\/\/radiowebmx.com\/nota\/wp-json\/wp\/v2\/posts\/41890\/revisions\/41892"}],"wp:featuredmedia":[{"embeddable":true,"href":"https:\/\/radiowebmx.com\/nota\/wp-json\/wp\/v2\/media\/41891"}],"wp:attachment":[{"href":"https:\/\/radiowebmx.com\/nota\/wp-json\/wp\/v2\/media?parent=41890"}],"wp:term":[{"taxonomy":"category","embeddable":true,"href":"https:\/\/radiowebmx.com\/nota\/wp-json\/wp\/v2\/categories?post=41890"},{"taxonomy":"post_tag","embeddable":true,"href":"https:\/\/radiowebmx.com\/nota\/wp-json\/wp\/v2\/tags?post=41890"}],"curies":[{"name":"wp","href":"https:\/\/api.w.org\/{rel}","templated":true}]}}