{"id":41884,"date":"2017-08-10T17:44:06","date_gmt":"2017-08-10T22:44:06","guid":{"rendered":"https:\/\/radiowebmx.com\/nota\/?p=41884"},"modified":"2017-08-11T11:33:13","modified_gmt":"2017-08-11T16:33:13","slug":"apoya-gobierno-del-estado-con-mas-de-64-mdp-a-charapan","status":"publish","type":"post","link":"https:\/\/radiowebmx.com\/nota\/apoya-gobierno-del-estado-con-mas-de-64-mdp-a-charapan\/","title":{"rendered":"Apoya Gobierno del Estado con m\u00e1s de 64 mdp a Charapan"},"content":{"rendered":"<p><a href=\"https:\/\/radiowebmx.com\/nota\/wp-content\/uploads\/2017\/08\/a68a58e2-bead-4fd3-ace4-04c623153ecd.jpeg\"><img loading=\"lazy\" decoding=\"async\" class=\"alignnone  wp-image-41886\" src=\"https:\/\/radiowebmx.com\/nota\/wp-content\/uploads\/2017\/08\/a68a58e2-bead-4fd3-ace4-04c623153ecd-595x396.jpeg\" alt=\"\" width=\"400\" height=\"266\" srcset=\"https:\/\/radiowebmx.com\/nota\/wp-content\/uploads\/2017\/08\/a68a58e2-bead-4fd3-ace4-04c623153ecd-595x396.jpeg 595w, https:\/\/radiowebmx.com\/nota\/wp-content\/uploads\/2017\/08\/a68a58e2-bead-4fd3-ace4-04c623153ecd-272x182.jpeg 272w, https:\/\/radiowebmx.com\/nota\/wp-content\/uploads\/2017\/08\/a68a58e2-bead-4fd3-ace4-04c623153ecd.jpeg 709w\" sizes=\"auto, (max-width: 400px) 100vw, 400px\" \/><\/a><\/p>\n<p>&nbsp;<\/p>\n<ul>\n<li><strong>Asiste Gobernador al Segundo Informe de Gobierno de Juan Carlos Hern\u00e1ndez Rodr\u00edguez, presidente municipal de Charapan.<\/strong><\/li>\n<li><strong>Con este trabajo coordinado entre los tres \u00e1mbitos de Gobierno, se realizaron 44 obras y acciones en beneficio de las y los charapenses.<\/strong><\/li>\n<\/ul>\n<p><strong>Charapan, Michoac\u00e1n, a 10 de agosto de 2017.-<\/strong>\u00a0En Charapan se trabaja a pasos firmes, pues el Gobierno del Estado, en conjunto con la Federaci\u00f3n, han acompa\u00f1ado al municipio con m\u00e1s de 64 millones de pesos, reflejados en 44 obras y acciones en la cabecera y sus comunidades, destac\u00f3 el Gobernador Constitucional Silvano Aureoles Conejo.<\/p>\n<p>As\u00ed lo dio a conocer esta tarde al asistir al Segundo Informe de Gobierno del alcalde de Charapan, Juan Carlos Hern\u00e1ndez Rodr\u00edguez, donde felicit\u00f3 ampliamente al edil y su Cabildo por redoblar los esfuerzos para mejorar la calidad de vida de las y los pobladores.<\/p>\n<p>Aprovech\u00f3 para refrendar su compromiso con los pueblos originarios y la comunidad ind\u00edgena, pues asegur\u00f3 son un sector valioso, con una cultura que nos ha regido desde siempre; &#8220;no vamos a permitir que otros intereses nos alejen de mis hermanos, el Gobierno que yo encabezo es amigo y compa\u00f1ero de ustedes&#8221;.<\/p>\n<p>El jefe del Ejecutivo Estatal resalt\u00f3 la disposici\u00f3n del edil de coadyuvar con la actual administraci\u00f3n, pues s\u00f3lo con orden, equipo, la participaci\u00f3n ciudadana y en coordinaci\u00f3n con las dependencias federales y estatales se pueden alcanzar las metas.<\/p>\n<p><a href=\"https:\/\/radiowebmx.com\/nota\/wp-content\/uploads\/2017\/08\/7f963fc7-0673-4f1a-86ae-8da885a008d1.jpeg\"><img loading=\"lazy\" decoding=\"async\" class=\"alignnone  wp-image-41887\" src=\"https:\/\/radiowebmx.com\/nota\/wp-content\/uploads\/2017\/08\/7f963fc7-0673-4f1a-86ae-8da885a008d1-595x396.jpeg\" alt=\"\" width=\"400\" height=\"266\" srcset=\"https:\/\/radiowebmx.com\/nota\/wp-content\/uploads\/2017\/08\/7f963fc7-0673-4f1a-86ae-8da885a008d1-595x396.jpeg 595w, https:\/\/radiowebmx.com\/nota\/wp-content\/uploads\/2017\/08\/7f963fc7-0673-4f1a-86ae-8da885a008d1-272x182.jpeg 272w, https:\/\/radiowebmx.com\/nota\/wp-content\/uploads\/2017\/08\/7f963fc7-0673-4f1a-86ae-8da885a008d1.jpeg 709w\" sizes=\"auto, (max-width: 400px) 100vw, 400px\" \/><\/a><\/p>\n<p>&nbsp;<\/p>\n<p>Apunt\u00f3 que Charapan tambi\u00e9n tendr\u00e1 dignificados sus Centros y Casas de Salud, entre los que destacan el de la comunidad de San Felipe de los Herreros y el de la cabecera municipal, que tambi\u00e9n contar\u00e1n con el abasto de medicamentos y el personal m\u00e9dico necesarios.<\/p>\n<p>Aureoles Conejo adelant\u00f3 que pronto el municipio recibir\u00e1 una camioneta especial para el DIF Estatal, una ambulancia bien equipada, sillas de ruedas para quienes m\u00e1s las requieran, y anunci\u00f3 un ambicioso proyecto de rescate de las trojes, as\u00ed como el apoyo solicitado del Presidente Municipal para terminar dos colectores m\u00e1s.<\/p>\n<p>Hern\u00e1ndez Rodr\u00edguez agradeci\u00f3 el apoyo de Aureoles Conejo para gestionar mayores recursos que hoy se reflejan en el avance en cada uno de los rubros; &#8220;nunca antes un Gobernador hab\u00eda venido a un Informe de Gobierno, gracias por ello y por todo su acompa\u00f1amiento&#8221;.<\/p>\n<p>El alcalde detall\u00f3 que cada uno de los recursos fueron aplicados en salud, cultura, deporte, educaci\u00f3n, desarrollo social, seguridad; adem\u00e1s de haber aterrizado programas del Gobierno del Estado como lo es Palabra de Mujer, M\u00e9dico en tu Casa, apoyos a la vivienda, ello sin descuidar las becas para los ni\u00f1os y j\u00f3venes.<\/p>\n<p>&nbsp;<\/p>\n<p><a href=\"https:\/\/radiowebmx.com\/nota\/wp-content\/uploads\/2017\/08\/a5d402eb-a234-4def-a610-aa79a7e2fc0a.jpeg\"><img loading=\"lazy\" decoding=\"async\" class=\"alignnone  wp-image-41888\" src=\"https:\/\/radiowebmx.com\/nota\/wp-content\/uploads\/2017\/08\/a5d402eb-a234-4def-a610-aa79a7e2fc0a-595x396.jpeg\" alt=\"\" width=\"400\" height=\"266\" srcset=\"https:\/\/radiowebmx.com\/nota\/wp-content\/uploads\/2017\/08\/a5d402eb-a234-4def-a610-aa79a7e2fc0a-595x396.jpeg 595w, https:\/\/radiowebmx.com\/nota\/wp-content\/uploads\/2017\/08\/a5d402eb-a234-4def-a610-aa79a7e2fc0a-272x182.jpeg 272w, https:\/\/radiowebmx.com\/nota\/wp-content\/uploads\/2017\/08\/a5d402eb-a234-4def-a610-aa79a7e2fc0a.jpeg 709w\" sizes=\"auto, (max-width: 400px) 100vw, 400px\" \/><\/a><\/p>\n<p>&nbsp;<\/p>\n<p>Asimismo, apunt\u00f3 que gracias al respaldo del Gobierno del Estado, se ha fortalecido el empoderamiento de la mujer, la ayuda para los y las adultas mayores, adem\u00e1s de las importantes rehabilitaciones de drenajes sanitarios y de redes de agua potable en la cabecera y en comunidades.<\/p>\n<p>En este \u00faltimo rubro destac\u00f3 las obras Cocucho y Ocumicho, en las que en coordinaci\u00f3n con la Secretar\u00eda de Comunicaciones y Obras P\u00fablicas, se materializaron estas demandas tan sentidas de la sociedad, con una inversi\u00f3n cercana a los 30 millones de pesos y que beneficiar\u00e1 a m\u00e1s de seis mil habitantes.<\/p>\n<p>&#8220;Gracias Gobernador por apoyarnos con la infraestructura de estas dos emblem\u00e1ticas obras, adem\u00e1s de la rehabilitaci\u00f3n de los centros de salud que tanto lo necesitaban&#8221;, aludi\u00f3 el alcalde.<\/p>\n<p>En este informe estuvieron presentes Guadalupe Hern\u00e1ndez Alcal\u00e1, diputado federal; Elena Vega Uribe, coordinadora de Atenci\u00f3n Ciudadana; Gabriela Molina Aguilar, subsecretaria de Desarrollo Social y Humano; Juan Bernardo Corona Mart\u00ednez, secretario de Seguridad P\u00fablica; los presidentes municipales de Chilchota, Mario Silva Amezcua y de Ziracuaretiro, Juan Mart\u00edn Cardona Talavera, as\u00ed como las y los integrantes del Cabildo.<\/p>\n","protected":false},"excerpt":{"rendered":"<p>&nbsp; Asiste Gobernador al Segundo Informe de Gobierno de Juan Carlos Hern\u00e1ndez Rodr\u00edguez, presidente municipal de Charapan. Con este trabajo coordinado entre los tres \u00e1mbitos de Gobierno, se realizaron 44 obras y acciones en beneficio de las y los charapenses. Charapan, Michoac\u00e1n, a 10 de agosto de 2017.-\u00a0En Charapan se trabaja a pasos firmes, pues [&hellip;]<\/p>\n","protected":false},"author":2,"featured_media":41885,"comment_status":"closed","ping_status":"closed","sticky":false,"template":"","format":"standard","meta":{"footnotes":""},"categories":[14,3,60],"tags":[],"class_list":["post-41884","post","type-post","status-publish","format-standard","has-post-thumbnail","hentry","category-destacadas","category-gobierno-del-estado-de-michoacan","category-michoacan"],"_links":{"self":[{"href":"https:\/\/radiowebmx.com\/nota\/wp-json\/wp\/v2\/posts\/41884","targetHints":{"allow":["GET"]}}],"collection":[{"href":"https:\/\/radiowebmx.com\/nota\/wp-json\/wp\/v2\/posts"}],"about":[{"href":"https:\/\/radiowebmx.com\/nota\/wp-json\/wp\/v2\/types\/post"}],"author":[{"embeddable":true,"href":"https:\/\/radiowebmx.com\/nota\/wp-json\/wp\/v2\/users\/2"}],"replies":[{"embeddable":true,"href":"https:\/\/radiowebmx.com\/nota\/wp-json\/wp\/v2\/comments?post=41884"}],"version-history":[{"count":1,"href":"https:\/\/radiowebmx.com\/nota\/wp-json\/wp\/v2\/posts\/41884\/revisions"}],"predecessor-version":[{"id":41889,"href":"https:\/\/radiowebmx.com\/nota\/wp-json\/wp\/v2\/posts\/41884\/revisions\/41889"}],"wp:featuredmedia":[{"embeddable":true,"href":"https:\/\/radiowebmx.com\/nota\/wp-json\/wp\/v2\/media\/41885"}],"wp:attachment":[{"href":"https:\/\/radiowebmx.com\/nota\/wp-json\/wp\/v2\/media?parent=41884"}],"wp:term":[{"taxonomy":"category","embeddable":true,"href":"https:\/\/radiowebmx.com\/nota\/wp-json\/wp\/v2\/categories?post=41884"},{"taxonomy":"post_tag","embeddable":true,"href":"https:\/\/radiowebmx.com\/nota\/wp-json\/wp\/v2\/tags?post=41884"}],"curies":[{"name":"wp","href":"https:\/\/api.w.org\/{rel}","templated":true}]}}