{"id":4188,"date":"2013-10-22T11:17:39","date_gmt":"2013-10-22T16:17:39","guid":{"rendered":"https:\/\/radiowebmx.com\/nota\/?p=4188"},"modified":"2013-10-22T11:22:23","modified_gmt":"2013-10-22T16:22:23","slug":"michoacan-promueve-el-conocimiento-con-la-xx-semana-nacional-de-ciencia-y-tecnologia","status":"publish","type":"post","link":"https:\/\/radiowebmx.com\/nota\/michoacan-promueve-el-conocimiento-con-la-xx-semana-nacional-de-ciencia-y-tecnologia\/","title":{"rendered":"MICHOAC\u00c1N PROMUEVE EL CONOCIMIENTO CON LA XX SEMANA NACIONAL DE CIENCIA Y TECNOLOG\u00cdA"},"content":{"rendered":"<p><a href=\"https:\/\/radiowebmx.com\/nota\/wp-content\/uploads\/2013\/10\/20131021_112954.jpg\"><img loading=\"lazy\" decoding=\"async\" class=\"alignleft size-full wp-image-4189\" alt=\"20131021_112954\" src=\"https:\/\/radiowebmx.com\/nota\/wp-content\/uploads\/2013\/10\/20131021_112954.jpg\" width=\"591\" height=\"327\" \/><\/a>Con eventos como el Concurso de Prototipos de Desarrollo Tecnol\u00f3gico y el 3er.\u00a0 Concurso\u00a0 Estatal\u00a0 de\u00a0 Fotograf\u00eda\u00a0 Cient\u00edfica 2013, se celebra en Michoac\u00e1n la XX Edici\u00f3n de la Semana Nacional de Ciencia y Tecnolog\u00eda (SNCyT), del 21 al 25 de octubre del 2013.<\/p>\n<p>En el Centro de Bachillerato Tecnol\u00f3gico Agropecuario (CBTA) No. 181 de Maravat\u00edo, Michoac\u00e1n, se llev\u00f3 a cabo la ceremonia de inauguraci\u00f3n en que se instalaron m\u00faltiples talleres para estudiantes de preescolar, primaria, secundaria, nivel medio superior y p\u00fablico en general, donde se ofrece educaci\u00f3n vial, ciencia recreativa para ni\u00f1os, elaboraci\u00f3n de productos de limpieza, energ\u00edas alternativas, preservaci\u00f3n del medio ambiente, entre otras opciones.<\/p>\n<p>En representaci\u00f3n de Esther Garc\u00eda Garibay, directora General del Consejo Estatal de Ciencia, Tecnolog\u00eda e Innovaci\u00f3n (CECTI), la subdirectora de Difusi\u00f3n, Lilia V\u00e1zquez, asegur\u00f3 que la Semana Nacional cumple con dos objetivos principales; por un lado, permite a las instituciones y a los investigadores, cient\u00edficos, tecn\u00f3logos y especialistas en innovaci\u00f3n, materializar un compromiso de \u00edndole social al acercar la ciencia y la tecnolog\u00eda a los grandes p\u00fablicos, con los adecuados y suficientes facilitadores que permitan a los asistentes asimilar de manera l\u00fadica, divertida y \u00fatil los contenidos de los talleres, las exposiciones, los ciclos de cine, los museos m\u00f3viles.<\/p>\n<p>Por el otro, se convierte en un espacio de di\u00e1logo y de encuentro para muchos de los actores que conforman el Sistema Nacional de Ciencia, quienes, bajo la bandera de la Semana Nacional, dise\u00f1an nuevos mecanismos para llevar el conocimiento hasta quien debe llegar: la ciudadan\u00eda.<\/p>\n<p>De igual manera, la representante del CECTI se\u00f1al\u00f3 que en Michoac\u00e1n cada a\u00f1o se realizan en promedio mil 600 diferentes actividades de divulgaci\u00f3n cient\u00edfica y tecnol\u00f3gica; y que el Comit\u00e9 Organizador de la XX SNCYT en Michoac\u00e1n integra a m\u00e1s de 80 instituciones educativas, de investigaci\u00f3n y a los sectores gubernamental y empresarial.<\/p>\n<p>Durante la inauguraci\u00f3n, el coordinador de Investigaci\u00f3n Cient\u00edfica de la Universidad Michoacana de San Nicol\u00e1s de Hidalgo, Luis Manuel Villase\u00f1or, asegur\u00f3 que gracias a la ciencia, la humanidad cuenta con mejores niveles de vida, por lo que es necesario fomentar el gusto por ella entre los ni\u00f1os y j\u00f3venes.<\/p>\n<p>Puso de ejemplo que a Albert Einstein cuando ni\u00f1o le regalaron una br\u00fajula, que le fascin\u00f3 y sembr\u00f3 la semilla de lo que ser\u00eda un cient\u00edfico que aportar\u00eda a la humanidad la Mec\u00e1nica Cu\u00e1ntica y la Teor\u00eda de la Relatividad.<\/p>\n<p>En el CBTA, situado en la localidad de Tungareo, municipio de Maravat\u00edo, se llevar\u00e1n a cabo adem\u00e1s diversas muestras como es la exposici\u00f3n de maquetas de Ecotecnias (Energ\u00eda E\u00f3lica, captaci\u00f3n de agua de lluvia, sistemas fotovoltaicos, calentador solar, cocinas solares); la visita al invernadero y la visita a la casa ecol\u00f3gica.<\/p>\n<p>Tambi\u00e9n, se contempla una Exposici\u00f3n de Rob\u00f3tica y otra de Prototipos, a donde se invitar\u00e1 a las instituciones que organizan y participan en el Concurso de Prototipos de Desarrollo Tecnol\u00f3gico y el 3er. Encuentro Estatal de Rob\u00f3tica, seg\u00fan dio a conocer el director de esta escuela, Rafael \u00c1brego, durante la inauguraci\u00f3n del evento.<\/p>\n<p>Esta feria incluye actividades diversas como multimedia, karaoke, juegos, acertijos, memoramas, presentaci\u00f3n de libros y videos cient\u00edficos. Se cuenta adem\u00e1s con la presencia del Zool\u00f3gico de Morelia, quien participa con dos jaguares y un halc\u00f3n, adem\u00e1s de animales disecados.<\/p>\n<p>La Universidad Tecnol\u00f3gica de Morelia, sede del evento local en Morelia, realizar\u00e1 este 25 de octubre un Ciclo de conferencias con temas como Minihidr\u00e1ulica en M\u00e9xico, Simulaci\u00f3n de Transferencia de calor en horno de recalentamiento para la producci\u00f3n de acero, Din\u00e1mica de Fluidos Computacionales aplicada a procesos, Relevancia de la vinculaci\u00f3n Academia Empresa, entre otros temas.<\/p>\n<p>La Universidad Michoacana de San Nicol\u00e1s de Hidalgo participar\u00e1 con los talleres: Arma tus planetas, Aprendiendo a reciclar, Ciencia en movimiento, El pa\u00eds del <i>yo solito<\/i>, Globo blindado, Agua que flota, Qu\u00edmica m\u00e1gica, Deshidratador solar, Mi amiga el agua y\u00a0 Robot m\u00f3vil.<\/p>\n<p>La UNAM Campus Morelia tambi\u00e9n tendr\u00e1 presencia con una Loter\u00eda Astron\u00f3mica, Taller de Materiales y Exhibici\u00f3n de Telescopios; mientras que la Unidad de Educaci\u00f3n Continua del Instituto Polit\u00e9cnico Nacional en Morelia, exhibir\u00e1 c\u00e1psulas cient\u00edficas dentro de la Unidad M\u00f3vil con la que cuenta, en donde se pueden exponer contenidos utilizando nuevas tecnolog\u00edas.<\/p>\n<p>Tambi\u00e9n en este marco se organiz\u00f3 el 3er.\u00a0 Concurso\u00a0 Estatal\u00a0 de\u00a0 Fotograf\u00eda\u00a0 Cient\u00edfica 2013,\u00a0 que en esta ocasi\u00f3n aborda la tem\u00e1tica \u201cAgua,\u00a0conservaci\u00f3n\u00a0y\u00a0uso\u00a0sustentable\u201d, y tiene por\u00a0 objetivo\u00a0 acercar\u00a0 a\u00a0 la\u00a0 sociedad\u00a0 michoacana\u00a0 a los temas\u00a0 estudiados\u00a0 desde\u00a0 la\u00a0 ciencia\u00a0 natural,\u00a0 a\u00a0 trav\u00e9s\u00a0 de\u00a0 una\u00a0 visi\u00f3n\u00a0 gr\u00e1fica\u00a0 (art\u00edstica\u00a0 y\u00a0 est\u00e9tica), as\u00ed\u00a0 como\u00a0 de\u00a0 fomentar\u00a0 la\u00a0 participaci\u00f3n\u00a0 de\u00a0 expertos\u00a0 y aficionados de la fotograf\u00eda en actividades de comunicaci\u00f3n p\u00fablica de la ciencia.<\/p>\n<p>Para solicitar mayor informaci\u00f3n sobre este evento, es posible consultar la p\u00e1gina web http\/\/cecti.michoacan.gob.mx (buscar el banner de la Semana), es posible llamar al tel\u00e9fono (443) 3249080 y 3249113, de Morelia o acudir al CECTI, ubicado en Calzada Ju\u00e1rez 1446, de esta ciudad.<\/p>\n","protected":false},"excerpt":{"rendered":"<p>Con eventos como el Concurso de Prototipos de Desarrollo Tecnol\u00f3gico y el 3er.  Concurso  Estatal  de  Fotograf\u00eda  Cient\u00edfica 2013, se celebra en Michoac\u00e1n la XX Edici\u00f3n de la Semana Nacional de Ciencia y Tecnolog\u00eda (SNCyT), del 21 al 25 de octubre del 2013.<\/p>\n","protected":false},"author":1,"featured_media":0,"comment_status":"open","ping_status":"open","sticky":false,"template":"","format":"standard","meta":{"footnotes":""},"categories":[14,3],"tags":[],"class_list":["post-4188","post","type-post","status-publish","format-standard","hentry","category-destacadas","category-gobierno-del-estado-de-michoacan"],"_links":{"self":[{"href":"https:\/\/radiowebmx.com\/nota\/wp-json\/wp\/v2\/posts\/4188","targetHints":{"allow":["GET"]}}],"collection":[{"href":"https:\/\/radiowebmx.com\/nota\/wp-json\/wp\/v2\/posts"}],"about":[{"href":"https:\/\/radiowebmx.com\/nota\/wp-json\/wp\/v2\/types\/post"}],"author":[{"embeddable":true,"href":"https:\/\/radiowebmx.com\/nota\/wp-json\/wp\/v2\/users\/1"}],"replies":[{"embeddable":true,"href":"https:\/\/radiowebmx.com\/nota\/wp-json\/wp\/v2\/comments?post=4188"}],"version-history":[{"count":3,"href":"https:\/\/radiowebmx.com\/nota\/wp-json\/wp\/v2\/posts\/4188\/revisions"}],"predecessor-version":[{"id":4191,"href":"https:\/\/radiowebmx.com\/nota\/wp-json\/wp\/v2\/posts\/4188\/revisions\/4191"}],"wp:attachment":[{"href":"https:\/\/radiowebmx.com\/nota\/wp-json\/wp\/v2\/media?parent=4188"}],"wp:term":[{"taxonomy":"category","embeddable":true,"href":"https:\/\/radiowebmx.com\/nota\/wp-json\/wp\/v2\/categories?post=4188"},{"taxonomy":"post_tag","embeddable":true,"href":"https:\/\/radiowebmx.com\/nota\/wp-json\/wp\/v2\/tags?post=4188"}],"curies":[{"name":"wp","href":"https:\/\/api.w.org\/{rel}","templated":true}]}}