{"id":41875,"date":"2017-08-10T19:46:00","date_gmt":"2017-08-11T00:46:00","guid":{"rendered":"https:\/\/radiowebmx.com\/nota\/?p=41875"},"modified":"2017-08-11T11:23:28","modified_gmt":"2017-08-11T16:23:28","slug":"caravana-cercadeti-llega-a-la-colonia-adolfo-lopez-mateos","status":"publish","type":"post","link":"https:\/\/radiowebmx.com\/nota\/caravana-cercadeti-llega-a-la-colonia-adolfo-lopez-mateos\/","title":{"rendered":"Caravana #CercaDeTi llega a la colonia Adolfo L\u00f3pez Mateos"},"content":{"rendered":"<p><a href=\"https:\/\/radiowebmx.com\/nota\/wp-content\/uploads\/2017\/08\/0416aeea-0f4f-4c65-afa4-b6ff3a351cf0.jpg\"><img loading=\"lazy\" decoding=\"async\" class=\"alignnone  wp-image-41877\" src=\"https:\/\/radiowebmx.com\/nota\/wp-content\/uploads\/2017\/08\/0416aeea-0f4f-4c65-afa4-b6ff3a351cf0-595x396.jpg\" alt=\"\" width=\"400\" height=\"266\" srcset=\"https:\/\/radiowebmx.com\/nota\/wp-content\/uploads\/2017\/08\/0416aeea-0f4f-4c65-afa4-b6ff3a351cf0-595x396.jpg 595w, https:\/\/radiowebmx.com\/nota\/wp-content\/uploads\/2017\/08\/0416aeea-0f4f-4c65-afa4-b6ff3a351cf0-272x182.jpg 272w, https:\/\/radiowebmx.com\/nota\/wp-content\/uploads\/2017\/08\/0416aeea-0f4f-4c65-afa4-b6ff3a351cf0.jpg 709w\" sizes=\"auto, (max-width: 400px) 100vw, 400px\" \/><\/a><\/p>\n<p>&nbsp;<\/p>\n<ul>\n<li><strong>M\u00e1s de mil personas fueron beneficiadas con los servicios que les brindaron 22 dependencias del Gobierno del Estado.<\/strong><\/li>\n<\/ul>\n<ul>\n<li><strong>El trabajo coordinado entre ciudadanos y autoridades, la ruta correcta, indica el coordinador de Asesores del Poder Ejecutivo, Antonio Soto S\u00e1nchez.<\/strong><\/li>\n<\/ul>\n<p><strong>Morelia, Michoac\u00e1n, a 10 de agosto de 2017.-<\/strong>\u00a0Durante la Caravana #CercaDeTi n\u00famero 24, realizada la tarde de este jueves, 22 dependencias estatales otorgaron m\u00e1s de mil servicios a los habitantes de la colonia Adolfo L\u00f3pez Mateos, inform\u00f3 el coordinador de Asesores del Poder Ejecutivo, Antonio Soto S\u00e1nchez, durante el evento en el que se entregaron apoyos como sillas de ruedas, bastones, despensas, p\u00f3lizas del Seguro Popular, entre otros.<\/p>\n<p>Pese a las condiciones climatol\u00f3gicas, cientos de personas se dieron cita en la cancha de basquetbol, que previamente fue acondicionada con la remoci\u00f3n de maleza, limpieza y pintura, como parte de las acciones que la Secretar\u00eda de Seguridad P\u00fablica realiza para la recuperaci\u00f3n de espacios a favor de ni\u00f1os y j\u00f3venes que buscan realizar actividades de sana convivencia.<br \/>\n&nbsp;<\/p>\n<p><a href=\"https:\/\/radiowebmx.com\/nota\/wp-content\/uploads\/2017\/08\/20040db9-e611-41e7-ba9a-ff936a1fea4a.jpg\"><img loading=\"lazy\" decoding=\"async\" class=\"alignnone size-medium wp-image-41878\" src=\"https:\/\/radiowebmx.com\/nota\/wp-content\/uploads\/2017\/08\/20040db9-e611-41e7-ba9a-ff936a1fea4a-595x396.jpg\" alt=\"\" width=\"595\" height=\"396\" srcset=\"https:\/\/radiowebmx.com\/nota\/wp-content\/uploads\/2017\/08\/20040db9-e611-41e7-ba9a-ff936a1fea4a-595x396.jpg 595w, https:\/\/radiowebmx.com\/nota\/wp-content\/uploads\/2017\/08\/20040db9-e611-41e7-ba9a-ff936a1fea4a-272x182.jpg 272w, https:\/\/radiowebmx.com\/nota\/wp-content\/uploads\/2017\/08\/20040db9-e611-41e7-ba9a-ff936a1fea4a.jpg 709w\" sizes=\"auto, (max-width: 595px) 100vw, 595px\" \/><\/a><\/p>\n<p>&nbsp;<\/p>\n<p>&#8220;Estamos convencidos de que trabajando de manera coordinada con ustedes, vamos a mejorar sus condiciones de vida. Es prioridad para el Gobernador Silvano Aureoles Conejo y nuestro objetivo en el trabajo diario&#8221;, enfatiz\u00f3 el responsable de este esfuerzo interinstitucional.<\/p>\n<p>En su intervenci\u00f3n, la titular de la Secretar\u00eda de Cultura de Michoac\u00e1n, Silvia Figueroa Zamudio, ratific\u00f3 el compromiso de la administraci\u00f3n estatal para llevar acciones, programas y apoyos a todos los sectores vulnerables en el estado, pero tambi\u00e9n en la capital michoacana.<\/p>\n<p>Estuvieron presentes adem\u00e1s la rectora de la Universidad Virtual del Estado de Michoac\u00e1n, Silvia Mendoza Valenzuela, y el encargado del orden de la colonia, Dante Su\u00e1rez Flores.<\/p>\n","protected":false},"excerpt":{"rendered":"<p>&nbsp; M\u00e1s de mil personas fueron beneficiadas con los servicios que les brindaron 22 dependencias del Gobierno del Estado. El trabajo coordinado entre ciudadanos y autoridades, la ruta correcta, indica el coordinador de Asesores del Poder Ejecutivo, Antonio Soto S\u00e1nchez. Morelia, Michoac\u00e1n, a 10 de agosto de 2017.-\u00a0Durante la Caravana #CercaDeTi n\u00famero 24, realizada la [&hellip;]<\/p>\n","protected":false},"author":2,"featured_media":41876,"comment_status":"closed","ping_status":"closed","sticky":false,"template":"","format":"standard","meta":{"footnotes":""},"categories":[14,3,60],"tags":[],"class_list":["post-41875","post","type-post","status-publish","format-standard","has-post-thumbnail","hentry","category-destacadas","category-gobierno-del-estado-de-michoacan","category-michoacan"],"_links":{"self":[{"href":"https:\/\/radiowebmx.com\/nota\/wp-json\/wp\/v2\/posts\/41875","targetHints":{"allow":["GET"]}}],"collection":[{"href":"https:\/\/radiowebmx.com\/nota\/wp-json\/wp\/v2\/posts"}],"about":[{"href":"https:\/\/radiowebmx.com\/nota\/wp-json\/wp\/v2\/types\/post"}],"author":[{"embeddable":true,"href":"https:\/\/radiowebmx.com\/nota\/wp-json\/wp\/v2\/users\/2"}],"replies":[{"embeddable":true,"href":"https:\/\/radiowebmx.com\/nota\/wp-json\/wp\/v2\/comments?post=41875"}],"version-history":[{"count":1,"href":"https:\/\/radiowebmx.com\/nota\/wp-json\/wp\/v2\/posts\/41875\/revisions"}],"predecessor-version":[{"id":41879,"href":"https:\/\/radiowebmx.com\/nota\/wp-json\/wp\/v2\/posts\/41875\/revisions\/41879"}],"wp:featuredmedia":[{"embeddable":true,"href":"https:\/\/radiowebmx.com\/nota\/wp-json\/wp\/v2\/media\/41876"}],"wp:attachment":[{"href":"https:\/\/radiowebmx.com\/nota\/wp-json\/wp\/v2\/media?parent=41875"}],"wp:term":[{"taxonomy":"category","embeddable":true,"href":"https:\/\/radiowebmx.com\/nota\/wp-json\/wp\/v2\/categories?post=41875"},{"taxonomy":"post_tag","embeddable":true,"href":"https:\/\/radiowebmx.com\/nota\/wp-json\/wp\/v2\/tags?post=41875"}],"curies":[{"name":"wp","href":"https:\/\/api.w.org\/{rel}","templated":true}]}}