{"id":41872,"date":"2017-08-10T20:00:25","date_gmt":"2017-08-11T01:00:25","guid":{"rendered":"https:\/\/radiowebmx.com\/nota\/?p=41872"},"modified":"2017-08-11T11:18:49","modified_gmt":"2017-08-11T16:18:49","slug":"avanza-registro-al-programa-de-coinversion-en-morelia","status":"publish","type":"post","link":"https:\/\/radiowebmx.com\/nota\/avanza-registro-al-programa-de-coinversion-en-morelia\/","title":{"rendered":"Avanza registro al Programa de Coinversi\u00f3n en Morelia"},"content":{"rendered":"<p>En aras de lograr que Morelia sea una de las ciudades con mayor n\u00famero de veh\u00edculos del transporte p\u00fablico que empleen el gas natural y con ello, disminuir la contaminaci\u00f3n ambiental en la capital michoacana, el Gobierno Municipal, a trav\u00e9s de la Direcci\u00f3n de Medio Ambiente y Sustentabilidad, contin\u00faa trabajando de la mano con los propietarios, para que se inscriban dentro del Programa de Conversi\u00f3n.<\/p>\n<p>El responsable de dicha instancia municipal, Marco Tulio Campos Vargas, inform\u00f3 que la fecha son 214 los transportistas (113 taxis y 101 vagonetas) que ya se sumaron a esta modalidad, alrededor de 450 est\u00e1n en la etapa de pre conversi\u00f3n y hay m\u00e1s de 340 solicitudes en tr\u00e1mite.<\/p>\n<p>\u201cSeguimos invitando a los propietarios de los veh\u00edculos del transporte p\u00fablico a que se acerquen con nosotros y aprovechen este subsidio, donde Morelia fue el municipio m\u00e1s favorecido por la Federaci\u00f3n, con una inversi\u00f3n de 60 millones de pesos para transformar a mil 400 unidades\u201d, refiri\u00f3.<\/p>\n<p>El funcionario municipal, record\u00f3 que mediante la conversi\u00f3n a gas natural, los propietarios del transporte p\u00fablico se ver\u00e1n directamente favorecidos econ\u00f3micamente, toda vez que se reducir\u00e1 la inversi\u00f3n mensual en gasolina hasta en un 50 por ciento.<\/p>\n<p>Aunado a lo anterior, con este programa se convertir\u00e1n en promotores activos del cuidado del medio ambiente, al disminuir las emisiones de gases contaminantes y de efecto invernadero, a trav\u00e9s de la promoci\u00f3n de un servicio de transporte p\u00fablico de baja emisi\u00f3n.<\/p>\n<p>Derivado de lo anterior, Marco Tulio Campos, exhort\u00f3 a los propietarios de taxi y colectivo urbano (vagoneta), a presentar su solicitud a la Ventanilla de atenci\u00f3n de la Direcci\u00f3n de Medio Ambiente y Sustentabilidad de la Secretar\u00eda de Desarrollo Metropolitano e Infraestructura, que se ubica en la calle Circuito Mintzita n\u00famero 470, colonia Manantiales.<\/p>\n<p>Puntualiz\u00f3 que los interesados s\u00f3lo tienen que exhibir una copia simple de la tarjeta de circulaci\u00f3n y el tarjet\u00f3n de la unidad que presta dicho servicio que es en la que se instalar\u00e1 el kit de conversi\u00f3n y aprobar una revisi\u00f3n del sistema mec\u00e1nico y el\u00e9ctrico en el Centro Especializado de Conversiones.<\/p>\n<p>Para finalizar, Campos Vargas, reiter\u00f3 el compromiso de esta Administraci\u00f3n que encabeza el Presidente Municipal, Alfonso Mart\u00ednez Alc\u00e1zar, por convertir a Morelia como una ciudad sustentable, mediante acciones contundentes que mitiguen la contaminaci\u00f3n en la ciudad.<\/p>\n","protected":false},"excerpt":{"rendered":"<p>En aras de lograr que Morelia sea una de las ciudades con mayor n\u00famero de veh\u00edculos del transporte p\u00fablico que empleen el gas natural y con ello, disminuir la contaminaci\u00f3n ambiental en la capital michoacana, el Gobierno Municipal, a trav\u00e9s de la Direcci\u00f3n de Medio Ambiente y Sustentabilidad, contin\u00faa trabajando de la mano con los [&hellip;]<\/p>\n","protected":false},"author":2,"featured_media":41873,"comment_status":"closed","ping_status":"closed","sticky":false,"template":"","format":"standard","meta":{"footnotes":""},"categories":[14,60,9],"tags":[],"class_list":["post-41872","post","type-post","status-publish","format-standard","has-post-thumbnail","hentry","category-destacadas","category-michoacan","category-morelia"],"_links":{"self":[{"href":"https:\/\/radiowebmx.com\/nota\/wp-json\/wp\/v2\/posts\/41872","targetHints":{"allow":["GET"]}}],"collection":[{"href":"https:\/\/radiowebmx.com\/nota\/wp-json\/wp\/v2\/posts"}],"about":[{"href":"https:\/\/radiowebmx.com\/nota\/wp-json\/wp\/v2\/types\/post"}],"author":[{"embeddable":true,"href":"https:\/\/radiowebmx.com\/nota\/wp-json\/wp\/v2\/users\/2"}],"replies":[{"embeddable":true,"href":"https:\/\/radiowebmx.com\/nota\/wp-json\/wp\/v2\/comments?post=41872"}],"version-history":[{"count":1,"href":"https:\/\/radiowebmx.com\/nota\/wp-json\/wp\/v2\/posts\/41872\/revisions"}],"predecessor-version":[{"id":41874,"href":"https:\/\/radiowebmx.com\/nota\/wp-json\/wp\/v2\/posts\/41872\/revisions\/41874"}],"wp:featuredmedia":[{"embeddable":true,"href":"https:\/\/radiowebmx.com\/nota\/wp-json\/wp\/v2\/media\/41873"}],"wp:attachment":[{"href":"https:\/\/radiowebmx.com\/nota\/wp-json\/wp\/v2\/media?parent=41872"}],"wp:term":[{"taxonomy":"category","embeddable":true,"href":"https:\/\/radiowebmx.com\/nota\/wp-json\/wp\/v2\/categories?post=41872"},{"taxonomy":"post_tag","embeddable":true,"href":"https:\/\/radiowebmx.com\/nota\/wp-json\/wp\/v2\/tags?post=41872"}],"curies":[{"name":"wp","href":"https:\/\/api.w.org\/{rel}","templated":true}]}}