{"id":41830,"date":"2017-08-10T12:54:32","date_gmt":"2017-08-10T17:54:32","guid":{"rendered":"https:\/\/radiowebmx.com\/nota\/?p=41830"},"modified":"2017-08-10T12:54:32","modified_gmt":"2017-08-10T17:54:32","slug":"manifiesto-4","status":"publish","type":"post","link":"https:\/\/radiowebmx.com\/nota\/manifiesto-4\/","title":{"rendered":"MANIFIESTO"},"content":{"rendered":"<p>&#8220;&#8230;Somos periodistas. Una vez m\u00e1s estamos dolidos, enojados y preocupados.<br \/>\nNuestro colega Luciano Rivera fue asesinado el lunes 31 de julio de 2017 en Playas de Rosarito, Baja California. El crimen a\u00fan no ha sido aclarado y, lejos de investigar, pareciera que las instituciones de procuraci\u00f3n de justicia buscan cerrar el caso e incluso persiguen a otros colegas quienes develan detalles importantes.<br \/>\nHoras despu\u00e9s del homicidio, la subprocuradora de Baja California, Patricia Ortega, dijo que no exist\u00edan indicios de que el asesinato de Luciano Rivera se vinculara con su actividad period\u00edstica. Ella difundi\u00f3 la versi\u00f3n de que habr\u00eda sido asesinado por defender a una mujer dentro de un bar.<br \/>\nSin embargo, con el paso de los d\u00edas ha quedado claro que las personas que dispararon contra Luciano Rivera llegaron hasta all\u00ed busc\u00e1ndolo y presuntamente ten\u00edan tiempo sigui\u00e9ndolo. Adem\u00e1s, en la revista que \u00e9l dirig\u00eda -Dictamen BC-, los \u00faltimos ejemplares fueron dedicados a investigaciones que sin dudas pudieron incomodar a grupos delincuenciales y de poder: la edici\u00f3n de mayo llev\u00f3 por t\u00edtulo \u201cGuerra de narcomenudistas\u201d y la de junio\/julio \u201cDesmantelan a la mafia amarilla\u201d, en relaci\u00f3n a una mafia de taxis en Tijuana.<br \/>\nExigimos que el asesinato de Luciano Rivera sea investigado sin descartar a su trabajo period\u00edstico como posible m\u00f3vil. Que sean identificados y castigados los responsables, as\u00ed como garantizada la seguridad de sus familiares y compa\u00f1eros.<br \/>\nTambi\u00e9n responsabilizamos al gobierno de Baja California y a todas las autoridades mexicanas por la integridad de nuestro colega Alberto Elenes, quien con su trabajo demostr\u00f3 que la versi\u00f3n de la PGJ-BC es insostenible y por ello ha sufrido acoso de las autoridades.<br \/>\nElenes investig\u00f3 m\u00e1s que los \u00f3rganos de gobierno. Registr\u00f3 testimonios de testigos que refieren a un asesinato premeditado y no fortuito, como aseguraba la PGJ-BC. En la primera audiencia de vinculaci\u00f3n a proceso, la justicia confirm\u00f3 la versi\u00f3n publicada por el reportero.<br \/>\nSin embargo, las autoridades de Baja California lo agreden. El director de Comunicaci\u00f3n Social de la PGJ-BC lo llam\u00f3 \u201cirresponsable\u201d por cuestionar la primera versi\u00f3n oficial del asesinato y lo acus\u00f3 de \u201ctratar de desacreditar la versi\u00f3n de la autoridad\u201d, en un acto que inequ\u00edvocamente resulta intimidatorio.<br \/>\nExigimos se garantice la integridad f\u00edsica del compa\u00f1ero Alberto Elenes y cese el descr\u00e9dito a su trabajo. Acompa\u00f1amos el reclamo de nuestros colegas de Baja California y exigimos seguridad para ellos.<\/p>\n<p>Basta de agredirnos. Basta de asesinarnos.<br \/>\nProtegemos a nuestras fuentes para procurarles seguridad. Investigamos para hacer de M\u00e9xico un pa\u00eds m\u00e1s democr\u00e1tico y justo.<br \/>\n\u00a1Justicia para Luciano Rivera, seguridad para Alberto Elenes!<\/p>\n","protected":false},"excerpt":{"rendered":"<p>&#8220;&#8230;Somos periodistas. Una vez m\u00e1s estamos dolidos, enojados y preocupados. Nuestro colega Luciano Rivera fue asesinado el lunes 31 de julio de 2017 en Playas de Rosarito, Baja California. El crimen a\u00fan no ha sido aclarado y, lejos de investigar, pareciera que las instituciones de procuraci\u00f3n de justicia buscan cerrar el caso e incluso persiguen [&hellip;]<\/p>\n","protected":false},"author":2,"featured_media":40595,"comment_status":"closed","ping_status":"closed","sticky":false,"template":"","format":"standard","meta":{"footnotes":""},"categories":[14],"tags":[],"class_list":["post-41830","post","type-post","status-publish","format-standard","has-post-thumbnail","hentry","category-destacadas"],"_links":{"self":[{"href":"https:\/\/radiowebmx.com\/nota\/wp-json\/wp\/v2\/posts\/41830","targetHints":{"allow":["GET"]}}],"collection":[{"href":"https:\/\/radiowebmx.com\/nota\/wp-json\/wp\/v2\/posts"}],"about":[{"href":"https:\/\/radiowebmx.com\/nota\/wp-json\/wp\/v2\/types\/post"}],"author":[{"embeddable":true,"href":"https:\/\/radiowebmx.com\/nota\/wp-json\/wp\/v2\/users\/2"}],"replies":[{"embeddable":true,"href":"https:\/\/radiowebmx.com\/nota\/wp-json\/wp\/v2\/comments?post=41830"}],"version-history":[{"count":1,"href":"https:\/\/radiowebmx.com\/nota\/wp-json\/wp\/v2\/posts\/41830\/revisions"}],"predecessor-version":[{"id":41831,"href":"https:\/\/radiowebmx.com\/nota\/wp-json\/wp\/v2\/posts\/41830\/revisions\/41831"}],"wp:featuredmedia":[{"embeddable":true,"href":"https:\/\/radiowebmx.com\/nota\/wp-json\/wp\/v2\/media\/40595"}],"wp:attachment":[{"href":"https:\/\/radiowebmx.com\/nota\/wp-json\/wp\/v2\/media?parent=41830"}],"wp:term":[{"taxonomy":"category","embeddable":true,"href":"https:\/\/radiowebmx.com\/nota\/wp-json\/wp\/v2\/categories?post=41830"},{"taxonomy":"post_tag","embeddable":true,"href":"https:\/\/radiowebmx.com\/nota\/wp-json\/wp\/v2\/tags?post=41830"}],"curies":[{"name":"wp","href":"https:\/\/api.w.org\/{rel}","templated":true}]}}