{"id":41826,"date":"2017-08-10T12:52:05","date_gmt":"2017-08-10T17:52:05","guid":{"rendered":"https:\/\/radiowebmx.com\/nota\/?p=41826"},"modified":"2017-08-10T12:52:05","modified_gmt":"2017-08-10T17:52:05","slug":"estudiantes-de-nuevo-ingreso-del-conalep-michoacan-asisten-a-cursos-de-induccion","status":"publish","type":"post","link":"https:\/\/radiowebmx.com\/nota\/estudiantes-de-nuevo-ingreso-del-conalep-michoacan-asisten-a-cursos-de-induccion\/","title":{"rendered":"Estudiantes de nuevo ingreso del Conalep Michoac\u00e1n asisten a cursos de inducci\u00f3n"},"content":{"rendered":"<p><a href=\"https:\/\/radiowebmx.com\/nota\/wp-content\/uploads\/2017\/08\/8a846172-a4a1-4fbe-acde-202282f31527.jpg\"><img loading=\"lazy\" decoding=\"async\" class=\"alignnone  wp-image-41827\" src=\"https:\/\/radiowebmx.com\/nota\/wp-content\/uploads\/2017\/08\/8a846172-a4a1-4fbe-acde-202282f31527-595x397.jpg\" alt=\"\" width=\"400\" height=\"267\" srcset=\"https:\/\/radiowebmx.com\/nota\/wp-content\/uploads\/2017\/08\/8a846172-a4a1-4fbe-acde-202282f31527-595x397.jpg 595w, https:\/\/radiowebmx.com\/nota\/wp-content\/uploads\/2017\/08\/8a846172-a4a1-4fbe-acde-202282f31527-768x512.jpg 768w, https:\/\/radiowebmx.com\/nota\/wp-content\/uploads\/2017\/08\/8a846172-a4a1-4fbe-acde-202282f31527-960x640.jpg 960w, https:\/\/radiowebmx.com\/nota\/wp-content\/uploads\/2017\/08\/8a846172-a4a1-4fbe-acde-202282f31527-272x182.jpg 272w, https:\/\/radiowebmx.com\/nota\/wp-content\/uploads\/2017\/08\/8a846172-a4a1-4fbe-acde-202282f31527.jpg 1296w\" sizes=\"auto, (max-width: 400px) 100vw, 400px\" \/><\/a><\/p>\n<p>&nbsp;<\/p>\n<p><strong>Morelia, Michoac\u00e1n, a 10 de agosto de 2017.-\u00a0<\/strong>Con la finalidad de reforzar los conocimientos acad\u00e9micos en materias b\u00e1sicas como espa\u00f1ol y matem\u00e1ticas, durante una semana estudiantes de nuevo ingreso acudieron a los cursos de inducci\u00f3n realizados en los 13 planteles del Colegio de Educaci\u00f3n Profesional T\u00e9cnica del Estado de Michoac\u00e1n.<\/p>\n<p>Para lo que corresponde al ciclo escolar 2017-2018, el subsistema prev\u00e9 atender una matr\u00edcula de 11 mil 318 estudiantes, de los cuales 4 mil 800 corresponden al primer semestre, detall\u00f3 la titular del Conalep Michoac\u00e1n, Minerva Bautista G\u00f3mez.<\/p>\n<p>\u201cLos cursos de inducci\u00f3n fueron en dos etapas; principalmente son para tener un diagn\u00f3stico del nivel acad\u00e9mico en el que recibimos a nuestros estudiantes en estos dos rubros y detectar si son necesarias regularizaciones y que los alumnos no se retrasen en sus materias y desde un inicio del ciclo escolar abatir el \u00edndice de reprobaci\u00f3n\u201d, coment\u00f3.<\/p>\n<p>La funcionaria estatal indic\u00f3 que entre los retos para el nuevo ciclo escolar -el cual dar\u00e1 inicio pr\u00f3ximo lunes-,\u00a0se encuentra la certificaci\u00f3n en diversas competencias laborales, la integraci\u00f3n de nuevas carreras en tres de los planteles y continuar con los cursos de capacitaci\u00f3n, \u00e1rea que se reactiv\u00f3 a partir de la presente administraci\u00f3n estatal.<\/p>\n<p>&#8220;En Michoac\u00e1n estamos haciendo las cosas bien y brindamos una atenci\u00f3n integral en beneficio de poblaci\u00f3n de diversos sectores&#8221;, se\u00f1al\u00f3.<\/p>\n","protected":false},"excerpt":{"rendered":"<p>&nbsp; Morelia, Michoac\u00e1n, a 10 de agosto de 2017.-\u00a0Con la finalidad de reforzar los conocimientos acad\u00e9micos en materias b\u00e1sicas como espa\u00f1ol y matem\u00e1ticas, durante una semana estudiantes de nuevo ingreso acudieron a los cursos de inducci\u00f3n realizados en los 13 planteles del Colegio de Educaci\u00f3n Profesional T\u00e9cnica del Estado de Michoac\u00e1n. Para lo que corresponde [&hellip;]<\/p>\n","protected":false},"author":2,"featured_media":41828,"comment_status":"closed","ping_status":"closed","sticky":false,"template":"","format":"standard","meta":{"footnotes":""},"categories":[14,3,60],"tags":[],"class_list":["post-41826","post","type-post","status-publish","format-standard","has-post-thumbnail","hentry","category-destacadas","category-gobierno-del-estado-de-michoacan","category-michoacan"],"_links":{"self":[{"href":"https:\/\/radiowebmx.com\/nota\/wp-json\/wp\/v2\/posts\/41826","targetHints":{"allow":["GET"]}}],"collection":[{"href":"https:\/\/radiowebmx.com\/nota\/wp-json\/wp\/v2\/posts"}],"about":[{"href":"https:\/\/radiowebmx.com\/nota\/wp-json\/wp\/v2\/types\/post"}],"author":[{"embeddable":true,"href":"https:\/\/radiowebmx.com\/nota\/wp-json\/wp\/v2\/users\/2"}],"replies":[{"embeddable":true,"href":"https:\/\/radiowebmx.com\/nota\/wp-json\/wp\/v2\/comments?post=41826"}],"version-history":[{"count":1,"href":"https:\/\/radiowebmx.com\/nota\/wp-json\/wp\/v2\/posts\/41826\/revisions"}],"predecessor-version":[{"id":41829,"href":"https:\/\/radiowebmx.com\/nota\/wp-json\/wp\/v2\/posts\/41826\/revisions\/41829"}],"wp:featuredmedia":[{"embeddable":true,"href":"https:\/\/radiowebmx.com\/nota\/wp-json\/wp\/v2\/media\/41828"}],"wp:attachment":[{"href":"https:\/\/radiowebmx.com\/nota\/wp-json\/wp\/v2\/media?parent=41826"}],"wp:term":[{"taxonomy":"category","embeddable":true,"href":"https:\/\/radiowebmx.com\/nota\/wp-json\/wp\/v2\/categories?post=41826"},{"taxonomy":"post_tag","embeddable":true,"href":"https:\/\/radiowebmx.com\/nota\/wp-json\/wp\/v2\/tags?post=41826"}],"curies":[{"name":"wp","href":"https:\/\/api.w.org\/{rel}","templated":true}]}}