{"id":4182,"date":"2013-10-22T11:08:59","date_gmt":"2013-10-22T16:08:59","guid":{"rendered":"https:\/\/radiowebmx.com\/nota\/?p=4182"},"modified":"2013-10-22T11:08:59","modified_gmt":"2013-10-22T16:08:59","slug":"plantel-conalep-morelia-ii-festeja-su-27-aniversario","status":"publish","type":"post","link":"https:\/\/radiowebmx.com\/nota\/plantel-conalep-morelia-ii-festeja-su-27-aniversario\/","title":{"rendered":"PLANTEL CONALEP MORELIA II FESTEJA SU 27 ANIVERSARIO"},"content":{"rendered":"<p><a href=\"https:\/\/radiowebmx.com\/nota\/wp-content\/uploads\/2013\/10\/31.jpg\"><img loading=\"lazy\" decoding=\"async\" class=\"alignleft size-full wp-image-4183\" alt=\"3\" src=\"https:\/\/radiowebmx.com\/nota\/wp-content\/uploads\/2013\/10\/31.jpg\" width=\"591\" height=\"267\" \/><\/a>Con 24 generaciones de egresados, este lunes el plantel Morelia II del Colegio de Educaci\u00f3n Profesional T\u00e9cnica del Estado de Michoac\u00e1n (Conalep), festej\u00f3 su 27 aniversario con un acto conmemorativo, adem\u00e1s de actividades culturales y deportivas.<\/p>\n<p>Durante el acto conmemorativo, el director general del Conalep Michoac\u00e1n, Jos\u00e9 Arturo Villase\u00f1or G\u00f3mez reconoci\u00f3 la labor del personal docente y administrativo de la instituci\u00f3n, quienes han contribuido a que el plantel cuente con la trayectoria educativa que le caracteriza, desde que inici\u00f3 labores el 20 de octubre de 1986.<\/p>\n<p>Para celebrar el aniversario, durante toda la semana se realizar\u00e1n trabajos que contemplan cursos, talleres y conferencias a padres de familia y alumnos, as\u00ed como actividades culturales y deportivas, entre las que se encuentran un Concurso de Ofrendas y Altares; torneos de basquetbol, futbol y volibol.<\/p>\n<p>Al inicio de su labor educativa, el plantel contaba una planta administrativa de 24 elementos y 28 docentes que impart\u00edan clases en aulas de l\u00e1mina y prefabricado a una matr\u00edcula de 400 alumnos a los que se ofertaban tres carreras.<\/p>\n<p>Actualmente, el plantel del cual han egresado 24 generaciones, ofrece las carreras de Mantenimiento de Sistemas Electr\u00f3nicos, Inform\u00e1tica, adem\u00e1s de Soporte y Mantenimiento de Equipo de C\u00f3mputo.<\/p>\n","protected":false},"excerpt":{"rendered":"<p>Con 24 generaciones de egresados, este lunes el plantel Morelia II del Colegio de Educaci\u00f3n Profesional T\u00e9cnica del Estado de Michoac\u00e1n (Conalep), festej\u00f3 su 27 aniversario con un acto conmemorativo, adem\u00e1s de actividades culturales y deportivas.<\/p>\n","protected":false},"author":1,"featured_media":0,"comment_status":"open","ping_status":"open","sticky":false,"template":"","format":"standard","meta":{"footnotes":""},"categories":[14,3],"tags":[],"class_list":["post-4182","post","type-post","status-publish","format-standard","hentry","category-destacadas","category-gobierno-del-estado-de-michoacan"],"_links":{"self":[{"href":"https:\/\/radiowebmx.com\/nota\/wp-json\/wp\/v2\/posts\/4182","targetHints":{"allow":["GET"]}}],"collection":[{"href":"https:\/\/radiowebmx.com\/nota\/wp-json\/wp\/v2\/posts"}],"about":[{"href":"https:\/\/radiowebmx.com\/nota\/wp-json\/wp\/v2\/types\/post"}],"author":[{"embeddable":true,"href":"https:\/\/radiowebmx.com\/nota\/wp-json\/wp\/v2\/users\/1"}],"replies":[{"embeddable":true,"href":"https:\/\/radiowebmx.com\/nota\/wp-json\/wp\/v2\/comments?post=4182"}],"version-history":[{"count":2,"href":"https:\/\/radiowebmx.com\/nota\/wp-json\/wp\/v2\/posts\/4182\/revisions"}],"predecessor-version":[{"id":4185,"href":"https:\/\/radiowebmx.com\/nota\/wp-json\/wp\/v2\/posts\/4182\/revisions\/4185"}],"wp:attachment":[{"href":"https:\/\/radiowebmx.com\/nota\/wp-json\/wp\/v2\/media?parent=4182"}],"wp:term":[{"taxonomy":"category","embeddable":true,"href":"https:\/\/radiowebmx.com\/nota\/wp-json\/wp\/v2\/categories?post=4182"},{"taxonomy":"post_tag","embeddable":true,"href":"https:\/\/radiowebmx.com\/nota\/wp-json\/wp\/v2\/tags?post=4182"}],"curies":[{"name":"wp","href":"https:\/\/api.w.org\/{rel}","templated":true}]}}