{"id":41815,"date":"2017-08-09T19:22:05","date_gmt":"2017-08-10T00:22:05","guid":{"rendered":"https:\/\/radiowebmx.com\/nota\/?p=41815"},"modified":"2017-08-10T12:31:23","modified_gmt":"2017-08-10T17:31:23","slug":"congreso-comprometido-con-la-seguridad-y-justicia-de-los-michoacanos-angel-cedillo","status":"publish","type":"post","link":"https:\/\/radiowebmx.com\/nota\/congreso-comprometido-con-la-seguridad-y-justicia-de-los-michoacanos-angel-cedillo\/","title":{"rendered":"Congreso comprometido con la seguridad y justicia de los michoacanos: \u00c1ngel Cedillo"},"content":{"rendered":"<p><a href=\"https:\/\/radiowebmx.com\/nota\/wp-content\/uploads\/2017\/08\/Comunicado-1098-1.jpg\"><img loading=\"lazy\" decoding=\"async\" class=\"alignnone  wp-image-41816\" src=\"https:\/\/radiowebmx.com\/nota\/wp-content\/uploads\/2017\/08\/Comunicado-1098-1-595x395.jpg\" alt=\"\" width=\"398\" height=\"264\" srcset=\"https:\/\/radiowebmx.com\/nota\/wp-content\/uploads\/2017\/08\/Comunicado-1098-1-595x395.jpg 595w, https:\/\/radiowebmx.com\/nota\/wp-content\/uploads\/2017\/08\/Comunicado-1098-1.jpg 720w\" sizes=\"auto, (max-width: 398px) 100vw, 398px\" \/><\/a><\/p>\n<p>&nbsp;<\/p>\n<p class=\"x_MsoNormal\"><b>Morelia;\u00a0 Michoac\u00e1n, 9 de agosto de 2017.-<\/b>\u00a0Michoac\u00e1n ha logrado hacer frente a diversas dificultades para lograr transitar al desarrollo y progreso, y desde el Congreso del Estado se ha contribuido para caminar en la armonizaci\u00f3n e impulso de marcos jur\u00eddicos vigentes en materia de seguridad y justicia, para que las instituciones encargadas de la procuraci\u00f3n y administraci\u00f3n de justicia cuenten con las herramientas para garantizar la paz y el Estado de Derecho, afirm\u00f3 el diputado Presidente de la Comisi\u00f3n de Justicia en la LXXIII Legislatura local, \u00c1ngel Cedillo Hern\u00e1ndez.<\/p>\n<p class=\"x_MsoNormal\">Tras resaltar que la unidad entre las y los michoacanos y la coordinaci\u00f3n entre los gobiernos y sociedad ha sido un tema fundamental para avanzar, consider\u00f3 que las acciones que se implementan en materia de seguridad deben permanecer y reforzarse d\u00eda a d\u00eda, bajo ninguna circunstancia se puede bajar la guardia.<\/p>\n<p class=\"x_MsoNormal\">En ese sentido, el diputado local por el Distrito de Uruapan Norte, reconoci\u00f3 que el tema de la seguridad es un problema que por a\u00f1os ha preocupado a las autoridades y ciudadanos en el pa\u00eds y estado, no obstante, \u201cen Michoac\u00e1n son claras las acciones que se realizan para combatir la inseguridad, mismas que han dado resultados y se ha logrado avanzar, aunque a\u00fan falta mucho por hacer\u201d.<\/p>\n<p class=\"x_MsoNormal\">En ese sentido, consider\u00f3 que acciones como dignificar la Base de Unidad de Restablecimiento del Orden P\u00fablico y el dotar de equipo a municipios es una acci\u00f3n importante, por lo que se sum\u00f3 al llamado a\u00a0 los elementos y autoridades encargadas de la procuraci\u00f3n de justicia y seguridad, a que en todo momento se conduzcan apegados a la ley, siempre respetando los derechos humanos de los ciudadanos y dar pasos s\u00f3lidos y transparentes para recobrar la confianza de la sociedad.<\/p>\n<p class=\"x_MsoNormal\">Aunado a lo anterior, consider\u00f3 fundamental que la administraci\u00f3n estatal contin\u00fae con las acciones encaminadas a mejorar las condiciones laborales de los elementos de seguridad dot\u00e1ndolos y capacit\u00e1ndolos como se est\u00e1 haciendo, y en donde siempre se demandar\u00e1 \u201ca los elementos y autoridades a conducirse con respeto y con sensibilidad a los ciudadanos y toda acci\u00f3n debe ser apegada a la ley\u201d.<\/p>\n<p class=\"x_MsoNormal\">\u00c1ngel Cedillo a\u00f1adi\u00f3 que las acciones que se han puesto en marcha y tienen como finalidad garantizar la seguridad y el desarrollo de los ciudadanos deben continuar para que Michoac\u00e1n sea un estado en paz y un ejemplo.<\/p>\n<p class=\"x_MsoNormal\">Un Michoac\u00e1n seguro, reiter\u00f3 es lo que todos los ciudadanos desean, por lo que se debe seguir por la ruta de trabajar coordinados los diversos niveles de gobierno y sociedad para disminuir la incidencia delictiva.<\/p>\n","protected":false},"excerpt":{"rendered":"<p>&nbsp; Morelia;\u00a0 Michoac\u00e1n, 9 de agosto de 2017.-\u00a0Michoac\u00e1n ha logrado hacer frente a diversas dificultades para lograr transitar al desarrollo y progreso, y desde el Congreso del Estado se ha contribuido para caminar en la armonizaci\u00f3n e impulso de marcos jur\u00eddicos vigentes en materia de seguridad y justicia, para que las instituciones encargadas de la [&hellip;]<\/p>\n","protected":false},"author":2,"featured_media":41817,"comment_status":"closed","ping_status":"closed","sticky":false,"template":"","format":"standard","meta":{"footnotes":""},"categories":[6,14],"tags":[],"class_list":["post-41815","post","type-post","status-publish","format-standard","has-post-thumbnail","hentry","category-congreso-del-estado","category-destacadas"],"_links":{"self":[{"href":"https:\/\/radiowebmx.com\/nota\/wp-json\/wp\/v2\/posts\/41815","targetHints":{"allow":["GET"]}}],"collection":[{"href":"https:\/\/radiowebmx.com\/nota\/wp-json\/wp\/v2\/posts"}],"about":[{"href":"https:\/\/radiowebmx.com\/nota\/wp-json\/wp\/v2\/types\/post"}],"author":[{"embeddable":true,"href":"https:\/\/radiowebmx.com\/nota\/wp-json\/wp\/v2\/users\/2"}],"replies":[{"embeddable":true,"href":"https:\/\/radiowebmx.com\/nota\/wp-json\/wp\/v2\/comments?post=41815"}],"version-history":[{"count":1,"href":"https:\/\/radiowebmx.com\/nota\/wp-json\/wp\/v2\/posts\/41815\/revisions"}],"predecessor-version":[{"id":41818,"href":"https:\/\/radiowebmx.com\/nota\/wp-json\/wp\/v2\/posts\/41815\/revisions\/41818"}],"wp:featuredmedia":[{"embeddable":true,"href":"https:\/\/radiowebmx.com\/nota\/wp-json\/wp\/v2\/media\/41817"}],"wp:attachment":[{"href":"https:\/\/radiowebmx.com\/nota\/wp-json\/wp\/v2\/media?parent=41815"}],"wp:term":[{"taxonomy":"category","embeddable":true,"href":"https:\/\/radiowebmx.com\/nota\/wp-json\/wp\/v2\/categories?post=41815"},{"taxonomy":"post_tag","embeddable":true,"href":"https:\/\/radiowebmx.com\/nota\/wp-json\/wp\/v2\/tags?post=41815"}],"curies":[{"name":"wp","href":"https:\/\/api.w.org\/{rel}","templated":true}]}}