{"id":41810,"date":"2017-08-09T16:57:55","date_gmt":"2017-08-09T21:57:55","guid":{"rendered":"https:\/\/radiowebmx.com\/nota\/?p=41810"},"modified":"2017-08-10T12:20:13","modified_gmt":"2017-08-10T17:20:13","slug":"educacion-instrumento-transformador-de-michoacan-sigala","status":"publish","type":"post","link":"https:\/\/radiowebmx.com\/nota\/educacion-instrumento-transformador-de-michoacan-sigala\/","title":{"rendered":"Educaci\u00f3n, instrumento transformador de Michoac\u00e1n: Sigala"},"content":{"rendered":"<p><a href=\"https:\/\/radiowebmx.com\/nota\/wp-content\/uploads\/2017\/08\/3.jpg\"><img loading=\"lazy\" decoding=\"async\" class=\"alignnone  wp-image-41812\" src=\"https:\/\/radiowebmx.com\/nota\/wp-content\/uploads\/2017\/08\/3-595x397.jpg\" alt=\"\" width=\"402\" height=\"268\" srcset=\"https:\/\/radiowebmx.com\/nota\/wp-content\/uploads\/2017\/08\/3-595x397.jpg 595w, https:\/\/radiowebmx.com\/nota\/wp-content\/uploads\/2017\/08\/3-272x182.jpg 272w, https:\/\/radiowebmx.com\/nota\/wp-content\/uploads\/2017\/08\/3.jpg 709w\" sizes=\"auto, (max-width: 402px) 100vw, 402px\" \/><\/a><\/p>\n<p>&nbsp;<\/p>\n<p class=\"x_MsoNormal\"><b><span lang=\"ES-MX\">Morelia;\u00a0 Michoac\u00e1n, 9 de agosto de 2017.-<\/span><\/b><span lang=\"ES-MX\">\u00a0La educaci\u00f3n desde la primer infancia, hasta el nivel superior, es la clave para cambiar la realidad al formar buenos ciudadanos que fortalezcan el desarrollo de sus comunidades y en consecuencia del estado, manifest\u00f3 Pascual Sigala P\u00e1ez, Presidente de la Mesa Directiva del Congreso del Estado<\/span><span lang=\"ES-MX\">, durante la Presentaci\u00f3n del Programa Estatal de Evaluaci\u00f3n y Mejora Educativa.<\/span><\/p>\n<p class=\"x_MsoNormal\"><span lang=\"ES-MX\">En presencia de Silvano Aureoles, Titular del Poder Ejecutivo; Silvia Schmelkes, Consejera del Instituto Nacional para la Evaluaci\u00f3n Educativa; Alberto Frutis, secretario de Educaci\u00f3n en el Estado, y personalidades educativas, el Presidente de la Mesa Directiva del Congreso Local, reconoci\u00f3 al gobierno del estado por asumir con alta responsabilidad la tarea de la educaci\u00f3n de calidad, al realizar acciones sin precedentes para que michoac\u00e1n salga del rezago educativo.<\/span><\/p>\n<p class=\"x_MsoNormal\"><span lang=\"ES-MX\">Sigala P\u00e1ez, destac\u00f3 que es tarea de todos observar que los actores que inciden en la educaci\u00f3n b\u00e1sica, media superior y superior, desempe\u00f1en sus funciones con \u00e9tica y convicci\u00f3n, para que en el corto plazo veamos que este instrumento transformador se convierta en punta de lanza en michoac\u00e1n.<\/span><\/p>\n<p>&nbsp;<\/p>\n<p><a href=\"https:\/\/radiowebmx.com\/nota\/wp-content\/uploads\/2017\/08\/4.jpg\"><img loading=\"lazy\" decoding=\"async\" class=\"alignnone  wp-image-41813\" src=\"https:\/\/radiowebmx.com\/nota\/wp-content\/uploads\/2017\/08\/4-595x397.jpg\" alt=\"\" width=\"399\" height=\"266\" srcset=\"https:\/\/radiowebmx.com\/nota\/wp-content\/uploads\/2017\/08\/4-595x397.jpg 595w, https:\/\/radiowebmx.com\/nota\/wp-content\/uploads\/2017\/08\/4-272x182.jpg 272w, https:\/\/radiowebmx.com\/nota\/wp-content\/uploads\/2017\/08\/4.jpg 709w\" sizes=\"auto, (max-width: 399px) 100vw, 399px\" \/><\/a><\/p>\n<p>&nbsp;<\/p>\n<p class=\"x_MsoNormal\"><span lang=\"ES-MX\">Por otra parte,\u00a0<\/span><span lang=\"ES-MX\">durante el XIII encuentro de ludotecarias \u201cDesarrollando Habilidades, Logr\u00e9 Mis Metas\u201d, en donde se entreg\u00f3 reequipamiento a veinte municipios y 12 instituciones, el legislador se\u00f1al\u00f3 la importancia de que todos los poderes creen y fortalezcan espacios educativos y recreativos que abonan a la sana formaci\u00f3n y desarrollo de ni\u00f1os, quienes con estas acciones, buscamos sean adultos de bien.<\/span><\/p>\n<p class=\"x_MsoNormal\"><span lang=\"ES-MX\">En presencia de Roc\u00edo Beamonte, Directora del DIF Estatal, Fabiola Alanis, Secretaria de Igualdad Sustantiva y Desarrollo de las Mujeres; Mar\u00eda del Carmen Jimenez; Coordinadora de Ludotecas del DIF, as\u00ed como Presidentes Municipales y ludotecarias, el diputado aplaudi\u00f3 el inter\u00e9s de los ayuntamientos al esforzarse para crear las ludotecas en beneficio de sus comunidades, y felicit\u00f3 a las Ludotecarias al tiempo que las invit\u00f3 a dar lo mejor de s\u00ed, para impulsar el desarrollo de los ni\u00f1os a trav\u00e9s de los juegos con paciencia y cari\u00f1o.<\/span><\/p>\n","protected":false},"excerpt":{"rendered":"<p>&nbsp; Morelia;\u00a0 Michoac\u00e1n, 9 de agosto de 2017.-\u00a0La educaci\u00f3n desde la primer infancia, hasta el nivel superior, es la clave para cambiar la realidad al formar buenos ciudadanos que fortalezcan el desarrollo de sus comunidades y en consecuencia del estado, manifest\u00f3 Pascual Sigala P\u00e1ez, Presidente de la Mesa Directiva del Congreso del Estado, durante la [&hellip;]<\/p>\n","protected":false},"author":2,"featured_media":41811,"comment_status":"closed","ping_status":"closed","sticky":false,"template":"","format":"standard","meta":{"footnotes":""},"categories":[6,14,19],"tags":[],"class_list":["post-41810","post","type-post","status-publish","format-standard","has-post-thumbnail","hentry","category-congreso-del-estado","category-destacadas","category-grupo-parlamentario-del-prd"],"_links":{"self":[{"href":"https:\/\/radiowebmx.com\/nota\/wp-json\/wp\/v2\/posts\/41810","targetHints":{"allow":["GET"]}}],"collection":[{"href":"https:\/\/radiowebmx.com\/nota\/wp-json\/wp\/v2\/posts"}],"about":[{"href":"https:\/\/radiowebmx.com\/nota\/wp-json\/wp\/v2\/types\/post"}],"author":[{"embeddable":true,"href":"https:\/\/radiowebmx.com\/nota\/wp-json\/wp\/v2\/users\/2"}],"replies":[{"embeddable":true,"href":"https:\/\/radiowebmx.com\/nota\/wp-json\/wp\/v2\/comments?post=41810"}],"version-history":[{"count":1,"href":"https:\/\/radiowebmx.com\/nota\/wp-json\/wp\/v2\/posts\/41810\/revisions"}],"predecessor-version":[{"id":41814,"href":"https:\/\/radiowebmx.com\/nota\/wp-json\/wp\/v2\/posts\/41810\/revisions\/41814"}],"wp:featuredmedia":[{"embeddable":true,"href":"https:\/\/radiowebmx.com\/nota\/wp-json\/wp\/v2\/media\/41811"}],"wp:attachment":[{"href":"https:\/\/radiowebmx.com\/nota\/wp-json\/wp\/v2\/media?parent=41810"}],"wp:term":[{"taxonomy":"category","embeddable":true,"href":"https:\/\/radiowebmx.com\/nota\/wp-json\/wp\/v2\/categories?post=41810"},{"taxonomy":"post_tag","embeddable":true,"href":"https:\/\/radiowebmx.com\/nota\/wp-json\/wp\/v2\/tags?post=41810"}],"curies":[{"name":"wp","href":"https:\/\/api.w.org\/{rel}","templated":true}]}}