{"id":41800,"date":"2017-08-09T15:27:47","date_gmt":"2017-08-09T20:27:47","guid":{"rendered":"https:\/\/radiowebmx.com\/nota\/?p=41800"},"modified":"2017-08-10T11:44:26","modified_gmt":"2017-08-10T16:44:26","slug":"presenta-silvano-aureoles-programa-estatal-de-evaluacion-y-mejora-educativa","status":"publish","type":"post","link":"https:\/\/radiowebmx.com\/nota\/presenta-silvano-aureoles-programa-estatal-de-evaluacion-y-mejora-educativa\/","title":{"rendered":"Presenta Silvano Aureoles Programa Estatal de Evaluaci\u00f3n y Mejora Educativa"},"content":{"rendered":"<p><a href=\"https:\/\/radiowebmx.com\/nota\/wp-content\/uploads\/2017\/08\/7620ba04-7be2-4224-8e9c-a078ebd9078e.jpeg\"><img loading=\"lazy\" decoding=\"async\" class=\"alignnone  wp-image-41802\" src=\"https:\/\/radiowebmx.com\/nota\/wp-content\/uploads\/2017\/08\/7620ba04-7be2-4224-8e9c-a078ebd9078e-595x396.jpeg\" alt=\"\" width=\"400\" height=\"266\" srcset=\"https:\/\/radiowebmx.com\/nota\/wp-content\/uploads\/2017\/08\/7620ba04-7be2-4224-8e9c-a078ebd9078e-595x396.jpeg 595w, https:\/\/radiowebmx.com\/nota\/wp-content\/uploads\/2017\/08\/7620ba04-7be2-4224-8e9c-a078ebd9078e-272x182.jpeg 272w, https:\/\/radiowebmx.com\/nota\/wp-content\/uploads\/2017\/08\/7620ba04-7be2-4224-8e9c-a078ebd9078e.jpeg 709w\" sizes=\"auto, (max-width: 400px) 100vw, 400px\" \/><\/a><\/p>\n<p>&nbsp;<\/p>\n<ul>\n<li><strong>Por primera vez en 22 a\u00f1os, en este ciclo escolar no se registr\u00f3 ning\u00fan paro de labores; destaca el titular de la SEE, Alberto Frutis.<\/strong><\/li>\n<\/ul>\n<p><strong>Morelia, Michoac\u00e1n, a 9 de agosto de 2017.-<\/strong>\u00a0En Michoac\u00e1n por ninguna raz\u00f3n retrocederemos en materia educativa, pues los avances que durante la actual administraci\u00f3n se han obtenido mejorar\u00e1n las condiciones de vida de las presentes y futuras generaciones, asegur\u00f3 el Gobernador Constitucional Silvano Aureoles Conejo, en el marco de la presentaci\u00f3n del Programa Estatal de Evaluaci\u00f3n y Mejora Educativa (PEEME).<\/p>\n<p>&#8220;Las ni\u00f1as, ni\u00f1os y j\u00f3venes del estado no pueden ni deben ser nunca rehenes de intereses de grupo o particulares; en por lo menos tres d\u00e9cadas la educaci\u00f3n de Michoac\u00e1n estuvo sometida a intereses gremiales y eso no puede estar por encima del derecho de la ni\u00f1ez y juventud a recibir educaci\u00f3n de calidad&#8221;, asever\u00f3.<\/p>\n<p>El mandatario estatal reconoci\u00f3 que en estos dos a\u00f1os se han enfrentado grandes retos para recuperar la rector\u00eda de la educaci\u00f3n, pero &#8220;somos una inmensa mayor\u00eda los que queremos que la educaci\u00f3n en Michoac\u00e1n sea mejor&#8221;.<\/p>\n<p>En este sentido, Silvano Aureoles invit\u00f3 a los gremios a reflexionar hac\u00eda d\u00f3nde quieren dirigir la educaci\u00f3n en la entidad.<br \/>\n&nbsp;<\/p>\n<p><a href=\"https:\/\/radiowebmx.com\/nota\/wp-content\/uploads\/2017\/08\/38d2b203-3da2-428a-af6d-228859314eac.jpeg\"><img loading=\"lazy\" decoding=\"async\" class=\"alignnone  wp-image-41803\" src=\"https:\/\/radiowebmx.com\/nota\/wp-content\/uploads\/2017\/08\/38d2b203-3da2-428a-af6d-228859314eac-595x396.jpeg\" alt=\"\" width=\"400\" height=\"266\" srcset=\"https:\/\/radiowebmx.com\/nota\/wp-content\/uploads\/2017\/08\/38d2b203-3da2-428a-af6d-228859314eac-595x396.jpeg 595w, https:\/\/radiowebmx.com\/nota\/wp-content\/uploads\/2017\/08\/38d2b203-3da2-428a-af6d-228859314eac-272x182.jpeg 272w, https:\/\/radiowebmx.com\/nota\/wp-content\/uploads\/2017\/08\/38d2b203-3da2-428a-af6d-228859314eac.jpeg 709w\" sizes=\"auto, (max-width: 400px) 100vw, 400px\" \/><\/a><\/p>\n<p>&nbsp;<\/p>\n<p>Manifest\u00f3 que la f\u00f3rmula tiene que completarse: por un lado la responsabilidad del Gobierno en la mejora permanente de la calidad de la educaci\u00f3n para nuestras ni\u00f1as, ni\u00f1os y j\u00f3venes; por otro lado, la participaci\u00f3n de la sociedad civil organizada, las mam\u00e1s y los pap\u00e1s, y desde luego un factor fundamental, que son las maestras y los maestros. \u201cSi cada d\u00eda hacemos lo que nos toca, las cosas van a salir bien\u201d.<\/p>\n<p>El secretario de Educaci\u00f3n en el Estado, Alberto Frutis Sol\u00eds, destac\u00f3 que por primera vez en 22 a\u00f1os en Michoac\u00e1n no se registr\u00f3 ning\u00fan paro de labores en las diversas aulas de la entidad en el ciclo escolar que reci\u00e9n concluy\u00f3. \u201cNuestros indicadores se est\u00e1n moviendo y podemos decir que la Reforma Educativa se est\u00e1 implementando en Michoac\u00e1n, s\u00ed con algunas dificultades, pero con la certidumbre de que la educaci\u00f3n se mejora\u201d.<\/p>\n<p>Al hablar sobre el PEEME, explic\u00f3 que es un instrumento de planeaci\u00f3n para el an\u00e1lisis y orientaci\u00f3n de las acciones de evaluaci\u00f3n y mejora educativa para Michoac\u00e1n, que permitir\u00e1 establecer proyectos, objetivos, acciones y metas de evaluaci\u00f3n, orientados a la mejora en la Educaci\u00f3n B\u00e1sica y la Educaci\u00f3n Media Superior.<\/p>\n<p>Explic\u00f3 que para elaborar el PEEME, y tener las bases, as\u00ed como el marco oficial para su desarrollo, fue necesario establecer coordinaci\u00f3n con la Secretar\u00eda de Educaci\u00f3n P\u00fablica (SEP) y el Instituto Nacional para la Evaluaci\u00f3n de la Educaci\u00f3n (INEE).<\/p>\n<p>Derivado del PEEME, se formularon los siguientes Proyectos de Evaluaci\u00f3n y Mejora Educativa (PROEME): La Evaluaci\u00f3n de las condiciones de aprendizaje de los alumnos en educaci\u00f3n secundaria y educaci\u00f3n media superior.<\/p>\n<p>La consejera de la Junta de Gobierno del INEE, Sylvia Irene Schmelkes del Valle, present\u00f3 el marco jur\u00eddico del PEEME, donde destac\u00f3 que el Estado garantizar\u00e1 la calidad de la educaci\u00f3n.<\/p>\n<p>Manifest\u00f3 que los ejes de la pol\u00edtica nacional de Evaluaci\u00f3n Educativa son cinco, entre los que destacan: el Desarrollo de evaluaciones de diferentes procesos y resultados del Sistema Educativo Nacional; la Regulaci\u00f3n de los procesos de evaluaci\u00f3n; el Desarrollo de sistema de informaci\u00f3n en indicadores clave para la equidad y la calidad educativa, entre otros.<br \/>\n&nbsp;<\/p>\n<p><a href=\"https:\/\/radiowebmx.com\/nota\/wp-content\/uploads\/2017\/08\/3a9f50ab-7a08-4fc6-9c01-6ea6045cabf9.jpeg\"><img loading=\"lazy\" decoding=\"async\" class=\"alignnone  wp-image-41804\" src=\"https:\/\/radiowebmx.com\/nota\/wp-content\/uploads\/2017\/08\/3a9f50ab-7a08-4fc6-9c01-6ea6045cabf9-595x396.jpeg\" alt=\"\" width=\"400\" height=\"266\" srcset=\"https:\/\/radiowebmx.com\/nota\/wp-content\/uploads\/2017\/08\/3a9f50ab-7a08-4fc6-9c01-6ea6045cabf9-595x396.jpeg 595w, https:\/\/radiowebmx.com\/nota\/wp-content\/uploads\/2017\/08\/3a9f50ab-7a08-4fc6-9c01-6ea6045cabf9-272x182.jpeg 272w, https:\/\/radiowebmx.com\/nota\/wp-content\/uploads\/2017\/08\/3a9f50ab-7a08-4fc6-9c01-6ea6045cabf9.jpeg 709w\" sizes=\"auto, (max-width: 400px) 100vw, 400px\" \/><\/a><\/p>\n<p>&nbsp;<\/p>\n<p>El director general de Desarrollo e Investigaci\u00f3n Educativa, Iv\u00e1n Fernando Barrales Alc\u00e1ntara manifest\u00f3 que el PEEME establece mejorar la calidad de los servicios educativos.<\/p>\n<p>Con respecto a PROEME, dijo que su orientaci\u00f3n se basa a partir de un diagn\u00f3stico de las brechas o desigualdades educativas en la entidad, orientados a atender y coadyuvar en diversos indicadores.<\/p>\n<p><strong>Presentan estudiantes proyecto de energ\u00eda renovable<\/strong><\/p>\n<p>Al concluir el evento de presentaci\u00f3n del PEEME, estudiantes del Instituto Tecnol\u00f3gico Superior de Apatzing\u00e1n, presentaron al mandatario estatal el proyecto Generador Magn\u00e9tico de Energ\u00eda Renovable (GEMER), el cual obtuvo la medalla de oro por mejor exposici\u00f3n y proyecto m\u00e1s destacado en la feria internacional de ciencia y tecnolog\u00eda en Guatemala 2017.<\/p>\n<p>Oscar Jassam S\u00e1nchez Maga\u00f1a y Ana Mar\u00eda Mart\u00ednez T\u00e9llez, quienes crearon dicho proyecto, explicaron que GEMER es un generador de electricidad para hogares, que abastece hasta 5 focos, televisor, computadora, ventilador y un dispositivo celular, lo que les permiti\u00f3 obtener el aplauso y reconocimiento a sus conocimientos de todos los presentes.<\/p>\n<p>Atestiguaron estas presentaciones, el presidente de la Mesa Directiva del Congreso del Estado, Pascual Sigala P\u00e1ez; el delegado de la SEP en Michoac\u00e1n, Israel Barrios Hern\u00e1ndez; la directora general del Instituto Nacional para la Evaluaci\u00f3n de la Educaci\u00f3n en Michoac\u00e1n, Juana Estrada Jim\u00e9nez; el titular de la Unidad de Normatividad y Pol\u00edtica Educativa del INEE, Francisco Miranda L\u00f3pez.<\/p>\n<p>As\u00ed como el representante de la Subsecretar\u00eda de la Educaci\u00f3n Media Superior de la SEP en Michoac\u00e1n, Mart\u00edn Espinoza Vidales; el rector de la Universidad Michoacana de San Nicol\u00e1s de Hidalgo, Medardo Serna Gonz\u00e1lez; la diputada presidenta de la Comisi\u00f3n de Educaci\u00f3n en el Congreso local, X\u00f3chitl Gabriela Ruiz Gonz\u00e1lez; as\u00ed como diversas autoridades.<\/p>\n","protected":false},"excerpt":{"rendered":"<p>&nbsp; Por primera vez en 22 a\u00f1os, en este ciclo escolar no se registr\u00f3 ning\u00fan paro de labores; destaca el titular de la SEE, Alberto Frutis. Morelia, Michoac\u00e1n, a 9 de agosto de 2017.-\u00a0En Michoac\u00e1n por ninguna raz\u00f3n retrocederemos en materia educativa, pues los avances que durante la actual administraci\u00f3n se han obtenido mejorar\u00e1n las [&hellip;]<\/p>\n","protected":false},"author":2,"featured_media":41801,"comment_status":"closed","ping_status":"closed","sticky":false,"template":"","format":"standard","meta":{"footnotes":""},"categories":[14,3,60],"tags":[],"class_list":["post-41800","post","type-post","status-publish","format-standard","has-post-thumbnail","hentry","category-destacadas","category-gobierno-del-estado-de-michoacan","category-michoacan"],"_links":{"self":[{"href":"https:\/\/radiowebmx.com\/nota\/wp-json\/wp\/v2\/posts\/41800","targetHints":{"allow":["GET"]}}],"collection":[{"href":"https:\/\/radiowebmx.com\/nota\/wp-json\/wp\/v2\/posts"}],"about":[{"href":"https:\/\/radiowebmx.com\/nota\/wp-json\/wp\/v2\/types\/post"}],"author":[{"embeddable":true,"href":"https:\/\/radiowebmx.com\/nota\/wp-json\/wp\/v2\/users\/2"}],"replies":[{"embeddable":true,"href":"https:\/\/radiowebmx.com\/nota\/wp-json\/wp\/v2\/comments?post=41800"}],"version-history":[{"count":1,"href":"https:\/\/radiowebmx.com\/nota\/wp-json\/wp\/v2\/posts\/41800\/revisions"}],"predecessor-version":[{"id":41805,"href":"https:\/\/radiowebmx.com\/nota\/wp-json\/wp\/v2\/posts\/41800\/revisions\/41805"}],"wp:featuredmedia":[{"embeddable":true,"href":"https:\/\/radiowebmx.com\/nota\/wp-json\/wp\/v2\/media\/41801"}],"wp:attachment":[{"href":"https:\/\/radiowebmx.com\/nota\/wp-json\/wp\/v2\/media?parent=41800"}],"wp:term":[{"taxonomy":"category","embeddable":true,"href":"https:\/\/radiowebmx.com\/nota\/wp-json\/wp\/v2\/categories?post=41800"},{"taxonomy":"post_tag","embeddable":true,"href":"https:\/\/radiowebmx.com\/nota\/wp-json\/wp\/v2\/tags?post=41800"}],"curies":[{"name":"wp","href":"https:\/\/api.w.org\/{rel}","templated":true}]}}