{"id":41795,"date":"2017-08-09T15:52:41","date_gmt":"2017-08-09T20:52:41","guid":{"rendered":"https:\/\/radiowebmx.com\/nota\/?p=41795"},"modified":"2017-08-10T11:38:39","modified_gmt":"2017-08-10T16:38:39","slug":"equipo-de-michoacan-triunfa-en-concurso-internacional-de-robotica","status":"publish","type":"post","link":"https:\/\/radiowebmx.com\/nota\/equipo-de-michoacan-triunfa-en-concurso-internacional-de-robotica\/","title":{"rendered":"Equipo de Michoac\u00e1n triunfa en concurso internacional de rob\u00f3tica"},"content":{"rendered":"<p><a href=\"https:\/\/radiowebmx.com\/nota\/wp-content\/uploads\/2017\/08\/c0b37504-60eb-4c73-af0d-c5ef5affc883.jpg\"><img loading=\"lazy\" decoding=\"async\" class=\"alignnone  wp-image-41797\" src=\"https:\/\/radiowebmx.com\/nota\/wp-content\/uploads\/2017\/08\/c0b37504-60eb-4c73-af0d-c5ef5affc883-595x372.jpg\" alt=\"\" width=\"400\" height=\"250\" srcset=\"https:\/\/radiowebmx.com\/nota\/wp-content\/uploads\/2017\/08\/c0b37504-60eb-4c73-af0d-c5ef5affc883-595x372.jpg 595w, https:\/\/radiowebmx.com\/nota\/wp-content\/uploads\/2017\/08\/c0b37504-60eb-4c73-af0d-c5ef5affc883.jpg 709w\" sizes=\"auto, (max-width: 400px) 100vw, 400px\" \/><\/a><\/p>\n<p>&nbsp;<\/p>\n<ul>\n<li><strong>Nuestro estado ha demostrado ser un generador de talentos en materia de ciencia y tecnolog\u00eda; destaca el titular de la SICDET, Jos\u00e9 Luis Monta\u00f1ez.<\/strong><\/li>\n<\/ul>\n<p><strong>Morelia, Michoac\u00e1n, a 9 de agosto de 2017.-<\/strong>\u00a0El equipo michoacano conformado por los estudiantes de secundaria Marcelo Alejandro Dom\u00ednguez Tapia, Enrique V\u00e1zquez \u00c1lvarez y Karen V\u00e1zquez \u00c1lvarez, gan\u00f3 el concurso internacional de rob\u00f3tica \u201cRobotopia Challenge\u201d, celebrado en Guatemala.<\/p>\n<p>El titular de la Secretar\u00eda de Innovaci\u00f3n, Ciencia y Desarrollo Tecnol\u00f3gico (SICDET), Jos\u00e9 Luis Monta\u00f1ez Espinosa, destac\u00f3 que Michoac\u00e1n ha demostrado ser un generador de talentos en materia de ciencia y tecnolog\u00eda.<\/p>\n<p>Detall\u00f3 que los j\u00f3venes obtuvieron su pase al foro internacional luego de ganar la fase michoacana de Robomatrix, mientras que para cumplir su anhelo de presentarse en la fase internacional, viajaron al vecino pa\u00eds con el apoyo de sus familias.<\/p>\n<p>&nbsp;<\/p>\n<p><a href=\"https:\/\/radiowebmx.com\/nota\/wp-content\/uploads\/2017\/08\/4f72c871-9374-4695-a297-b57a51061eda.jpg\"><img loading=\"lazy\" decoding=\"async\" class=\"alignnone  wp-image-41798\" src=\"https:\/\/radiowebmx.com\/nota\/wp-content\/uploads\/2017\/08\/4f72c871-9374-4695-a297-b57a51061eda-595x396.jpg\" alt=\"\" width=\"400\" height=\"266\" srcset=\"https:\/\/radiowebmx.com\/nota\/wp-content\/uploads\/2017\/08\/4f72c871-9374-4695-a297-b57a51061eda-595x396.jpg 595w, https:\/\/radiowebmx.com\/nota\/wp-content\/uploads\/2017\/08\/4f72c871-9374-4695-a297-b57a51061eda-272x182.jpg 272w, https:\/\/radiowebmx.com\/nota\/wp-content\/uploads\/2017\/08\/4f72c871-9374-4695-a297-b57a51061eda.jpg 709w\" sizes=\"auto, (max-width: 400px) 100vw, 400px\" \/><\/a><\/p>\n<p>&nbsp;<\/p>\n<p>Monta\u00f1ez Espinosa refiri\u00f3 que a lo largo del a\u00f1o los j\u00f3venes michoacanos que acuden a foros nacionales e internacionales relacionados con diversas contiendas cient\u00edficas y tecnol\u00f3gicas han dado muestra del alto nivel de la educaci\u00f3n que se imparte tanto en instancias p\u00fablicas como privadas del estado, al obtener triunfos constantes.<\/p>\n<p>Alejandro Dom\u00ednguez Tapia, integrante del equipo ganador, inform\u00f3 que el equipo particip\u00f3 con la programaci\u00f3n de un juego de futbol en la categor\u00eda \u201cFinch\u201d.<\/p>\n<p>Esta categor\u00eda corresponde a peque\u00f1os robots dise\u00f1ados para inspirar en los j\u00f3venes el aprendizaje de la programaci\u00f3n, al ofrecerles una representaci\u00f3n tangible de sus c\u00f3digos.\u00a0\u00a0Los Finch tienen soporte para m\u00e1s de una docena de lenguajes de programaci\u00f3n, incluyendo algunos comprensibles para estudiantes de hasta cinco a\u00f1os de edad.<\/p>\n<p>Alejandro Dom\u00ednguez destac\u00f3 que disfrut\u00f3 la experiencia de participar por primera vez en esta clase de eventos, que en el caso de su familia motiv\u00f3 a la realizaci\u00f3n de un gran esfuerzo para la cobertura del viaje.<\/p>\n","protected":false},"excerpt":{"rendered":"<p>&nbsp; Nuestro estado ha demostrado ser un generador de talentos en materia de ciencia y tecnolog\u00eda; destaca el titular de la SICDET, Jos\u00e9 Luis Monta\u00f1ez. Morelia, Michoac\u00e1n, a 9 de agosto de 2017.-\u00a0El equipo michoacano conformado por los estudiantes de secundaria Marcelo Alejandro Dom\u00ednguez Tapia, Enrique V\u00e1zquez \u00c1lvarez y Karen V\u00e1zquez \u00c1lvarez, gan\u00f3 el concurso [&hellip;]<\/p>\n","protected":false},"author":2,"featured_media":41796,"comment_status":"closed","ping_status":"closed","sticky":false,"template":"","format":"standard","meta":{"footnotes":""},"categories":[14,3,60],"tags":[],"class_list":["post-41795","post","type-post","status-publish","format-standard","has-post-thumbnail","hentry","category-destacadas","category-gobierno-del-estado-de-michoacan","category-michoacan"],"_links":{"self":[{"href":"https:\/\/radiowebmx.com\/nota\/wp-json\/wp\/v2\/posts\/41795","targetHints":{"allow":["GET"]}}],"collection":[{"href":"https:\/\/radiowebmx.com\/nota\/wp-json\/wp\/v2\/posts"}],"about":[{"href":"https:\/\/radiowebmx.com\/nota\/wp-json\/wp\/v2\/types\/post"}],"author":[{"embeddable":true,"href":"https:\/\/radiowebmx.com\/nota\/wp-json\/wp\/v2\/users\/2"}],"replies":[{"embeddable":true,"href":"https:\/\/radiowebmx.com\/nota\/wp-json\/wp\/v2\/comments?post=41795"}],"version-history":[{"count":1,"href":"https:\/\/radiowebmx.com\/nota\/wp-json\/wp\/v2\/posts\/41795\/revisions"}],"predecessor-version":[{"id":41799,"href":"https:\/\/radiowebmx.com\/nota\/wp-json\/wp\/v2\/posts\/41795\/revisions\/41799"}],"wp:featuredmedia":[{"embeddable":true,"href":"https:\/\/radiowebmx.com\/nota\/wp-json\/wp\/v2\/media\/41796"}],"wp:attachment":[{"href":"https:\/\/radiowebmx.com\/nota\/wp-json\/wp\/v2\/media?parent=41795"}],"wp:term":[{"taxonomy":"category","embeddable":true,"href":"https:\/\/radiowebmx.com\/nota\/wp-json\/wp\/v2\/categories?post=41795"},{"taxonomy":"post_tag","embeddable":true,"href":"https:\/\/radiowebmx.com\/nota\/wp-json\/wp\/v2\/tags?post=41795"}],"curies":[{"name":"wp","href":"https:\/\/api.w.org\/{rel}","templated":true}]}}