{"id":41780,"date":"2017-08-09T16:27:41","date_gmt":"2017-08-09T21:27:41","guid":{"rendered":"https:\/\/radiowebmx.com\/nota\/?p=41780"},"modified":"2017-08-10T11:19:14","modified_gmt":"2017-08-10T16:19:14","slug":"michoacan-avanza-en-el-fortalecimiento-de-sus-finanzas-publicas","status":"publish","type":"post","link":"https:\/\/radiowebmx.com\/nota\/michoacan-avanza-en-el-fortalecimiento-de-sus-finanzas-publicas\/","title":{"rendered":"Michoac\u00e1n avanza en el fortalecimiento de sus finanzas p\u00fablicas"},"content":{"rendered":"<p><a href=\"https:\/\/radiowebmx.com\/nota\/wp-content\/uploads\/2017\/08\/d379d8dd-b410-4724-828d-11a0586c1c24.jpeg\"><img loading=\"lazy\" decoding=\"async\" class=\"alignnone  wp-image-41781\" src=\"https:\/\/radiowebmx.com\/nota\/wp-content\/uploads\/2017\/08\/d379d8dd-b410-4724-828d-11a0586c1c24-595x396.jpeg\" alt=\"\" width=\"400\" height=\"266\" srcset=\"https:\/\/radiowebmx.com\/nota\/wp-content\/uploads\/2017\/08\/d379d8dd-b410-4724-828d-11a0586c1c24-595x396.jpeg 595w, https:\/\/radiowebmx.com\/nota\/wp-content\/uploads\/2017\/08\/d379d8dd-b410-4724-828d-11a0586c1c24-768x511.jpeg 768w, https:\/\/radiowebmx.com\/nota\/wp-content\/uploads\/2017\/08\/d379d8dd-b410-4724-828d-11a0586c1c24-960x639.jpeg 960w, https:\/\/radiowebmx.com\/nota\/wp-content\/uploads\/2017\/08\/d379d8dd-b410-4724-828d-11a0586c1c24-272x182.jpeg 272w, https:\/\/radiowebmx.com\/nota\/wp-content\/uploads\/2017\/08\/d379d8dd-b410-4724-828d-11a0586c1c24.jpeg 1280w\" sizes=\"auto, (max-width: 400px) 100vw, 400px\" \/><\/a><\/p>\n<p>&nbsp;<\/p>\n<ul>\n<li><strong>Un \u00e9xito, el arranque de la licitaci\u00f3n y contrataci\u00f3n del refinanciamiento de la deuda; el proceso, totalmente transparente.<\/strong><\/li>\n<\/ul>\n<p>&nbsp;<\/p>\n<p><strong>Morelia, Michoac\u00e1n, a 9 de agosto de 2017.-<\/strong>\u00a0Como parte del fortalecimiento de las finanzas estatales, el Gobierno del Estado avanza con pasos firmes en la reestructuraci\u00f3n y refinanciamiento de la deuda, con lo que se cumple con el compromiso del Gobernador Silvano Aureoles Conejo de manejar los recursos p\u00fablicos en forma transparente, austera y eficaz, en beneficio de las y los michoacanos.<\/p>\n<p>Como parte de este proceso, el Gobierno del Estado public\u00f3 el pasado 3 de agosto la convocatoria a una licitaci\u00f3n p\u00fablica para el refinanciamiento de la deuda bancaria contra\u00edda en el a\u00f1o 2013, en busca de obtener las mejores condiciones de mercado.<\/p>\n<p>En el marco de esta convocatoria, este mi\u00e9rcoles se celebr\u00f3 la Junta Informativa de dicho proceso, presidida por el titular de la Secretar\u00eda de Finanzas y Administraci\u00f3n (SFA), Carlos Maldonado Mendoza.<\/p>\n<p>&nbsp;<\/p>\n<p><a href=\"https:\/\/radiowebmx.com\/nota\/wp-content\/uploads\/2017\/08\/8ba09b56-1abe-445e-a9ac-07e3e2da713c.jpeg\"><img loading=\"lazy\" decoding=\"async\" class=\"alignnone  wp-image-41782\" src=\"https:\/\/radiowebmx.com\/nota\/wp-content\/uploads\/2017\/08\/8ba09b56-1abe-445e-a9ac-07e3e2da713c-595x446.jpeg\" alt=\"\" width=\"399\" height=\"300\" srcset=\"https:\/\/radiowebmx.com\/nota\/wp-content\/uploads\/2017\/08\/8ba09b56-1abe-445e-a9ac-07e3e2da713c-595x446.jpeg 595w, https:\/\/radiowebmx.com\/nota\/wp-content\/uploads\/2017\/08\/8ba09b56-1abe-445e-a9ac-07e3e2da713c.jpeg 709w\" sizes=\"auto, (max-width: 399px) 100vw, 399px\" \/><\/a><\/p>\n<p>&nbsp;<\/p>\n<p>Cabe destacar que a esta reuni\u00f3n asistieron representantes de 14 instituciones de cr\u00e9dito de las 16 que participan en el mercado de financiamiento a los gobiernos estatales, por lo que, se considera que el inicio del proceso licitatorio ha sido exitoso, dado el gran inter\u00e9s que gener\u00f3 entre los potenciales participantes.<\/p>\n<p>En la reuni\u00f3n, celebrada en la sede de la SFA, Maldonado Mendoza explic\u00f3 los alcances de la autorizaci\u00f3n del Congreso del Estado, el proceso de licitaci\u00f3n y los criterios para la selecci\u00f3n de la o las ofertas ganadoras. Particularmente, hizo \u00e9nfasis en que la adjudicaci\u00f3n se har\u00e1 a la o las instituciones que oferten la menor tasa efectiva, es decir, el menor costo de financiamiento.<\/p>\n<p>En congruencia con el principio de transparencia que rige al Gobierno del Estado, se puso a disposici\u00f3n tanto de las instituciones de cr\u00e9dito como del p\u00fablico en general, la informaci\u00f3n relativa a esta licitaci\u00f3n a trav\u00e9s de la p\u00e1gina web http:\/\/www.secfinanzas.michoacan.gob.mx\/reestructura\/ la cual ser\u00e1 el medio para mantener informados del desarrollo del proceso a las y los interesados.<\/p>\n<p>Se prev\u00e9 que el 13 de septiembre se emita el fallo de esta licitaci\u00f3n y se determinen la o las instituciones ganadoras.<\/p>\n<p>Con el refinanciamiento de la deuda, Michoac\u00e1n avanza con pasos firmes hacia la estabilidad financiera.<\/p>\n<p>&nbsp;<\/p>\n<p><a href=\"https:\/\/radiowebmx.com\/nota\/wp-content\/uploads\/2017\/08\/dcbf6e29-7ffc-461a-aaa3-b2c8549b7c26.jpeg\"><img loading=\"lazy\" decoding=\"async\" class=\"alignnone  wp-image-41783\" src=\"https:\/\/radiowebmx.com\/nota\/wp-content\/uploads\/2017\/08\/dcbf6e29-7ffc-461a-aaa3-b2c8549b7c26-595x446.jpeg\" alt=\"\" width=\"399\" height=\"300\" srcset=\"https:\/\/radiowebmx.com\/nota\/wp-content\/uploads\/2017\/08\/dcbf6e29-7ffc-461a-aaa3-b2c8549b7c26-595x446.jpeg 595w, https:\/\/radiowebmx.com\/nota\/wp-content\/uploads\/2017\/08\/dcbf6e29-7ffc-461a-aaa3-b2c8549b7c26.jpeg 709w\" sizes=\"auto, (max-width: 399px) 100vw, 399px\" \/><\/a><\/p>\n","protected":false},"excerpt":{"rendered":"<p>&nbsp; Un \u00e9xito, el arranque de la licitaci\u00f3n y contrataci\u00f3n del refinanciamiento de la deuda; el proceso, totalmente transparente. &nbsp; Morelia, Michoac\u00e1n, a 9 de agosto de 2017.-\u00a0Como parte del fortalecimiento de las finanzas estatales, el Gobierno del Estado avanza con pasos firmes en la reestructuraci\u00f3n y refinanciamiento de la deuda, con lo que se [&hellip;]<\/p>\n","protected":false},"author":2,"featured_media":41784,"comment_status":"closed","ping_status":"closed","sticky":false,"template":"","format":"standard","meta":{"footnotes":""},"categories":[14,3,60],"tags":[],"class_list":["post-41780","post","type-post","status-publish","format-standard","has-post-thumbnail","hentry","category-destacadas","category-gobierno-del-estado-de-michoacan","category-michoacan"],"_links":{"self":[{"href":"https:\/\/radiowebmx.com\/nota\/wp-json\/wp\/v2\/posts\/41780","targetHints":{"allow":["GET"]}}],"collection":[{"href":"https:\/\/radiowebmx.com\/nota\/wp-json\/wp\/v2\/posts"}],"about":[{"href":"https:\/\/radiowebmx.com\/nota\/wp-json\/wp\/v2\/types\/post"}],"author":[{"embeddable":true,"href":"https:\/\/radiowebmx.com\/nota\/wp-json\/wp\/v2\/users\/2"}],"replies":[{"embeddable":true,"href":"https:\/\/radiowebmx.com\/nota\/wp-json\/wp\/v2\/comments?post=41780"}],"version-history":[{"count":1,"href":"https:\/\/radiowebmx.com\/nota\/wp-json\/wp\/v2\/posts\/41780\/revisions"}],"predecessor-version":[{"id":41785,"href":"https:\/\/radiowebmx.com\/nota\/wp-json\/wp\/v2\/posts\/41780\/revisions\/41785"}],"wp:featuredmedia":[{"embeddable":true,"href":"https:\/\/radiowebmx.com\/nota\/wp-json\/wp\/v2\/media\/41784"}],"wp:attachment":[{"href":"https:\/\/radiowebmx.com\/nota\/wp-json\/wp\/v2\/media?parent=41780"}],"wp:term":[{"taxonomy":"category","embeddable":true,"href":"https:\/\/radiowebmx.com\/nota\/wp-json\/wp\/v2\/categories?post=41780"},{"taxonomy":"post_tag","embeddable":true,"href":"https:\/\/radiowebmx.com\/nota\/wp-json\/wp\/v2\/tags?post=41780"}],"curies":[{"name":"wp","href":"https:\/\/api.w.org\/{rel}","templated":true}]}}