{"id":41776,"date":"2017-08-09T17:25:33","date_gmt":"2017-08-09T22:25:33","guid":{"rendered":"https:\/\/radiowebmx.com\/nota\/?p=41776"},"modified":"2017-08-10T11:11:47","modified_gmt":"2017-08-10T16:11:47","slug":"domingo-13-de-agosto-alfonso-martinez-presentara-su-2do-informe","status":"publish","type":"post","link":"https:\/\/radiowebmx.com\/nota\/domingo-13-de-agosto-alfonso-martinez-presentara-su-2do-informe\/","title":{"rendered":"Domingo 13 de agosto, Alfonso Mart\u00ednez presentar\u00e1 su 2do Informe"},"content":{"rendered":"<p><a href=\"https:\/\/radiowebmx.com\/nota\/wp-content\/uploads\/2017\/08\/c7571d26-4a57-4bed-b159-f2d07adda3fb.jpg\"><img loading=\"lazy\" decoding=\"async\" class=\"alignnone  wp-image-41777\" src=\"https:\/\/radiowebmx.com\/nota\/wp-content\/uploads\/2017\/08\/c7571d26-4a57-4bed-b159-f2d07adda3fb-595x396.jpg\" alt=\"\" width=\"400\" height=\"266\" srcset=\"https:\/\/radiowebmx.com\/nota\/wp-content\/uploads\/2017\/08\/c7571d26-4a57-4bed-b159-f2d07adda3fb-595x396.jpg 595w, https:\/\/radiowebmx.com\/nota\/wp-content\/uploads\/2017\/08\/c7571d26-4a57-4bed-b159-f2d07adda3fb-768x511.jpg 768w, https:\/\/radiowebmx.com\/nota\/wp-content\/uploads\/2017\/08\/c7571d26-4a57-4bed-b159-f2d07adda3fb-960x639.jpg 960w, https:\/\/radiowebmx.com\/nota\/wp-content\/uploads\/2017\/08\/c7571d26-4a57-4bed-b159-f2d07adda3fb-272x182.jpg 272w, https:\/\/radiowebmx.com\/nota\/wp-content\/uploads\/2017\/08\/c7571d26-4a57-4bed-b159-f2d07adda3fb.jpg 1280w\" sizes=\"auto, (max-width: 400px) 100vw, 400px\" \/><\/a><\/p>\n<p>&nbsp;<\/p>\n<ul>\n<li><strong>El Cabildo aprob\u00f3 la realizaci\u00f3n de la Sesi\u00f3n Solemne\u00a0para la presentaci\u00f3n del Segundo Informe Anual sobre el Estado que guarda la Administraci\u00f3n P\u00fablica Municipal 2016-2017.<br \/>\n<\/strong><\/li>\n<\/ul>\n<p>Ser\u00e1 en Sesi\u00f3n Solemne de Cabildo el pr\u00f3ximo domingo 13 de agosto, que el Presidente Municipal de Morelia, Alfonso Mart\u00ednez Alc\u00e1zar, presentar\u00e1\u00a0 su Segundo Informe Anual sobre el Estado que guarda la Administraci\u00f3n P\u00fablica Municipal, correspondiente al periodo 2016-2017.<\/p>\n<p>Lo anterior fue aprobado por mayor\u00eda en la Sesi\u00f3n Ordinaria celebrada este mi\u00e9rcoles, donde tambi\u00e9n se aval\u00f3 el Acuerdo que regula las intervenciones de los Regidores, una vez concluida la lectura del Segundo Informe de Gobierno.<\/p>\n<p>Durante su intervenci\u00f3n, el Alcalde destac\u00f3 que la entrega del documento, a realizarse este 13 de agosto en Sala de Cabildo de Palacio Municipal, a las 8:00 horas, ser\u00e1 p\u00fablico y abierto a la ciudadan\u00eda y se transmitir\u00e1 en vivo como todas las Sesiones de Cabildo, con lo que se dar\u00e1\u00a0cumplimiento a los art\u00edculos 123 fracci\u00f3n XIV de la Constituci\u00f3n Pol\u00edtica del Estado de Michoac\u00e1n de Ocampo, 26 fracci\u00f3n III, 27 Y 32 Inciso a) fracci\u00f3n XII, de la Ley Org\u00e1nica Municipal del Estado de Michoac\u00e1n de Ocampo, as\u00ed como 9, 15 fracci\u00f3n II y 17 del Reglamento Interno de Sesiones y Funcionamiento de Comisiones del Ayuntamiento de Morelia.<\/p>\n<p>Puntualiz\u00f3 que posteriormente, dar\u00e1 un mensaje a los morelianos para brindar detalle de las acciones de Gobierno realizadas durante el periodo 2016-2017 y adelant\u00f3 este ser\u00e1 replicado en distintos puntos de la capital michoacana en los d\u00edas subsecuentes.<\/p>\n<p>\u201cQueremos que todo el mundo conozca lo que estamos haciendo y por supuesto, que no habr\u00e1 nada oculto o cerrado, por lo que ser\u00e1 transmitido en vivo, con las participaciones de todos los integrantes de Cabildo\u201d, detall\u00f3 Mart\u00ednez Alc\u00e1zar.<\/p>\n<p>Asimismo, el cuerpo colegiado autoriz\u00f3 por mayor\u00eda, el Acuerdo que regula las intervenciones de los \u00a0Regidores, una vez concluida la lectura del Segundo Informe de Gobierno, el cual con base en la representaci\u00f3n pol\u00edtica de menor a mayor, qued\u00f3 de la siguiente manera: 1. Partido del Trabajo, 2. Partido de la Revoluci\u00f3n Democr\u00e1tica, 3. Partido Acci\u00f3n Nacional, 4. Partido Revolucionario Institucional; y 5. Fracci\u00f3n Independiente. La intervenci\u00f3n individual ser\u00e1 por un m\u00e1ximo de cinco minutos.<\/p>\n<p>En otro orden de ideas, Jos\u00e9 de Jes\u00fas Hern\u00e1ndez Arias, rindi\u00f3 protesta como Jefe de Tenencia de San Nicol\u00e1s de Obispo, donde se comprometi\u00f3 a trabajar de la mano de la autoridad municipal para mejorar las condiciones de esta localidad.<\/p>\n<p>Asimismo, por mayor\u00eda, se aprob\u00f3 el proyecto de dictamen que contiene Acuerdo por el que se reforman, adicionan y derogan diversas disposiciones del Acuerdo de Creaci\u00f3n del Instituto Municipal de Planeaci\u00f3n de Morelia IMPLAN, y se expide su Reglamento Interno del Instituto Municipal de Planeaci\u00f3n de Morelia.<\/p>\n","protected":false},"excerpt":{"rendered":"<p>&nbsp; El Cabildo aprob\u00f3 la realizaci\u00f3n de la Sesi\u00f3n Solemne\u00a0para la presentaci\u00f3n del Segundo Informe Anual sobre el Estado que guarda la Administraci\u00f3n P\u00fablica Municipal 2016-2017. Ser\u00e1 en Sesi\u00f3n Solemne de Cabildo el pr\u00f3ximo domingo 13 de agosto, que el Presidente Municipal de Morelia, Alfonso Mart\u00ednez Alc\u00e1zar, presentar\u00e1\u00a0 su Segundo Informe Anual sobre el Estado [&hellip;]<\/p>\n","protected":false},"author":2,"featured_media":41778,"comment_status":"closed","ping_status":"closed","sticky":false,"template":"","format":"standard","meta":{"footnotes":""},"categories":[14,60,9],"tags":[],"class_list":["post-41776","post","type-post","status-publish","format-standard","has-post-thumbnail","hentry","category-destacadas","category-michoacan","category-morelia"],"_links":{"self":[{"href":"https:\/\/radiowebmx.com\/nota\/wp-json\/wp\/v2\/posts\/41776","targetHints":{"allow":["GET"]}}],"collection":[{"href":"https:\/\/radiowebmx.com\/nota\/wp-json\/wp\/v2\/posts"}],"about":[{"href":"https:\/\/radiowebmx.com\/nota\/wp-json\/wp\/v2\/types\/post"}],"author":[{"embeddable":true,"href":"https:\/\/radiowebmx.com\/nota\/wp-json\/wp\/v2\/users\/2"}],"replies":[{"embeddable":true,"href":"https:\/\/radiowebmx.com\/nota\/wp-json\/wp\/v2\/comments?post=41776"}],"version-history":[{"count":1,"href":"https:\/\/radiowebmx.com\/nota\/wp-json\/wp\/v2\/posts\/41776\/revisions"}],"predecessor-version":[{"id":41779,"href":"https:\/\/radiowebmx.com\/nota\/wp-json\/wp\/v2\/posts\/41776\/revisions\/41779"}],"wp:featuredmedia":[{"embeddable":true,"href":"https:\/\/radiowebmx.com\/nota\/wp-json\/wp\/v2\/media\/41778"}],"wp:attachment":[{"href":"https:\/\/radiowebmx.com\/nota\/wp-json\/wp\/v2\/media?parent=41776"}],"wp:term":[{"taxonomy":"category","embeddable":true,"href":"https:\/\/radiowebmx.com\/nota\/wp-json\/wp\/v2\/categories?post=41776"},{"taxonomy":"post_tag","embeddable":true,"href":"https:\/\/radiowebmx.com\/nota\/wp-json\/wp\/v2\/tags?post=41776"}],"curies":[{"name":"wp","href":"https:\/\/api.w.org\/{rel}","templated":true}]}}