{"id":41756,"date":"2017-08-09T18:40:40","date_gmt":"2017-08-09T23:40:40","guid":{"rendered":"https:\/\/radiowebmx.com\/nota\/?p=41756"},"modified":"2017-08-10T10:54:38","modified_gmt":"2017-08-10T15:54:38","slug":"sfa-firma-convenio-con-ipn-en-beneficio-de-sus-trabajadores","status":"publish","type":"post","link":"https:\/\/radiowebmx.com\/nota\/sfa-firma-convenio-con-ipn-en-beneficio-de-sus-trabajadores\/","title":{"rendered":"SFA firma convenio con IPN en beneficio de sus trabajadores"},"content":{"rendered":"<p><a href=\"https:\/\/radiowebmx.com\/nota\/wp-content\/uploads\/2017\/08\/2cf17681-bfd8-49c2-8014-ff33614c2967.jpg\"><img loading=\"lazy\" decoding=\"async\" class=\"alignnone  wp-image-41757\" src=\"https:\/\/radiowebmx.com\/nota\/wp-content\/uploads\/2017\/08\/2cf17681-bfd8-49c2-8014-ff33614c2967-595x446.jpg\" alt=\"\" width=\"399\" height=\"300\" srcset=\"https:\/\/radiowebmx.com\/nota\/wp-content\/uploads\/2017\/08\/2cf17681-bfd8-49c2-8014-ff33614c2967-595x446.jpg 595w, https:\/\/radiowebmx.com\/nota\/wp-content\/uploads\/2017\/08\/2cf17681-bfd8-49c2-8014-ff33614c2967-768x576.jpg 768w, https:\/\/radiowebmx.com\/nota\/wp-content\/uploads\/2017\/08\/2cf17681-bfd8-49c2-8014-ff33614c2967-960x720.jpg 960w\" sizes=\"auto, (max-width: 399px) 100vw, 399px\" \/><\/a><\/p>\n<p>&nbsp;<\/p>\n<p><strong>Morelia, Michoac\u00e1n, a 9 de agosto de 2017.-<\/strong>\u00a0Con la representaci\u00f3n del titular de la Secretar\u00eda de Finanzas y Administraci\u00f3n (SFA), Carlos Maldonado Mendoza, el subsecretario de Gesti\u00f3n Laboral y Patrimonial, Guillermo Rizo Hern\u00e1ndez, firm\u00f3 un Acuerdo de Intenci\u00f3n con el Instituto Polit\u00e9cnico Nacional (IPN) y el Sindicato de los Trabajadores al Servicio del Poder Ejecutivo (STASPE), cuyo objetivo es que empleados de la dependencia cursen posgrados o concluyan su preparaci\u00f3n profesional en esa casa de estudios.<\/p>\n<p>Durante el acto protocolario realizado en las instalaciones del Centro de Educaci\u00f3n Continua del IPN, Unidad Morelia, Rizo Hern\u00e1ndez destac\u00f3 que la firma de este convenio permitir\u00e1 mejorar la preparaci\u00f3n profesional de los trabajadores \u00a0de la administraci\u00f3n p\u00fablica estatal para que briden mejores servicios a las y los michoacanos, una de las prioridades del Gobernador Silvano Aureoles Conejo.<\/p>\n<p>\u201cLa actual administraci\u00f3n tiene claro que los trabajadores son parte importante de nuestras instituciones, es por eso que el Gobernador instruy\u00f3 a la SFA implementar programas y realizar acciones que permitan elevar su nivel de estudios\u201d, resalt\u00f3.<br \/>\n&nbsp;<\/p>\n<p><a href=\"https:\/\/radiowebmx.com\/nota\/wp-content\/uploads\/2017\/08\/cc7ab020-3b55-455c-a4b9-2d62cbdba380.jpg\"><img loading=\"lazy\" decoding=\"async\" class=\"alignnone  wp-image-41759\" src=\"https:\/\/radiowebmx.com\/nota\/wp-content\/uploads\/2017\/08\/cc7ab020-3b55-455c-a4b9-2d62cbdba380-595x446.jpg\" alt=\"\" width=\"399\" height=\"299\" srcset=\"https:\/\/radiowebmx.com\/nota\/wp-content\/uploads\/2017\/08\/cc7ab020-3b55-455c-a4b9-2d62cbdba380-595x446.jpg 595w, https:\/\/radiowebmx.com\/nota\/wp-content\/uploads\/2017\/08\/cc7ab020-3b55-455c-a4b9-2d62cbdba380.jpg 709w\" sizes=\"auto, (max-width: 399px) 100vw, 399px\" \/><\/a><\/p>\n<p>&nbsp;<\/p>\n<p>Por su parte, el director del Centro de Educaci\u00f3n Continua, Sergio Maldonado Tapia, coment\u00f3 que para el IPN siempre ha sido importante coadyuvar a complementar la formaci\u00f3n profesional y desarrollo de competencias. \u201cEstamos seguros de que apoyaremos de manera sustancial la profesionalizaci\u00f3n de los trabajadores del estado\u201d, afirm\u00f3.<\/p>\n<p>De su lado, el secretario general del STASPE, Antonio Ferreyra Pi\u00f1on, dijo que el gremio est\u00e1 agradecido por esta oportunidad, ya que \u201cnos abre la oportunidad de prepararnos mejor y brindar a la ciudadan\u00eda una mejor atenci\u00f3n. Nuestro compromiso es trabajar de manera coordinada y en conjunto con el Gobierno del Estado\u201d, sostuvo.<\/p>\n","protected":false},"excerpt":{"rendered":"<p>&nbsp; Morelia, Michoac\u00e1n, a 9 de agosto de 2017.-\u00a0Con la representaci\u00f3n del titular de la Secretar\u00eda de Finanzas y Administraci\u00f3n (SFA), Carlos Maldonado Mendoza, el subsecretario de Gesti\u00f3n Laboral y Patrimonial, Guillermo Rizo Hern\u00e1ndez, firm\u00f3 un Acuerdo de Intenci\u00f3n con el Instituto Polit\u00e9cnico Nacional (IPN) y el Sindicato de los Trabajadores al Servicio del Poder [&hellip;]<\/p>\n","protected":false},"author":2,"featured_media":41758,"comment_status":"closed","ping_status":"closed","sticky":false,"template":"","format":"standard","meta":{"footnotes":""},"categories":[14,3,60],"tags":[],"class_list":["post-41756","post","type-post","status-publish","format-standard","has-post-thumbnail","hentry","category-destacadas","category-gobierno-del-estado-de-michoacan","category-michoacan"],"_links":{"self":[{"href":"https:\/\/radiowebmx.com\/nota\/wp-json\/wp\/v2\/posts\/41756","targetHints":{"allow":["GET"]}}],"collection":[{"href":"https:\/\/radiowebmx.com\/nota\/wp-json\/wp\/v2\/posts"}],"about":[{"href":"https:\/\/radiowebmx.com\/nota\/wp-json\/wp\/v2\/types\/post"}],"author":[{"embeddable":true,"href":"https:\/\/radiowebmx.com\/nota\/wp-json\/wp\/v2\/users\/2"}],"replies":[{"embeddable":true,"href":"https:\/\/radiowebmx.com\/nota\/wp-json\/wp\/v2\/comments?post=41756"}],"version-history":[{"count":1,"href":"https:\/\/radiowebmx.com\/nota\/wp-json\/wp\/v2\/posts\/41756\/revisions"}],"predecessor-version":[{"id":41760,"href":"https:\/\/radiowebmx.com\/nota\/wp-json\/wp\/v2\/posts\/41756\/revisions\/41760"}],"wp:featuredmedia":[{"embeddable":true,"href":"https:\/\/radiowebmx.com\/nota\/wp-json\/wp\/v2\/media\/41758"}],"wp:attachment":[{"href":"https:\/\/radiowebmx.com\/nota\/wp-json\/wp\/v2\/media?parent=41756"}],"wp:term":[{"taxonomy":"category","embeddable":true,"href":"https:\/\/radiowebmx.com\/nota\/wp-json\/wp\/v2\/categories?post=41756"},{"taxonomy":"post_tag","embeddable":true,"href":"https:\/\/radiowebmx.com\/nota\/wp-json\/wp\/v2\/tags?post=41756"}],"curies":[{"name":"wp","href":"https:\/\/api.w.org\/{rel}","templated":true}]}}