{"id":41656,"date":"2017-08-07T17:33:24","date_gmt":"2017-08-07T22:33:24","guid":{"rendered":"https:\/\/radiowebmx.com\/nota\/?p=41656"},"modified":"2017-08-08T12:19:25","modified_gmt":"2017-08-08T17:19:25","slug":"a-que-en-todos-los-estados-prohiban-el-matrimonio-infantil-como-ya-lo-hace-michoacan-llamo-nalleli-pedraza","status":"publish","type":"post","link":"https:\/\/radiowebmx.com\/nota\/a-que-en-todos-los-estados-prohiban-el-matrimonio-infantil-como-ya-lo-hace-michoacan-llamo-nalleli-pedraza\/","title":{"rendered":"A que en todos los estados proh\u00edban el matrimonio infantil como ya lo hace Michoac\u00e1n llam\u00f3 Nalleli Pedraza"},"content":{"rendered":"<p class=\"xmsonormal\" style=\"text-align: justify; background: white;\"><b><span style=\"font-size: 11.0pt; font-family: 'Arial','sans-serif'; color: #212121;\">Morelia; Michoac\u00e1n, 07 de agosto de 2017.-\u00a0<\/span><\/b><span style=\"font-size: 11.0pt; font-family: 'Arial','sans-serif'; color: #212121;\">A\u00a0 favor de que en el pa\u00eds se concrete el prohibir el matrimonio infantil, como ya lo hizo Michoac\u00e1n en el 2016, se pronunci\u00f3 la diputada Nalleli Pedraza Huerta, quien subray\u00f3 que el matrimonio precoz tiene consecuencias devastadoras principalmente en las ni\u00f1as.<\/span><\/p>\n<p class=\"xmsonormal\" style=\"margin-bottom: .0001pt; text-align: justify; background: white; font-variant-ligatures: normal; font-variant-caps: normal; orphans: 2; widows: 2; -webkit-text-stroke-width: 0px; text-decoration-style: initial; text-decoration-color: initial; word-spacing: 0px;\"><span style=\"font-size: 11.0pt; font-family: 'Arial','sans-serif'; color: #212121;\">La diputada presidenta de la Comisi\u00f3n de Derechos Humanos, celebr\u00f3 que la federaci\u00f3n se pronunciar\u00e1 por prohibir el matrimonio infantil en M\u00e9xico, ya que con ello, se protege a los menores.<\/span><\/p>\n<p class=\"xmsonormal\" style=\"margin-bottom: .0001pt; text-align: justify; background: white; font-variant-ligatures: normal; font-variant-caps: normal; orphans: 2; widows: 2; -webkit-text-stroke-width: 0px; text-decoration-style: initial; text-decoration-color: initial; word-spacing: 0px;\"><span style=\"font-size: 11.0pt; font-family: 'Arial','sans-serif'; color: #212121;\">Record\u00f3 que si bien en Michoac\u00e1n ya se encuentra prohibido el matrimonio infantil desde abril del 2016, cuando el pleno de la\u00a0<span id=\"0.8691382717221257\"><\/span><span class=\"currenthithighlight\"><span style=\"font-size: 11.0pt; font-family: 'Arial','sans-serif'; color: white; background: #D82300;\">LXXIII<\/span><\/span><\/span><span style=\"font-size: 11.0pt; font-family: 'Arial','sans-serif'; color: #212121;\">\u00a0Legislatura aprob\u00f3 el dictamen por el cual se reform\u00f3 el art\u00edculo 24 del C\u00f3digo Familiar, en el que se estableci\u00f3 que quienes quieran casarse deber\u00e1n haber cumplido 18 a\u00f1os, determinaci\u00f3n que representa un gran logr\u00f3 en la protecci\u00f3n de los menores, consider\u00f3 que estas reformas deben impulsarse en todos los estados del pa\u00eds, ya que son pocas las entidades que han legislado en la materia.<\/span><\/p>\n<p class=\"xmsonormal\" style=\"margin-bottom: .0001pt; text-align: justify; background: white;\"><span style=\"font-size: 11.0pt; font-family: 'Arial','sans-serif'; color: #212121;\">De acuerdo con cifras del INEGI en el pa\u00eds durante el 2015 se casaron 35 mil 358 ni\u00f1os y adolescentes en M\u00e9xico. Cuatro de cada cinco ni\u00f1as y adolescentes de entre 10 y 15 a\u00f1os est\u00e1n casados con hombres mayores a los 17 a\u00f1os, de ellas, el 4.6 por ciento se cas\u00f3 con hombres de 30 a\u00f1os o m\u00e1s.<\/span><\/p>\n<p class=\"xmsonormal\" style=\"margin-bottom: .0001pt; text-align: justify; background: white;\"><span style=\"font-size: 11.0pt; font-family: 'Arial','sans-serif'; color: #212121;\">Ante la situaci\u00f3n que prevalec\u00eda en Michoac\u00e1n, la diputada Nalleli Pedraza Huerta promovi\u00f3 reformas a los c\u00f3digos Civil y Familiar del Estado para cerrar el paso a los matrimonios entre menores de edad, propuesta que se cristaliz\u00f3 con el respaldo un\u00e1nime del Pleno del Congreso del Estado en el 2016.<\/span><\/p>\n<p class=\"xmsonormal\" style=\"margin-bottom: .0001pt; text-align: justify; background: white;\"><span style=\"font-size: 11.0pt; font-family: 'Arial','sans-serif'; color: #212121;\">\u201cEn Michoac\u00e1n, las ni\u00f1as, ni\u00f1os y adolescentes est\u00e1n protegidos contra el maltrato, la violencia, pues son una prioridad en la agenda legislativa\u201d, se\u00f1al\u00f3 la diputada Nalleli Pedraza, tras manifestar su benepl\u00e1cito porque en la entidad ya este regulado y se sum\u00f3 a las voces que demandan que a nivel nacional tambi\u00e9n se haga.<\/span><\/p>\n<p class=\"xmsonormal\" style=\"margin-bottom: .0001pt; text-align: justify; background: white;\"><span style=\"font-size: 11.0pt; font-family: 'Arial','sans-serif'; color: #212121;\">En este sentido, insisti\u00f3 que con este tipo de reformas se busca, paralelamente, erradicar arraigos culturales como el matrimonio infantil, practicadas y aceptadas\u00a0 especialmente en las zonas rurales del estado, mismo que, sigue siendo un escenario de violaci\u00f3n a los derechos humanos.<\/span><\/p>\n<p class=\"xmsonormal\" style=\"margin-bottom: .0001pt; text-align: justify; background: white;\"><span style=\"font-size: 11.0pt; font-family: 'Arial','sans-serif'; color: #212121;\">Asimismo record\u00f3 que en reuni\u00f3n de la Copecol se acord\u00f3 que en todos los Congresos Locales del pa\u00eds se deber\u00e1 redoblar los trabajos para la protecci\u00f3n de los menores, y resalt\u00f3 que Michoac\u00e1n est\u00e1 a la vanguardia en el marco de los derechos fundamentales, por ende, declar\u00f3 que su trabajo legislativo busca de manera constante, la homologaci\u00f3n de leyes, municipales, estatales, nacionales e internacionales, que fortalezcan la defensa de los derechos humanos y la dignidad humana.<\/span><\/p>\n","protected":false},"excerpt":{"rendered":"<p>Morelia; Michoac\u00e1n, 07 de agosto de 2017.-\u00a0A\u00a0 favor de que en el pa\u00eds se concrete el prohibir el matrimonio infantil, como ya lo hizo Michoac\u00e1n en el 2016, se pronunci\u00f3 la diputada Nalleli Pedraza Huerta, quien subray\u00f3 que el matrimonio precoz tiene consecuencias devastadoras principalmente en las ni\u00f1as. La diputada presidenta de la Comisi\u00f3n de [&hellip;]<\/p>\n","protected":false},"author":2,"featured_media":41657,"comment_status":"closed","ping_status":"closed","sticky":false,"template":"","format":"standard","meta":{"footnotes":""},"categories":[6,14,19],"tags":[],"class_list":["post-41656","post","type-post","status-publish","format-standard","has-post-thumbnail","hentry","category-congreso-del-estado","category-destacadas","category-grupo-parlamentario-del-prd"],"_links":{"self":[{"href":"https:\/\/radiowebmx.com\/nota\/wp-json\/wp\/v2\/posts\/41656","targetHints":{"allow":["GET"]}}],"collection":[{"href":"https:\/\/radiowebmx.com\/nota\/wp-json\/wp\/v2\/posts"}],"about":[{"href":"https:\/\/radiowebmx.com\/nota\/wp-json\/wp\/v2\/types\/post"}],"author":[{"embeddable":true,"href":"https:\/\/radiowebmx.com\/nota\/wp-json\/wp\/v2\/users\/2"}],"replies":[{"embeddable":true,"href":"https:\/\/radiowebmx.com\/nota\/wp-json\/wp\/v2\/comments?post=41656"}],"version-history":[{"count":1,"href":"https:\/\/radiowebmx.com\/nota\/wp-json\/wp\/v2\/posts\/41656\/revisions"}],"predecessor-version":[{"id":41658,"href":"https:\/\/radiowebmx.com\/nota\/wp-json\/wp\/v2\/posts\/41656\/revisions\/41658"}],"wp:featuredmedia":[{"embeddable":true,"href":"https:\/\/radiowebmx.com\/nota\/wp-json\/wp\/v2\/media\/41657"}],"wp:attachment":[{"href":"https:\/\/radiowebmx.com\/nota\/wp-json\/wp\/v2\/media?parent=41656"}],"wp:term":[{"taxonomy":"category","embeddable":true,"href":"https:\/\/radiowebmx.com\/nota\/wp-json\/wp\/v2\/categories?post=41656"},{"taxonomy":"post_tag","embeddable":true,"href":"https:\/\/radiowebmx.com\/nota\/wp-json\/wp\/v2\/tags?post=41656"}],"curies":[{"name":"wp","href":"https:\/\/api.w.org\/{rel}","templated":true}]}}