{"id":41651,"date":"2017-08-07T19:35:17","date_gmt":"2017-08-08T00:35:17","guid":{"rendered":"https:\/\/radiowebmx.com\/nota\/?p=41651"},"modified":"2017-08-08T12:04:44","modified_gmt":"2017-08-08T17:04:44","slug":"convoca-secretaria-de-cultura-de-morelia-a-artistas-a-integrar-catalogo-de-arte-popular-y-fomento-economico","status":"publish","type":"post","link":"https:\/\/radiowebmx.com\/nota\/convoca-secretaria-de-cultura-de-morelia-a-artistas-a-integrar-catalogo-de-arte-popular-y-fomento-economico\/","title":{"rendered":"Convoca Secretar\u00eda de Cultura de Morelia a artistas a integrar cat\u00e1logo de Arte Popular y Fomento Econ\u00f3mico"},"content":{"rendered":"<p>El Gobierno Municipal que encabeza Alfonso Mart\u00ednez Alc\u00e1zar, contin\u00faa en camino hacia la consolidaci\u00f3n de la capital michoacana como un referente de cultura a nivel nacional, raz\u00f3n por la cual a trav\u00e9s de la Direcci\u00f3n de Educaci\u00f3n y Arte Popular de la Secretar\u00eda de Cultura Municipal, convoca a la ciudadan\u00eda a participar en el proyecto de Integraci\u00f3n y Elaboraci\u00f3n del Cat\u00e1logo Digital &#8220;Arte Popular y Fomento \u00a0Econ\u00f3mico&#8221;.<\/p>\n<p>El Secretario de Cultura Municipal, Miguel Salm\u00f3n del Real, inform\u00f3 que en este nuevo impulso podr\u00e1n participar artesanos, creadores, artistas pl\u00e1sticos, visuales, y en general cualquier moreliano que se dedique a la elaboraci\u00f3n y comercializaci\u00f3n de piezas artesanales de cualquier tipo, y que cuente con residencia m\u00ednima de cinco a\u00f1os en Morelia y sus localidades.<\/p>\n<p>Dijo que el objetivo principal es la integraci\u00f3n, desarrollo y elaboraci\u00f3n de un Cat\u00e1logo Digital, que permita dar difusi\u00f3n y \u00a0proyectar a nivel nacional e internacional la calidad y oferta de las artesan\u00edas elaboradas por manos morelianas, el cual ser\u00e1 conformado a partir de la variedad artesanal de la regi\u00f3n, en colaboraci\u00f3n con el Ayuntamiento de Morelia a trav\u00e9s de la reci\u00e9n creada Secretar\u00eda de Cultura.<\/p>\n<p>En virtud de que el proyecto consiste en la integraci\u00f3n de un cat\u00e1logo digital, y el apoyo ofertado por el Municipio conlleva la proyecci\u00f3n de la oferta artesanal del Municipio de Morelia, es importante que el artesano participante considere la inexistencia de premios, est\u00edmulos, subsidios o cualquier cantidad de recursos l\u00edquidos otorgados por la convocante.<\/p>\n<p>La convocatoria y la recepci\u00f3n de informaci\u00f3n de los diferentes trabajos ser\u00e1 a trav\u00e9s del correo electr\u00f3nico culturaesmorelia@gmail.com para el efecto, y tendr\u00e1 una vigencia de 32 d\u00edas naturales, que correr\u00e1n a partir del d\u00eda 7 de agosto de 2017, concluyendo a las 11:59 horas del d\u00eda 8 de septiembre del mismo a\u00f1o. Aquellos trabajos enviados fuera del plazo de la presente convocatoria, no ser\u00e1n considerados.<\/p>\n<p>Para mayor informaci\u00f3n de esta convocatoria ingresa a la p\u00e1gina oficial de H. Ayuntamiento de Morelia, Michoac\u00e1n de Ocampo. http:\/\/www.morelia.gob.mx\/<\/p>\n","protected":false},"excerpt":{"rendered":"<p>El Gobierno Municipal que encabeza Alfonso Mart\u00ednez Alc\u00e1zar, contin\u00faa en camino hacia la consolidaci\u00f3n de la capital michoacana como un referente de cultura a nivel nacional, raz\u00f3n por la cual a trav\u00e9s de la Direcci\u00f3n de Educaci\u00f3n y Arte Popular de la Secretar\u00eda de Cultura Municipal, convoca a la ciudadan\u00eda a participar en el proyecto [&hellip;]<\/p>\n","protected":false},"author":2,"featured_media":41652,"comment_status":"closed","ping_status":"closed","sticky":false,"template":"","format":"standard","meta":{"footnotes":""},"categories":[14,60,9],"tags":[],"class_list":["post-41651","post","type-post","status-publish","format-standard","has-post-thumbnail","hentry","category-destacadas","category-michoacan","category-morelia"],"_links":{"self":[{"href":"https:\/\/radiowebmx.com\/nota\/wp-json\/wp\/v2\/posts\/41651","targetHints":{"allow":["GET"]}}],"collection":[{"href":"https:\/\/radiowebmx.com\/nota\/wp-json\/wp\/v2\/posts"}],"about":[{"href":"https:\/\/radiowebmx.com\/nota\/wp-json\/wp\/v2\/types\/post"}],"author":[{"embeddable":true,"href":"https:\/\/radiowebmx.com\/nota\/wp-json\/wp\/v2\/users\/2"}],"replies":[{"embeddable":true,"href":"https:\/\/radiowebmx.com\/nota\/wp-json\/wp\/v2\/comments?post=41651"}],"version-history":[{"count":1,"href":"https:\/\/radiowebmx.com\/nota\/wp-json\/wp\/v2\/posts\/41651\/revisions"}],"predecessor-version":[{"id":41653,"href":"https:\/\/radiowebmx.com\/nota\/wp-json\/wp\/v2\/posts\/41651\/revisions\/41653"}],"wp:featuredmedia":[{"embeddable":true,"href":"https:\/\/radiowebmx.com\/nota\/wp-json\/wp\/v2\/media\/41652"}],"wp:attachment":[{"href":"https:\/\/radiowebmx.com\/nota\/wp-json\/wp\/v2\/media?parent=41651"}],"wp:term":[{"taxonomy":"category","embeddable":true,"href":"https:\/\/radiowebmx.com\/nota\/wp-json\/wp\/v2\/categories?post=41651"},{"taxonomy":"post_tag","embeddable":true,"href":"https:\/\/radiowebmx.com\/nota\/wp-json\/wp\/v2\/tags?post=41651"}],"curies":[{"name":"wp","href":"https:\/\/api.w.org\/{rel}","templated":true}]}}