{"id":41646,"date":"2017-08-07T19:49:17","date_gmt":"2017-08-08T00:49:17","guid":{"rendered":"https:\/\/radiowebmx.com\/nota\/?p=41646"},"modified":"2017-08-08T12:03:09","modified_gmt":"2017-08-08T17:03:09","slug":"telebachillerato-michoacan-firma-convenio-de-pago-con-el-imss","status":"publish","type":"post","link":"https:\/\/radiowebmx.com\/nota\/telebachillerato-michoacan-firma-convenio-de-pago-con-el-imss\/","title":{"rendered":"Telebachillerato Michoac\u00e1n firma convenio de pago con el IMSS"},"content":{"rendered":"<p><a href=\"https:\/\/radiowebmx.com\/nota\/wp-content\/uploads\/2017\/08\/8056b168-1243-4748-8473-a3e475a52f4e.jpeg\"><img loading=\"lazy\" decoding=\"async\" class=\"alignnone  wp-image-41648\" src=\"https:\/\/radiowebmx.com\/nota\/wp-content\/uploads\/2017\/08\/8056b168-1243-4748-8473-a3e475a52f4e-595x396.jpeg\" alt=\"\" width=\"400\" height=\"266\" srcset=\"https:\/\/radiowebmx.com\/nota\/wp-content\/uploads\/2017\/08\/8056b168-1243-4748-8473-a3e475a52f4e-595x396.jpeg 595w, https:\/\/radiowebmx.com\/nota\/wp-content\/uploads\/2017\/08\/8056b168-1243-4748-8473-a3e475a52f4e-272x182.jpeg 272w, https:\/\/radiowebmx.com\/nota\/wp-content\/uploads\/2017\/08\/8056b168-1243-4748-8473-a3e475a52f4e.jpeg 709w\" sizes=\"auto, (max-width: 400px) 100vw, 400px\" \/><\/a><\/p>\n<p>&nbsp;<\/p>\n<p><strong>Morelia, Michoac\u00e1n, a 7 de agosto de 2017.-<\/strong>\u00a0\u00a0Este lunes fue firmado un convenio entre el Telebachillerato Michoac\u00e1n y el Instituto Mexicano del Seguro Social (IMSS), con la finalidad de solventar el pago de cuotas obrero-patronales omitidas y capitales constitutivos de los seguros de riesgos de trabajo, enfermedades y maternidad, invalidez y vida, as\u00ed como de guarder\u00edas y prestaciones sociales, su actualizaci\u00f3n, recargos y multas.<\/p>\n<p>El director general del subsistema, Juan Carlos Barrag\u00e1n V\u00e9lez, inform\u00f3 lo anterior y refrend\u00f3 el compromiso de la instituci\u00f3n con sus trabajadores. \u201cEste convenio es un gran avance, ya que les brinda a las familias de los trabajadores la seguridad de contar con seguridad social. El recurso humano es la parte m\u00e1s sustancial con la que contamos en nuestra instituci\u00f3n educativa\u201d.<\/p>\n<p>Por su parte, el subdelegado del IMSS en Michoac\u00e1n, Alfonso Villegas Garc\u00eda, reconoci\u00f3 el compromiso del subsistema con sus trabajadores, pues ofrecerles seguridad social genera estabilidad.<\/p>\n<p>El Telebachillerato Michoac\u00e1n, enfatiz\u00f3, \u201ccuenta con todo el apoyo del IMSS para seguir trabajando de la mano en beneficio de sus trabajadores y de los alumnos de sus planteles a lo largo y ancho del estado\u201d.<\/p>\n<p>A la firma del convenio asisti\u00f3 Silviano Paredes Correa, secretario general del Sindicato \u00danico de Trabajadores del Telebachillerato Michoac\u00e1n, quien dio fe de la firma del convenio en favor de sus agremiados.<\/p>\n<p>&nbsp;<\/p>\n<p><a href=\"https:\/\/radiowebmx.com\/nota\/wp-content\/uploads\/2017\/08\/0df110e8-c580-429f-8447-708a42ba0a87.jpeg\"><img loading=\"lazy\" decoding=\"async\" class=\"alignnone  wp-image-41649\" src=\"https:\/\/radiowebmx.com\/nota\/wp-content\/uploads\/2017\/08\/0df110e8-c580-429f-8447-708a42ba0a87-595x396.jpeg\" alt=\"\" width=\"400\" height=\"266\" srcset=\"https:\/\/radiowebmx.com\/nota\/wp-content\/uploads\/2017\/08\/0df110e8-c580-429f-8447-708a42ba0a87-595x396.jpeg 595w, https:\/\/radiowebmx.com\/nota\/wp-content\/uploads\/2017\/08\/0df110e8-c580-429f-8447-708a42ba0a87-272x182.jpeg 272w, https:\/\/radiowebmx.com\/nota\/wp-content\/uploads\/2017\/08\/0df110e8-c580-429f-8447-708a42ba0a87.jpeg 709w\" sizes=\"auto, (max-width: 400px) 100vw, 400px\" \/><\/a><\/p>\n<p>&nbsp;<\/p>\n<p><strong>Sesiona la Junta Directiva del Telebachillerato Michoac\u00e1n<\/strong><\/p>\n<p>Este lunes se realiz\u00f3 la quinta, sexta y s\u00e9ptima sesiones extraordinarias de la H. Junta Directiva del Telebachillerato Michoac\u00e1n, en las que se definieron y aprobaron el calendario escolar, la expedici\u00f3n de documentos oficiales para los alumnos y el presupuesto de egresos por ingresos propios del subsistema, el cual ser\u00e1 aplicado a partir de hoy y asciende a 523 mil 500 pesos.<\/p>\n<p>Barrag\u00e1n V\u00e9lez refiri\u00f3 que por unanimidad de votos los integrantes de la Junta Directiva aprobaron la propuesta del calendario escolar 2017-2018 avalado por la Secretar\u00eda de Educaci\u00f3n en el Estado.<\/p>\n<p>El funcionario estatal tambi\u00e9n present\u00f3 los precios de los servicios que ofrece el Telebachillerato Michoac\u00e1n en sus centros educativos por concepto de certificados finales, certificados parciales, historiales de calificaciones, constancias de estudios, credenciales y reposici\u00f3n de las mismas, ex\u00e1menes extraordinarios y ex\u00e1menes extraordinarios de regularizaci\u00f3n, mismos que fueron aprobados por los integrantes de la Junta Directiva.<\/p>\n","protected":false},"excerpt":{"rendered":"<p>&nbsp; Morelia, Michoac\u00e1n, a 7 de agosto de 2017.-\u00a0\u00a0Este lunes fue firmado un convenio entre el Telebachillerato Michoac\u00e1n y el Instituto Mexicano del Seguro Social (IMSS), con la finalidad de solventar el pago de cuotas obrero-patronales omitidas y capitales constitutivos de los seguros de riesgos de trabajo, enfermedades y maternidad, invalidez y vida, as\u00ed como [&hellip;]<\/p>\n","protected":false},"author":2,"featured_media":41647,"comment_status":"closed","ping_status":"closed","sticky":false,"template":"","format":"standard","meta":{"footnotes":""},"categories":[14,3,60],"tags":[],"class_list":["post-41646","post","type-post","status-publish","format-standard","has-post-thumbnail","hentry","category-destacadas","category-gobierno-del-estado-de-michoacan","category-michoacan"],"_links":{"self":[{"href":"https:\/\/radiowebmx.com\/nota\/wp-json\/wp\/v2\/posts\/41646","targetHints":{"allow":["GET"]}}],"collection":[{"href":"https:\/\/radiowebmx.com\/nota\/wp-json\/wp\/v2\/posts"}],"about":[{"href":"https:\/\/radiowebmx.com\/nota\/wp-json\/wp\/v2\/types\/post"}],"author":[{"embeddable":true,"href":"https:\/\/radiowebmx.com\/nota\/wp-json\/wp\/v2\/users\/2"}],"replies":[{"embeddable":true,"href":"https:\/\/radiowebmx.com\/nota\/wp-json\/wp\/v2\/comments?post=41646"}],"version-history":[{"count":1,"href":"https:\/\/radiowebmx.com\/nota\/wp-json\/wp\/v2\/posts\/41646\/revisions"}],"predecessor-version":[{"id":41650,"href":"https:\/\/radiowebmx.com\/nota\/wp-json\/wp\/v2\/posts\/41646\/revisions\/41650"}],"wp:featuredmedia":[{"embeddable":true,"href":"https:\/\/radiowebmx.com\/nota\/wp-json\/wp\/v2\/media\/41647"}],"wp:attachment":[{"href":"https:\/\/radiowebmx.com\/nota\/wp-json\/wp\/v2\/media?parent=41646"}],"wp:term":[{"taxonomy":"category","embeddable":true,"href":"https:\/\/radiowebmx.com\/nota\/wp-json\/wp\/v2\/categories?post=41646"},{"taxonomy":"post_tag","embeddable":true,"href":"https:\/\/radiowebmx.com\/nota\/wp-json\/wp\/v2\/tags?post=41646"}],"curies":[{"name":"wp","href":"https:\/\/api.w.org\/{rel}","templated":true}]}}