{"id":41631,"date":"2017-08-08T10:09:55","date_gmt":"2017-08-08T15:09:55","guid":{"rendered":"https:\/\/radiowebmx.com\/nota\/?p=41631"},"modified":"2017-08-08T11:52:33","modified_gmt":"2017-08-08T16:52:33","slug":"estudiantes-de-la-utm-obtienen-certificacion-internacional-en-frances","status":"publish","type":"post","link":"https:\/\/radiowebmx.com\/nota\/estudiantes-de-la-utm-obtienen-certificacion-internacional-en-frances\/","title":{"rendered":"Estudiantes de la UTM obtienen Certificaci\u00f3n Internacional en Franc\u00e9s"},"content":{"rendered":"<p><a href=\"https:\/\/radiowebmx.com\/nota\/wp-content\/uploads\/2017\/08\/37563343-05da-4f1c-9c7c-99676de7c234.jpg\"><img loading=\"lazy\" decoding=\"async\" class=\"alignnone  wp-image-41632\" src=\"https:\/\/radiowebmx.com\/nota\/wp-content\/uploads\/2017\/08\/37563343-05da-4f1c-9c7c-99676de7c234-595x484.jpg\" alt=\"\" width=\"400\" height=\"325\" srcset=\"https:\/\/radiowebmx.com\/nota\/wp-content\/uploads\/2017\/08\/37563343-05da-4f1c-9c7c-99676de7c234-595x484.jpg 595w, https:\/\/radiowebmx.com\/nota\/wp-content\/uploads\/2017\/08\/37563343-05da-4f1c-9c7c-99676de7c234.jpg 709w\" sizes=\"auto, (max-width: 400px) 100vw, 400px\" \/><\/a><\/p>\n<p>&nbsp;<\/p>\n<p><strong>Morelia, Michoac\u00e1n, a 8 de agosto de 2017<\/strong>.- Ocho estudiantes de la carrera de Gastronom\u00eda de la Universidad Tecnol\u00f3gica de Morelia (UTM) aprobaron su examen de Certificaci\u00f3n Internacional de Franc\u00e9s DELF A1 y A2, gracias a su esfuerzo y compromiso y apoyo de sus profesores y directivos de la instituci\u00f3n.<\/p>\n<p>En la curr\u00edcula de este programa educativo, los estudiantes llevan la materia de franc\u00e9s, y cada a\u00f1o la Direcci\u00f3n de Vinculaci\u00f3n, a trav\u00e9s del programa de Lenguas Extranjeras, busca preparar a los j\u00f3venes m\u00e1s sobresalientes en esta lengua para lograr su certificaci\u00f3n.<\/p>\n<p>El profesor Froyl\u00e1n Zamora S\u00e1nchez, responsable de que se lleve a cabo dicha certificaci\u00f3n, destac\u00f3 que los estudiantes de la UTM que egresan con esta constancia tendr\u00e1n una herramienta m\u00e1s de trabajo, mayor posibilidad de inserci\u00f3n laboral dentro y fuera del pa\u00eds, y podr\u00e1n ser candidatos a becas internacionales para cursar alg\u00fan posgrado.<\/p>\n<p>Zamora S\u00e1nchez invit\u00f3 a la comunidad UTM y a la ciudadan\u00eda en general a acercarse y conocer el programa de Lenguas Extranjeras de la instituci\u00f3n, que imparte cursos de Ingl\u00e9s y Franc\u00e9s para todas las edades los s\u00e1bados de 09:00 a 14:00 horas.<\/p>\n","protected":false},"excerpt":{"rendered":"<p>&nbsp; Morelia, Michoac\u00e1n, a 8 de agosto de 2017.- Ocho estudiantes de la carrera de Gastronom\u00eda de la Universidad Tecnol\u00f3gica de Morelia (UTM) aprobaron su examen de Certificaci\u00f3n Internacional de Franc\u00e9s DELF A1 y A2, gracias a su esfuerzo y compromiso y apoyo de sus profesores y directivos de la instituci\u00f3n. En la curr\u00edcula de [&hellip;]<\/p>\n","protected":false},"author":2,"featured_media":41633,"comment_status":"closed","ping_status":"closed","sticky":false,"template":"","format":"standard","meta":{"footnotes":""},"categories":[14,3,60],"tags":[],"class_list":["post-41631","post","type-post","status-publish","format-standard","has-post-thumbnail","hentry","category-destacadas","category-gobierno-del-estado-de-michoacan","category-michoacan"],"_links":{"self":[{"href":"https:\/\/radiowebmx.com\/nota\/wp-json\/wp\/v2\/posts\/41631","targetHints":{"allow":["GET"]}}],"collection":[{"href":"https:\/\/radiowebmx.com\/nota\/wp-json\/wp\/v2\/posts"}],"about":[{"href":"https:\/\/radiowebmx.com\/nota\/wp-json\/wp\/v2\/types\/post"}],"author":[{"embeddable":true,"href":"https:\/\/radiowebmx.com\/nota\/wp-json\/wp\/v2\/users\/2"}],"replies":[{"embeddable":true,"href":"https:\/\/radiowebmx.com\/nota\/wp-json\/wp\/v2\/comments?post=41631"}],"version-history":[{"count":1,"href":"https:\/\/radiowebmx.com\/nota\/wp-json\/wp\/v2\/posts\/41631\/revisions"}],"predecessor-version":[{"id":41634,"href":"https:\/\/radiowebmx.com\/nota\/wp-json\/wp\/v2\/posts\/41631\/revisions\/41634"}],"wp:featuredmedia":[{"embeddable":true,"href":"https:\/\/radiowebmx.com\/nota\/wp-json\/wp\/v2\/media\/41633"}],"wp:attachment":[{"href":"https:\/\/radiowebmx.com\/nota\/wp-json\/wp\/v2\/media?parent=41631"}],"wp:term":[{"taxonomy":"category","embeddable":true,"href":"https:\/\/radiowebmx.com\/nota\/wp-json\/wp\/v2\/categories?post=41631"},{"taxonomy":"post_tag","embeddable":true,"href":"https:\/\/radiowebmx.com\/nota\/wp-json\/wp\/v2\/tags?post=41631"}],"curies":[{"name":"wp","href":"https:\/\/api.w.org\/{rel}","templated":true}]}}