{"id":41621,"date":"2017-08-07T15:15:05","date_gmt":"2017-08-07T20:15:05","guid":{"rendered":"https:\/\/radiowebmx.com\/nota\/?p=41621"},"modified":"2017-08-08T11:46:03","modified_gmt":"2017-08-08T16:46:03","slug":"sicdet-y-canacintra-activan-agenda-conjunta-de-trabajo","status":"publish","type":"post","link":"https:\/\/radiowebmx.com\/nota\/sicdet-y-canacintra-activan-agenda-conjunta-de-trabajo\/","title":{"rendered":"Sicdet y Canacintra activan agenda conjunta de trabajo"},"content":{"rendered":"<p><a href=\"https:\/\/radiowebmx.com\/nota\/wp-content\/uploads\/2017\/08\/141fc3de-c35c-4452-9871-4c521178e8b3.jpg\"><img loading=\"lazy\" decoding=\"async\" class=\"alignnone  wp-image-41623\" src=\"https:\/\/radiowebmx.com\/nota\/wp-content\/uploads\/2017\/08\/141fc3de-c35c-4452-9871-4c521178e8b3-595x334.jpg\" alt=\"\" width=\"400\" height=\"225\" srcset=\"https:\/\/radiowebmx.com\/nota\/wp-content\/uploads\/2017\/08\/141fc3de-c35c-4452-9871-4c521178e8b3-595x334.jpg 595w, https:\/\/radiowebmx.com\/nota\/wp-content\/uploads\/2017\/08\/141fc3de-c35c-4452-9871-4c521178e8b3.jpg 709w\" sizes=\"auto, (max-width: 400px) 100vw, 400px\" \/><\/a><\/p>\n<p>&nbsp;<\/p>\n<p><strong>Morelia, Michoac\u00e1n, a 7 de agosto de 2017.-<\/strong>\u00a0A fin de cimentar una interacci\u00f3n permanente que impulse la transferencia de tecnolog\u00eda en los sectores productivos, la Secretar\u00eda de Innovaci\u00f3n, Ciencia y Desarrollo Tecnol\u00f3gico (Sicdet) y la Delegaci\u00f3n en Michoac\u00e1n de la C\u00e1mara Nacional de la Industria de la Transformaci\u00f3n (Canacintra) definieron una agenda de trabajo conjunto que inicia esta semana con la entrega de c\u00e9dulas de autoevaluaci\u00f3n de las empresas.<\/p>\n<p>El titular de la Sicdet, Jos\u00e9 Luis Monta\u00f1ez Espinosa, puntualiz\u00f3 que a partir de esas fichas de autoevaluaci\u00f3n, donde plantear\u00e1n su inquietud o necesidad tecnol\u00f3gica, la dependencia brindar\u00e1 asesor\u00eda y puentes de encuentro con el sector acad\u00e9mico que ayude a resolver la problem\u00e1tica espec\u00edfica de cada empresa en materia de investigaci\u00f3n desarrollo tecnol\u00f3gico, innovaci\u00f3n y mejora de los procesos productivos, etc\u00e9tera.<\/p>\n<p>En reuni\u00f3n de trabajo celebrada con el Consejo Directivo de la Canacintra, que encabeza H\u00e9ctor Manuel Tinoco Gardu\u00f1o, el director de Innovaci\u00f3n, Rub\u00e9n Salazar Jasso, present\u00f3 los programas de trabajo de la Sicdet, oportunidades que ofrece el Gobierno del Estado a manera de cartera de servicios o consultor\u00eda para ayudar a que las empresas michoacanas transiten de una econom\u00eda de maquila a una del conocimiento, desarrolladora de tecnolog\u00eda.<br \/>\n&nbsp;<\/p>\n<p><a href=\"https:\/\/radiowebmx.com\/nota\/wp-content\/uploads\/2017\/08\/be05b6e1-fec1-404d-b91f-29587715d6ec.jpg\"><img loading=\"lazy\" decoding=\"async\" class=\"alignnone  wp-image-41624\" src=\"https:\/\/radiowebmx.com\/nota\/wp-content\/uploads\/2017\/08\/be05b6e1-fec1-404d-b91f-29587715d6ec-595x334.jpg\" alt=\"\" width=\"400\" height=\"225\" srcset=\"https:\/\/radiowebmx.com\/nota\/wp-content\/uploads\/2017\/08\/be05b6e1-fec1-404d-b91f-29587715d6ec-595x334.jpg 595w, https:\/\/radiowebmx.com\/nota\/wp-content\/uploads\/2017\/08\/be05b6e1-fec1-404d-b91f-29587715d6ec.jpg 709w\" sizes=\"auto, (max-width: 400px) 100vw, 400px\" \/><\/a><\/p>\n<p>&nbsp;<\/p>\n<p>Monta\u00f1ez Espinosa puntualiz\u00f3 que se trata de una pol\u00edtica transversal que atiende la necesidad de fortalecer la vinculaci\u00f3n de cu\u00e1druple h\u00e9lice: sectores empresarial, p\u00fablico, acad\u00e9mico y social.<\/p>\n<p>Otros de los puntos de acuerdo establecidos en la reuni\u00f3n de trabajo consistieron en una visita a las instalaciones del CIDAM para conocer los servicios que ofrece en materia de investigaci\u00f3n; realizar un taller paso a paso de ingreso al Registro Nacional de Instituciones y Empresas Cient\u00edficas y Tecnol\u00f3gicas, dirigido a\u00a0 las empresas interesadas en obtener beneficios de programas y fondos p\u00fablicos.<\/p>\n<p>Finalmente, tambi\u00e9n les invit\u00f3 a participar en un foro de vinculaci\u00f3n en el que participen las empresas agremiadas a la Canacintra con las instancias acad\u00e9micas, de investigaci\u00f3n y gubernamentales relacionadas en la b\u00fasqueda de soluciones y la aplicaci\u00f3n de la ciencia para beneficio de los sectores productivos.<\/p>\n","protected":false},"excerpt":{"rendered":"<p>&nbsp; Morelia, Michoac\u00e1n, a 7 de agosto de 2017.-\u00a0A fin de cimentar una interacci\u00f3n permanente que impulse la transferencia de tecnolog\u00eda en los sectores productivos, la Secretar\u00eda de Innovaci\u00f3n, Ciencia y Desarrollo Tecnol\u00f3gico (Sicdet) y la Delegaci\u00f3n en Michoac\u00e1n de la C\u00e1mara Nacional de la Industria de la Transformaci\u00f3n (Canacintra) definieron una agenda de trabajo [&hellip;]<\/p>\n","protected":false},"author":2,"featured_media":41622,"comment_status":"closed","ping_status":"closed","sticky":false,"template":"","format":"standard","meta":{"footnotes":""},"categories":[14,3,60],"tags":[],"class_list":["post-41621","post","type-post","status-publish","format-standard","has-post-thumbnail","hentry","category-destacadas","category-gobierno-del-estado-de-michoacan","category-michoacan"],"_links":{"self":[{"href":"https:\/\/radiowebmx.com\/nota\/wp-json\/wp\/v2\/posts\/41621","targetHints":{"allow":["GET"]}}],"collection":[{"href":"https:\/\/radiowebmx.com\/nota\/wp-json\/wp\/v2\/posts"}],"about":[{"href":"https:\/\/radiowebmx.com\/nota\/wp-json\/wp\/v2\/types\/post"}],"author":[{"embeddable":true,"href":"https:\/\/radiowebmx.com\/nota\/wp-json\/wp\/v2\/users\/2"}],"replies":[{"embeddable":true,"href":"https:\/\/radiowebmx.com\/nota\/wp-json\/wp\/v2\/comments?post=41621"}],"version-history":[{"count":1,"href":"https:\/\/radiowebmx.com\/nota\/wp-json\/wp\/v2\/posts\/41621\/revisions"}],"predecessor-version":[{"id":41625,"href":"https:\/\/radiowebmx.com\/nota\/wp-json\/wp\/v2\/posts\/41621\/revisions\/41625"}],"wp:featuredmedia":[{"embeddable":true,"href":"https:\/\/radiowebmx.com\/nota\/wp-json\/wp\/v2\/media\/41622"}],"wp:attachment":[{"href":"https:\/\/radiowebmx.com\/nota\/wp-json\/wp\/v2\/media?parent=41621"}],"wp:term":[{"taxonomy":"category","embeddable":true,"href":"https:\/\/radiowebmx.com\/nota\/wp-json\/wp\/v2\/categories?post=41621"},{"taxonomy":"post_tag","embeddable":true,"href":"https:\/\/radiowebmx.com\/nota\/wp-json\/wp\/v2\/tags?post=41621"}],"curies":[{"name":"wp","href":"https:\/\/api.w.org\/{rel}","templated":true}]}}