{"id":4161,"date":"2013-10-21T10:59:03","date_gmt":"2013-10-21T15:59:03","guid":{"rendered":"https:\/\/radiowebmx.com\/nota\/?p=4161"},"modified":"2013-10-21T10:59:03","modified_gmt":"2013-10-21T15:59:03","slug":"lanza-gobierno-estatal-alerta-por-presencia-del-huracan-raymond-en-costas-michoacanas","status":"publish","type":"post","link":"https:\/\/radiowebmx.com\/nota\/lanza-gobierno-estatal-alerta-por-presencia-del-huracan-raymond-en-costas-michoacanas\/","title":{"rendered":"LANZA GOBIERNO ESTATAL ALERTA POR PRESENCIA DEL HURAC\u00c1N \u201cRAYMOND\u201d EN COSTAS MICHOACANAS"},"content":{"rendered":"<p><a href=\"https:\/\/radiowebmx.com\/nota\/wp-content\/uploads\/2013\/10\/DSC_8060.jpg\"><img loading=\"lazy\" decoding=\"async\" class=\"alignleft size-full wp-image-4162\" alt=\"DSC_8060\" src=\"https:\/\/radiowebmx.com\/nota\/wp-content\/uploads\/2013\/10\/DSC_8060.jpg\" width=\"591\" height=\"286\" \/><\/a>Debido a que la depresi\u00f3n tropical \u201cRaymond\u201d subi\u00f3 a categor\u00eda Hurac\u00e1n 1 y mantiene presencia en la costa del estado, este domingo el<b> <\/b>gobierno de Michoac\u00e1n<b> <\/b>lanz\u00f3 una alerta a la poblaci\u00f3n a extremar precauciones y estar atentos al llamado de la autoridad durante las pr\u00f3ximas 72 horas, para evacuar sus viviendas en caso de ser necesario.<\/p>\n<p>As\u00ed qued\u00f3 de manifiesto durante la sesi\u00f3n extraordinaria del Consejo Estatal de Protecci\u00f3n Civil, misma que fue encabezada por el gobernador Jes\u00fas Reyna Garc\u00eda; el director general de Protecci\u00f3n Civil nacional, Ricardo de la Cruz Musalem y el secretario de Gobierno estatal, Jaime Mares Camarena, donde ratificaron que la coordinaci\u00f3n entre los tres \u00f3rdenes de gobierno se mantiene y desde este momento se refuerzan las acciones de prevenci\u00f3n para proteger a los michoacanos y sus bienes.<\/p>\n<p>De acuerdo al movimiento de meteoro, se declar\u00f3 a cuatro municipios michoacanos en riesgo de contingencia: Coalcom\u00e1n, Aguililla, Aquila y L\u00e1zaro C\u00e1rdenas.<\/p>\n<p>En este tenor, el jefe del Ejecutivo estatal asegur\u00f3 que ante esta alerta emitida por la Comisi\u00f3n Nacional del Agua, que subi\u00f3 el grado de prevenci\u00f3n a \u201cnaranja\u201d, se tom\u00f3 la determinaci\u00f3n de que independientemente de los funcionarios que operan las acciones de atenci\u00f3n a la contingencia presentada por \u201cManuel\u201d en los diferentes municipios, desde ahora se reforzar\u00e1 la presencia de representantes del gobierno del estado de mayor rango, en las tareas de prevenci\u00f3n y alerta ante la llegada del fen\u00f3meno \u201cRaymond\u201d.<\/p>\n<p>Record\u00f3 que desde la contingencia presentada el pasado mes de septiembre, se mantiene en sesi\u00f3n permanente este Consejo y este domingo sesion\u00f3 con la finalidad de conocer el pron\u00f3stico para las pr\u00f3ximas horas y activar las brigadas que se requieran para prevenir a la poblaci\u00f3n y atenderla.<\/p>\n<p>\u201cAnte esta alerta tenemos que hacer lo que a cada \u00e1rea corresponde, sin descuidar la atenci\u00f3n a las familias que ya resultaron damnificadas por <i>Manuel\u201d<\/i>, dijo Jes\u00fas Reyna.<\/p>\n<p>Asimismo, enseguida dio a la instrucci\u00f3n al secretario de Educaci\u00f3n, Jes\u00fas Sierra Arias, para que en los cuatro municipios considerados de riesgo se suspendan las clases en todos los niveles educativos al menos para este lunes, y se valorar\u00e1 el reinicio de las mismas de acuerdo al pron\u00f3stico meteorol\u00f3gico de las pr\u00f3ximas horas.<\/p>\n<p>Por su parte, el director general de PC Nacional, Ricardo de la Cruz, asegur\u00f3 que por instrucci\u00f3n del presidente Enrique Pe\u00f1a Nieto y del secretario de Gobernaci\u00f3n, Miguel \u00c1ngel Osorio Chong, desde este d\u00eda y hasta que el estado de alerta concluya, permanecer\u00e1 en nuestra entidad con su equipo de trabajo para coordinarse con el gobierno estatal, las delegaciones federales y autoridades municipales, a fin de salvaguardar la vida de los michoacanos aun cuando no se tiene la certeza de los efectos que pudiera tener \u201cRaymond\u201d en la entidad.<\/p>\n<p>Fue enf\u00e1tico al se\u00f1alar que en caso de ser necesario y de que el nivel de las diferentes presas ponga en riesgo a la poblaci\u00f3n, ser\u00e1 necesario realizar una evacuaci\u00f3n preventiva.<\/p>\n<p>Inform\u00f3 que las presas que al momento son monitoreadas a mayor detalle por el riesgo que representan, son Infiernillo, La Villita (Morelos), El Caracol y Cointzio; \u00e9sta \u00faltima ubicada en la capital michoacana, desde el pasado s\u00e1bado ya inici\u00f3 con extracciones controladas de hasta 5 metros c\u00fabicos por segundo, por ser la que est\u00e1 al l\u00edmite de su capacidad.<\/p>\n<p>Ante esta alerta, se extiende un llamado a la poblaci\u00f3n a estar al pendiente del avance de este fen\u00f3meno en las pr\u00f3ximas horas, as\u00ed como a tomar las siguientes recomendaciones:<\/p>\n<ul>\n<li>Evacuar construcciones de riesgo.<\/li>\n<li>Acudir al refugio temporal si su vivienda no es segura y\/o es de material ligero o vulnerable.<\/li>\n<li>Suspender actividades de navegaci\u00f3n mar\u00edtima, recreativas y costeras, as\u00ed como el tr\u00e1nsito vehicular por carreteras y autopistas.<\/li>\n<\/ul>\n<p>En caso de contingencia:<\/p>\n<ul>\n<li>Cerrar puertas y ventanas y alejarse de los cristales.<\/li>\n<li>Mantener un radio de pilas encendido para recibir informaci\u00f3n del cicl\u00f3n.<\/li>\n<li>Desconectar todos los aparatos el\u00e9ctricos, as\u00ed como el interruptor de energ\u00eda.<\/li>\n<li>Cerrar las llaves de gas y agua.<\/li>\n<li>Mover a las partes altas objetos de valor y dejar en el suelo s\u00f3lo aqu\u00e9llas que puedan caer.<\/li>\n<li>Utilizar l\u00e1mparas de pilas, no velas o veladoras.<\/li>\n<li>Tener cerca art\u00edculos de emergencia (v\u00edveres, agua, radio, l\u00e1mpara, pilas, medicinas, etc).<\/li>\n<li>Vigilar constantemente el nivel del agua cercano a su\u00a0casa y\/o refugio temporal.<\/li>\n<\/ul>\n<p align=\"center\"><b>\u00a0<\/b><\/p>\n","protected":false},"excerpt":{"rendered":"<p>Debido a que la depresi\u00f3n tropical \u201cRaymond\u201d subi\u00f3 a categor\u00eda Hurac\u00e1n 1 y mantiene presencia en la costa del estado, este domingo el gobierno de Michoac\u00e1n <\/p>\n","protected":false},"author":1,"featured_media":0,"comment_status":"open","ping_status":"open","sticky":false,"template":"","format":"standard","meta":{"footnotes":""},"categories":[14,3],"tags":[],"class_list":["post-4161","post","type-post","status-publish","format-standard","hentry","category-destacadas","category-gobierno-del-estado-de-michoacan"],"_links":{"self":[{"href":"https:\/\/radiowebmx.com\/nota\/wp-json\/wp\/v2\/posts\/4161","targetHints":{"allow":["GET"]}}],"collection":[{"href":"https:\/\/radiowebmx.com\/nota\/wp-json\/wp\/v2\/posts"}],"about":[{"href":"https:\/\/radiowebmx.com\/nota\/wp-json\/wp\/v2\/types\/post"}],"author":[{"embeddable":true,"href":"https:\/\/radiowebmx.com\/nota\/wp-json\/wp\/v2\/users\/1"}],"replies":[{"embeddable":true,"href":"https:\/\/radiowebmx.com\/nota\/wp-json\/wp\/v2\/comments?post=4161"}],"version-history":[{"count":2,"href":"https:\/\/radiowebmx.com\/nota\/wp-json\/wp\/v2\/posts\/4161\/revisions"}],"predecessor-version":[{"id":4164,"href":"https:\/\/radiowebmx.com\/nota\/wp-json\/wp\/v2\/posts\/4161\/revisions\/4164"}],"wp:attachment":[{"href":"https:\/\/radiowebmx.com\/nota\/wp-json\/wp\/v2\/media?parent=4161"}],"wp:term":[{"taxonomy":"category","embeddable":true,"href":"https:\/\/radiowebmx.com\/nota\/wp-json\/wp\/v2\/categories?post=4161"},{"taxonomy":"post_tag","embeddable":true,"href":"https:\/\/radiowebmx.com\/nota\/wp-json\/wp\/v2\/tags?post=4161"}],"curies":[{"name":"wp","href":"https:\/\/api.w.org\/{rel}","templated":true}]}}