{"id":41604,"date":"2017-08-07T14:24:15","date_gmt":"2017-08-07T19:24:15","guid":{"rendered":"https:\/\/radiowebmx.com\/nota\/?p=41604"},"modified":"2017-08-07T14:24:15","modified_gmt":"2017-08-07T19:24:15","slug":"impartiran-cursos-de-innovacion-tecnologica-en-punto-mexico-conectado","status":"publish","type":"post","link":"https:\/\/radiowebmx.com\/nota\/impartiran-cursos-de-innovacion-tecnologica-en-punto-mexico-conectado\/","title":{"rendered":"Impartir\u00e1n cursos de innovaci\u00f3n tecnol\u00f3gica en Punto M\u00e9xico Conectado"},"content":{"rendered":"<p>La Secretar\u00eda de Comunicaciones y Transportes (SCT), ha contribuido de manera importante en la capacitaci\u00f3n de los nuevos emprendedores, a trav\u00e9s de su Punto M\u00e9xico Conectado (PMC), el cual se encuentra ofertando talleres para este verano.<\/p>\n<p>El Director del Centro SCT Michoac\u00e1n, Florentino Coalla Pulido, inform\u00f3 que de 2015 a la fecha, los PMC a nivel nacional cuentan con 45 mil 906 inscripciones a los cursos de innovaci\u00f3n y emprendimiento.<\/p>\n<p>Y es que, a dos a\u00f1os de operaci\u00f3n de la red PMC, se han generado 11 mil 230 proyectos de negocios a nivel nacional, distribuidos en tres sectores: comercio, servicios e industria. De estos planes, 10 mil 556 ya cuentan con alg\u00fan tipo de financiamiento p\u00fablico o privado.<\/p>\n<p>Coalla Pulido asegur\u00f3 que para lograr que este semillero alcance el \u00e9xito, se trabaja en alianza con la Secretar\u00eda de Econom\u00eda, espec\u00edficamente con el Instituto Nacional de Emprendedores (INADEM), para que los alumnos de PMC tengan acceso e informaci\u00f3n de como participar en sus convocatorias.<\/p>\n<p>Los PMC, cuentan con el apoyo de la Secretar\u00eda de Hacienda y Cr\u00e9dito P\u00fablico a trav\u00e9s del Sistema de Administraci\u00f3n Tributaria (SAT) para que los socios del PMC reciban pl\u00e1ticas e informaci\u00f3n de c\u00f3mo tener negocios formales.<\/p>\n<p>Los cursos se dividen en dise\u00f1o, creaci\u00f3n e implementaci\u00f3n de negocios y est\u00e1n planeados para el desarrollo de capacidades, con base en la creatividad y la innovaci\u00f3n que resuelven necesidades personales o de la comunidad en el \u00e1mbito econ\u00f3mico y social.<\/p>\n<p>Esta capacitaci\u00f3n est\u00e1 basada en modelos como el Business Model Canvas, Lean Startup, Lean Marketing, Opciones de Financiamiento, y se complementa con las asesor\u00edas del INADEM y del SAT.<\/p>\n<p>El objetivo es que el usuario desarrolle un modelo de negocio y valide el impacto posible en el mercado, as\u00ed como proponer estrategias para atraer clientes y mercado.<\/p>\n<p>Los cursos tienen una duraci\u00f3n de 12 o 16 horas, que se pueden tomar de forma escolarizada o los d\u00edas s\u00e1bados. Para mayores informes el interesado puede acudir a las instalaciones ubicadas en Calle Aldama No.439, Centro Hist\u00f3rico o llamar al 292 9282 con un horario de 9:00 a 19 horas.<\/p>\n","protected":false},"excerpt":{"rendered":"<p>La Secretar\u00eda de Comunicaciones y Transportes (SCT), ha contribuido de manera importante en la capacitaci\u00f3n de los nuevos emprendedores, a trav\u00e9s de su Punto M\u00e9xico Conectado (PMC), el cual se encuentra ofertando talleres para este verano. El Director del Centro SCT Michoac\u00e1n, Florentino Coalla Pulido, inform\u00f3 que de 2015 a la fecha, los PMC a [&hellip;]<\/p>\n","protected":false},"author":2,"featured_media":41605,"comment_status":"closed","ping_status":"closed","sticky":false,"template":"","format":"standard","meta":{"footnotes":""},"categories":[14,60],"tags":[],"class_list":["post-41604","post","type-post","status-publish","format-standard","has-post-thumbnail","hentry","category-destacadas","category-michoacan"],"_links":{"self":[{"href":"https:\/\/radiowebmx.com\/nota\/wp-json\/wp\/v2\/posts\/41604","targetHints":{"allow":["GET"]}}],"collection":[{"href":"https:\/\/radiowebmx.com\/nota\/wp-json\/wp\/v2\/posts"}],"about":[{"href":"https:\/\/radiowebmx.com\/nota\/wp-json\/wp\/v2\/types\/post"}],"author":[{"embeddable":true,"href":"https:\/\/radiowebmx.com\/nota\/wp-json\/wp\/v2\/users\/2"}],"replies":[{"embeddable":true,"href":"https:\/\/radiowebmx.com\/nota\/wp-json\/wp\/v2\/comments?post=41604"}],"version-history":[{"count":1,"href":"https:\/\/radiowebmx.com\/nota\/wp-json\/wp\/v2\/posts\/41604\/revisions"}],"predecessor-version":[{"id":41606,"href":"https:\/\/radiowebmx.com\/nota\/wp-json\/wp\/v2\/posts\/41604\/revisions\/41606"}],"wp:featuredmedia":[{"embeddable":true,"href":"https:\/\/radiowebmx.com\/nota\/wp-json\/wp\/v2\/media\/41605"}],"wp:attachment":[{"href":"https:\/\/radiowebmx.com\/nota\/wp-json\/wp\/v2\/media?parent=41604"}],"wp:term":[{"taxonomy":"category","embeddable":true,"href":"https:\/\/radiowebmx.com\/nota\/wp-json\/wp\/v2\/categories?post=41604"},{"taxonomy":"post_tag","embeddable":true,"href":"https:\/\/radiowebmx.com\/nota\/wp-json\/wp\/v2\/tags?post=41604"}],"curies":[{"name":"wp","href":"https:\/\/api.w.org\/{rel}","templated":true}]}}