{"id":41597,"date":"2017-08-07T14:17:10","date_gmt":"2017-08-07T19:17:10","guid":{"rendered":"https:\/\/radiowebmx.com\/nota\/?p=41597"},"modified":"2017-08-07T14:17:10","modified_gmt":"2017-08-07T19:17:10","slug":"sera-reforzada-la-coordinacion-para-fortalecer-seguridad-en-morelia-adrian-lopez","status":"publish","type":"post","link":"https:\/\/radiowebmx.com\/nota\/sera-reforzada-la-coordinacion-para-fortalecer-seguridad-en-morelia-adrian-lopez\/","title":{"rendered":"Ser\u00e1 reforzada la coordinaci\u00f3n para fortalecer seguridad en Morelia: Adri\u00e1n L\u00f3pez"},"content":{"rendered":"<p><a href=\"https:\/\/radiowebmx.com\/nota\/wp-content\/uploads\/2017\/08\/bf7649ff-97a1-4cf9-801f-c993b2cdffa1.jpeg\"><img loading=\"lazy\" decoding=\"async\" class=\"alignnone  wp-image-41599\" src=\"https:\/\/radiowebmx.com\/nota\/wp-content\/uploads\/2017\/08\/bf7649ff-97a1-4cf9-801f-c993b2cdffa1-595x320.jpeg\" alt=\"\" width=\"400\" height=\"215\" srcset=\"https:\/\/radiowebmx.com\/nota\/wp-content\/uploads\/2017\/08\/bf7649ff-97a1-4cf9-801f-c993b2cdffa1-595x320.jpeg 595w, https:\/\/radiowebmx.com\/nota\/wp-content\/uploads\/2017\/08\/bf7649ff-97a1-4cf9-801f-c993b2cdffa1.jpeg 709w\" sizes=\"auto, (max-width: 400px) 100vw, 400px\" \/><\/a><\/p>\n<ul>\n<li><strong>Con la representaci\u00f3n del Gobernador Silvano Aureoles Conejo, el secretario de Gobierno encabez\u00f3 la reuni\u00f3n del Grupo de Coordinaci\u00f3n para la Seguridad de la capital michoacana.<\/strong><\/li>\n<\/ul>\n<p><strong>Morelia, Michoac\u00e1n a 7 de agosto del 2017.-<\/strong>\u00a0Con la representaci\u00f3n del Gobernador Constitucional Silvano Aureoles Conejo, el secretario de Gobierno, Adri\u00e1n L\u00f3pez Sol\u00eds, encabez\u00f3 la reuni\u00f3n del Grupo de Coordinaci\u00f3n para la Seguridad de la capital michoacana, a la que tambi\u00e9n asisti\u00f3 el presidente municipal Alfonso Mart\u00ednez Alc\u00e1zar.<\/p>\n<p>Durante la reuni\u00f3n, funcionarios de los tres \u00f3rdenes de gobierno evaluaron los trabajos y los resultados obtenidos en materia de seguridad durante la \u00faltima semana en la ciudad, como la detenci\u00f3n de los integrantes de una c\u00e9lula delictiva.<\/p>\n<p>En su intervenci\u00f3n, el secretario de Gobierno manifest\u00f3 que los tres \u00f3rdenes de gobierno \u201ccontinuaremos trabajando de manera coordinada a fin de mantener el orden y la paz en la capital de nuestro estado\u201d.<\/p>\n<p>Durante la reuni\u00f3n se acord\u00f3 trabajar de manera conjunta en informar a la ciudadan\u00eda respecto de los avances en la materia, de tal suerte que estos puedan verse reflejados tambi\u00e9n en la percepci\u00f3n y niveles de confianza hacia las propias instituciones.<\/p>\n<p>En la reuni\u00f3n estuvieron presentes el comandante de la XXI Zona Militar, Jos\u00e9 Francisco Morales C\u00e1zares; el subsecretario de Seguridad P\u00fablica, Carlos G\u00f3mez Arrieta; as\u00ed como representantes de la Procuradur\u00eda General de Justicia del Estado y de la Polic\u00eda Federal, adem\u00e1s de las delegaciones en Michoac\u00e1n del Cisen y de la Procuradur\u00eda General de la Rep\u00fablica.<\/p>\n","protected":false},"excerpt":{"rendered":"<p>Con la representaci\u00f3n del Gobernador Silvano Aureoles Conejo, el secretario de Gobierno encabez\u00f3 la reuni\u00f3n del Grupo de Coordinaci\u00f3n para la Seguridad de la capital michoacana. Morelia, Michoac\u00e1n a 7 de agosto del 2017.-\u00a0Con la representaci\u00f3n del Gobernador Constitucional Silvano Aureoles Conejo, el secretario de Gobierno, Adri\u00e1n L\u00f3pez Sol\u00eds, encabez\u00f3 la reuni\u00f3n del Grupo de [&hellip;]<\/p>\n","protected":false},"author":2,"featured_media":41598,"comment_status":"closed","ping_status":"closed","sticky":false,"template":"","format":"standard","meta":{"footnotes":""},"categories":[14,3,60],"tags":[],"class_list":["post-41597","post","type-post","status-publish","format-standard","has-post-thumbnail","hentry","category-destacadas","category-gobierno-del-estado-de-michoacan","category-michoacan"],"_links":{"self":[{"href":"https:\/\/radiowebmx.com\/nota\/wp-json\/wp\/v2\/posts\/41597","targetHints":{"allow":["GET"]}}],"collection":[{"href":"https:\/\/radiowebmx.com\/nota\/wp-json\/wp\/v2\/posts"}],"about":[{"href":"https:\/\/radiowebmx.com\/nota\/wp-json\/wp\/v2\/types\/post"}],"author":[{"embeddable":true,"href":"https:\/\/radiowebmx.com\/nota\/wp-json\/wp\/v2\/users\/2"}],"replies":[{"embeddable":true,"href":"https:\/\/radiowebmx.com\/nota\/wp-json\/wp\/v2\/comments?post=41597"}],"version-history":[{"count":1,"href":"https:\/\/radiowebmx.com\/nota\/wp-json\/wp\/v2\/posts\/41597\/revisions"}],"predecessor-version":[{"id":41600,"href":"https:\/\/radiowebmx.com\/nota\/wp-json\/wp\/v2\/posts\/41597\/revisions\/41600"}],"wp:featuredmedia":[{"embeddable":true,"href":"https:\/\/radiowebmx.com\/nota\/wp-json\/wp\/v2\/media\/41598"}],"wp:attachment":[{"href":"https:\/\/radiowebmx.com\/nota\/wp-json\/wp\/v2\/media?parent=41597"}],"wp:term":[{"taxonomy":"category","embeddable":true,"href":"https:\/\/radiowebmx.com\/nota\/wp-json\/wp\/v2\/categories?post=41597"},{"taxonomy":"post_tag","embeddable":true,"href":"https:\/\/radiowebmx.com\/nota\/wp-json\/wp\/v2\/tags?post=41597"}],"curies":[{"name":"wp","href":"https:\/\/api.w.org\/{rel}","templated":true}]}}