{"id":4155,"date":"2013-10-21T10:19:21","date_gmt":"2013-10-21T15:19:21","guid":{"rendered":"https:\/\/radiowebmx.com\/nota\/?p=4155"},"modified":"2013-10-21T10:19:21","modified_gmt":"2013-10-21T15:19:21","slug":"entrega-ejecutivo-iniciativa-de-ley-de-proteccion-civil-al-congreso-del-estado","status":"publish","type":"post","link":"https:\/\/radiowebmx.com\/nota\/entrega-ejecutivo-iniciativa-de-ley-de-proteccion-civil-al-congreso-del-estado\/","title":{"rendered":"ENTREGA EJECUTIVO, INICIATIVA DE LEY DE PROTECCI\u00d3N CIVIL AL CONGRESO DEL ESTADO"},"content":{"rendered":"<p>El Poder Ejecutivo del Estado por conducto de su titular, Jes\u00fas Reyna Garc\u00eda, envi\u00f3 al Congreso del Estado la iniciativa de Ley de Protecci\u00f3n Civil del Estado de Michoac\u00e1n de Ocampo.<\/p>\n<p>&nbsp;<\/p>\n<p>Lo anterior en atenci\u00f3n a la publicaci\u00f3n en el Diario Oficial de la Federaci\u00f3n de la Ley General de Protecci\u00f3n Civil con fecha 6 de junio del presente a\u00f1o, que establece a los gobernadores de los estados la responsabilidad sobre la integraci\u00f3n y funcionamiento de los Sistemas de Protecci\u00f3n Civil.<\/p>\n<p>&nbsp;<\/p>\n<p>De dicha legislaci\u00f3n federal se desprende la obligaci\u00f3n de las autoridades locales para realizar las gestiones conducentes, con el prop\u00f3sito de realizar las adecuaciones correspondientes en las Leyes, y dem\u00e1s disposiciones locales en la materia en un plazo no mayor a 365 d\u00edas, a partir de su publicaci\u00f3n.<\/p>\n<p>&nbsp;<\/p>\n<p>Aunado a lo anterior, la presente administraci\u00f3n, desde el inicio de su gesti\u00f3n estableci\u00f3 en el Plan de Desarrollo Integral del Estado de Michoac\u00e1n 2012-2015, en el Eje Rector del Desarrollo, denominado Diagn\u00f3stico, un apartado sobre el tema que la letra dice: \u201ca trav\u00e9s del Sistema Estatal de Protecci\u00f3n Civil, se salvaguarda a la poblaci\u00f3n, a sus bienes y a su entorno\u201d.<\/p>\n<p>&nbsp;<\/p>\n<p>Por lo anteriormente expuesto, el Ejecutivo estatal en el \u00e1nimo de dar certeza en la capacidad de respuesta en situaciones de riesgo, por motivos tanto humanos como naturales, presenta ante la LXXII Legislatura la citada iniciativa para su discusi\u00f3n y eventual aprobaci\u00f3n, toda vez que es indispensable contar con una nueva Ley de Protecci\u00f3n Civil, actualizada, fortalecida, integral, transversal y homologada, que conjugue y aporte el marco legal necesario para hacer funcionar adecuadamente a las instituciones p\u00fablicas del Estado y sus Municipios, adem\u00e1s de regular a los sectores involucrados de la poblaci\u00f3n y brindar las condiciones apropiadas para responder a las necesidades existentes.<\/p>\n<p>&nbsp;<\/p>\n<p>En este sentido, se tiene claro que la corresponsabilidad, concientizaci\u00f3n y participaci\u00f3n de la sociedad, del gobierno y de los dem\u00e1s sectores de la vida p\u00fablica en el Estado, deben ser considerados como los pilares que soporten el eje transversal de las pol\u00edticas p\u00fablicas del Gobierno del Estado de Michoac\u00e1n y de sus municipios en materia de Protecci\u00f3n Civil.<\/p>\n<p>&nbsp;<\/p>\n<p>La entrega del documento corri\u00f3 a cargo de la Secretar\u00eda de Gobierno por las v\u00edas y cauces legales que establece la ley Org\u00e1nica de la Administraci\u00f3n P\u00fablica Estatal que determina plenamente las atribuciones que le confiere como enlace del Poder Ejecutivo con el Poder Legislativo.<\/p>\n","protected":false},"excerpt":{"rendered":"<p>El Poder Ejecutivo del Estado por conducto de su titular, Jes\u00fas Reyna Garc\u00eda, envi\u00f3 al Congreso del Estado la iniciativa de Ley de Protecci\u00f3n Civil del Estado de Michoac\u00e1n de Ocampo.<\/p>\n","protected":false},"author":1,"featured_media":0,"comment_status":"open","ping_status":"open","sticky":false,"template":"","format":"standard","meta":{"footnotes":""},"categories":[3],"tags":[],"class_list":["post-4155","post","type-post","status-publish","format-standard","hentry","category-gobierno-del-estado-de-michoacan"],"_links":{"self":[{"href":"https:\/\/radiowebmx.com\/nota\/wp-json\/wp\/v2\/posts\/4155","targetHints":{"allow":["GET"]}}],"collection":[{"href":"https:\/\/radiowebmx.com\/nota\/wp-json\/wp\/v2\/posts"}],"about":[{"href":"https:\/\/radiowebmx.com\/nota\/wp-json\/wp\/v2\/types\/post"}],"author":[{"embeddable":true,"href":"https:\/\/radiowebmx.com\/nota\/wp-json\/wp\/v2\/users\/1"}],"replies":[{"embeddable":true,"href":"https:\/\/radiowebmx.com\/nota\/wp-json\/wp\/v2\/comments?post=4155"}],"version-history":[{"count":2,"href":"https:\/\/radiowebmx.com\/nota\/wp-json\/wp\/v2\/posts\/4155\/revisions"}],"predecessor-version":[{"id":4157,"href":"https:\/\/radiowebmx.com\/nota\/wp-json\/wp\/v2\/posts\/4155\/revisions\/4157"}],"wp:attachment":[{"href":"https:\/\/radiowebmx.com\/nota\/wp-json\/wp\/v2\/media?parent=4155"}],"wp:term":[{"taxonomy":"category","embeddable":true,"href":"https:\/\/radiowebmx.com\/nota\/wp-json\/wp\/v2\/categories?post=4155"},{"taxonomy":"post_tag","embeddable":true,"href":"https:\/\/radiowebmx.com\/nota\/wp-json\/wp\/v2\/tags?post=4155"}],"curies":[{"name":"wp","href":"https:\/\/api.w.org\/{rel}","templated":true}]}}