{"id":41528,"date":"2017-08-05T14:40:53","date_gmt":"2017-08-05T19:40:53","guid":{"rendered":"https:\/\/radiowebmx.com\/nota\/?p=41528"},"modified":"2017-08-07T11:53:09","modified_gmt":"2017-08-07T16:53:09","slug":"avanza-michoacan-en-indicadores-de-educacion-basica-silvano-aureoles","status":"publish","type":"post","link":"https:\/\/radiowebmx.com\/nota\/avanza-michoacan-en-indicadores-de-educacion-basica-silvano-aureoles\/","title":{"rendered":"Avanza Michoac\u00e1n en indicadores de educaci\u00f3n b\u00e1sica: Silvano Aureoles"},"content":{"rendered":"<p><a href=\"https:\/\/radiowebmx.com\/nota\/wp-content\/uploads\/2017\/08\/048611e3-7ff2-4e7c-80f3-388dc89b4f13.jpeg\"><img loading=\"lazy\" decoding=\"async\" class=\"alignnone  wp-image-41530\" src=\"https:\/\/radiowebmx.com\/nota\/wp-content\/uploads\/2017\/08\/048611e3-7ff2-4e7c-80f3-388dc89b4f13-595x396.jpeg\" alt=\"\" width=\"400\" height=\"266\" srcset=\"https:\/\/radiowebmx.com\/nota\/wp-content\/uploads\/2017\/08\/048611e3-7ff2-4e7c-80f3-388dc89b4f13-595x396.jpeg 595w, https:\/\/radiowebmx.com\/nota\/wp-content\/uploads\/2017\/08\/048611e3-7ff2-4e7c-80f3-388dc89b4f13-272x182.jpeg 272w, https:\/\/radiowebmx.com\/nota\/wp-content\/uploads\/2017\/08\/048611e3-7ff2-4e7c-80f3-388dc89b4f13.jpeg 709w\" sizes=\"auto, (max-width: 400px) 100vw, 400px\" \/><\/a><\/p>\n<p>&nbsp;<\/p>\n<ul>\n<li><strong>Entrega Gobernador reconocimientos a los alumnos de la Delegaci\u00f3n Estatal de la Olimpiada del Conocimiento Infantil 2017.<\/strong><\/li>\n<li><strong>Son 28 los alumnos de sexto grado quienes obtuvieron excelencia acad\u00e9mica en la Olimpiada del Conocimiento.<\/strong><\/li>\n<li><strong>Entre los rubros que se mejoraron, se encuentran: cobertura en educaci\u00f3n b\u00e1sica, deserci\u00f3n escolar, reprobaci\u00f3n, analfabetismo, entre otros.<\/strong><\/li>\n<\/ul>\n<p><strong>Morelia, Michoac\u00e1n, a 5 de agosto de 2017.-<\/strong>\u00a0El Gobernador Constitucional Silvano Aureoles Conejo entreg\u00f3 reconocimientos a los alumnos de la Delegaci\u00f3n Estatal de la Olimpiada del Conocimiento Infantil 2017, marco en el que se dio a conocer que gracias al trabajo que el Gobierno del Estado ha realizado en la actual administraci\u00f3n, los indicadores en educaci\u00f3n b\u00e1sica mejoraron.<\/p>\n<p>En su mensaje a los 28 alumnos, padres de familia, as\u00ed como maestras y maestros, el mandatario estatal asegur\u00f3 que es a trav\u00e9s de la educaci\u00f3n como se puede construir un mejor Michoac\u00e1n.<\/p>\n<p>En este sentido, consider\u00f3 que s\u00f3lo con el trabajo en equipo de los padres de familia, Gobierno, as\u00ed como maestras y maestros es como se puede tener a los l\u00edderes del presente y futuro.<\/p>\n<p>Silvano Aureoles pidi\u00f3 a los estudiantes nunca dejar de so\u00f1ar. \u201cHay que so\u00f1ar que s\u00ed se puede, que van a ser grandes. En Michoac\u00e1n tenemos mucho talento y una gran diversidad de naturaleza y cultura\u201d.<br \/>\n&nbsp;<\/p>\n<p><a href=\"https:\/\/radiowebmx.com\/nota\/wp-content\/uploads\/2017\/08\/c5597fe8-c345-490c-adcd-3624ac27e946.jpeg\"><img loading=\"lazy\" decoding=\"async\" class=\"alignnone  wp-image-41531\" src=\"https:\/\/radiowebmx.com\/nota\/wp-content\/uploads\/2017\/08\/c5597fe8-c345-490c-adcd-3624ac27e946-595x396.jpeg\" alt=\"\" width=\"400\" height=\"266\" srcset=\"https:\/\/radiowebmx.com\/nota\/wp-content\/uploads\/2017\/08\/c5597fe8-c345-490c-adcd-3624ac27e946-595x396.jpeg 595w, https:\/\/radiowebmx.com\/nota\/wp-content\/uploads\/2017\/08\/c5597fe8-c345-490c-adcd-3624ac27e946-272x182.jpeg 272w, https:\/\/radiowebmx.com\/nota\/wp-content\/uploads\/2017\/08\/c5597fe8-c345-490c-adcd-3624ac27e946.jpeg 709w\" sizes=\"auto, (max-width: 400px) 100vw, 400px\" \/><\/a><\/p>\n<p>&nbsp;<\/p>\n<p>Agreg\u00f3: \u201cLa \u00fanica forma en la que podemos hacer un estado grande como queremos, es con la educaci\u00f3n; es la \u00fanica herramienta y el \u00fanico camino, el \u00fanico medio\u201d.<\/p>\n<p>En su oportunidad, el secretario de Educaci\u00f3n en el Estado, Alberto Frutis Sol\u00eds detall\u00f3 que Michoac\u00e1n en el \u00faltimo ciclo escolar avanz\u00f3 en indicadores de educaci\u00f3n b\u00e1sica. Precis\u00f3 que en materia de cobertura en primaria, pas\u00f3 de 95 por ciento a un 96.6 por ciento, lo que significa que m\u00e1s de 100 mil ni\u00f1os en el estado tienen acceso a ello.<\/p>\n<p>En cuanto a la eficiencia terminal subi\u00f3 del 96 por ciento al 100 por ciento;\u00a0 mientras que en la tasa neta de escolarizaci\u00f3n en educaci\u00f3n b\u00e1sica, subi\u00f3 del 93.8 por ciento al 95.8 por ciento; en deserci\u00f3n en secundaria, disminuy\u00f3, pues en el a\u00f1o 2015 era de un 3.1 por ciento y en 2016 \u2013 2017 se registr\u00f3 2.6 por ciento.<\/p>\n<p>De igual manera, en aprobaci\u00f3n en primaria se increment\u00f3 de 94.3 por ciento a un 96 por ciento, mientras que en secundaria, se registr\u00f3 de un 93.4 por ciento a un 94.5 por ciento; en el rubro de reprobaci\u00f3n disminuy\u00f3 de un 4.7 por ciento a un 3.9 por ciento.<\/p>\n<p>Finalmente, refiri\u00f3 que de los 51 municipios en los que se registraban dos d\u00edgitos en materia de analfabetismo, a la fecha son 32 en donde se presenta un 6 por ciento, tema en el que dej\u00f3 en claro se buscar\u00e1 bajar a un 4 por ciento para levantar la Bandera Blanca en Michoac\u00e1n.<br \/>\n&nbsp;<\/p>\n<p><a href=\"https:\/\/radiowebmx.com\/nota\/wp-content\/uploads\/2017\/08\/f184c7be-ed3d-41ae-ac40-1f94827fe020.jpeg\"><img loading=\"lazy\" decoding=\"async\" class=\"alignnone  wp-image-41532\" src=\"https:\/\/radiowebmx.com\/nota\/wp-content\/uploads\/2017\/08\/f184c7be-ed3d-41ae-ac40-1f94827fe020-595x396.jpeg\" alt=\"\" width=\"400\" height=\"266\" srcset=\"https:\/\/radiowebmx.com\/nota\/wp-content\/uploads\/2017\/08\/f184c7be-ed3d-41ae-ac40-1f94827fe020-595x396.jpeg 595w, https:\/\/radiowebmx.com\/nota\/wp-content\/uploads\/2017\/08\/f184c7be-ed3d-41ae-ac40-1f94827fe020-272x182.jpeg 272w, https:\/\/radiowebmx.com\/nota\/wp-content\/uploads\/2017\/08\/f184c7be-ed3d-41ae-ac40-1f94827fe020.jpeg 709w\" sizes=\"auto, (max-width: 400px) 100vw, 400px\" \/><\/a><\/p>\n<p>&nbsp;<\/p>\n<p>Con respecto a la Olimpiada del Conocimiento Infantil 2017, especific\u00f3 se ha realizado desde el a\u00f1o 1961, en el que se miden los conocimientos de los ni\u00f1os, la cual se realiza en tres fases: por zona, sector y estatal en el que participaron 167 alumnos quienes\u00a0 cuentan con el mejor grado.<\/p>\n<p>\u201cD\u00eda a d\u00eda en la Secretar\u00eda de Educaci\u00f3n trabajamos para fortalecer la actividad educativa en cada una de las escuelas de la entidad\u201d.<\/p>\n<p>El representante del Consejo de la Fundaci\u00f3n\u00a0 BBVA Bancomer, Salvador Abud Mirabent,\u00a0 resalt\u00f3 que desde hace 15 a\u00f1os se ha colaborado con la Secretar\u00eda de Educaci\u00f3n P\u00fablica (SEP) para entregar becas de mil pesos mensuales a quienes resulten ganadores en esta Olimpiada, apoyo que se destina durante 10 meses en el ciclo escolar, esto en los tres a\u00f1os de educaci\u00f3n secundaria. \u201cEl desarrollo de M\u00e9xico siempre estar\u00e1 ligado a la educaci\u00f3n de su gente\u201d.<\/p>\n<p>El representante de los estudiantes,\u00a0 Brian Paniagua agradeci\u00f3 el apoyo que las autoridades les han brindado a lo largo de sus estudios.<\/p>\n<p>Recibe Gobernador a equipo de voleibol \u201cMichoac\u00e1n Charalitos P\u00e1tzcuaro\u201d<\/p>\n<p>Posteriormente, el Gobernador de Michoac\u00e1n recibi\u00f3 a los integrantes del equipo de voleibol \u201cMichoac\u00e1n Charalitos P\u00e1tzcuaro\u201d, quienes participaron en el Festival Nacional Centenario del Voleibol 2017, que se desarroll\u00f3 en el estado de Durango en julio pasado.<\/p>\n<p>\u201cMichoac\u00e1n Charalitos P\u00e1tzcuaro\u201d particip\u00f3 en la categor\u00eda Mini Voleibol donde lograron el tercer lugar.<\/p>\n<p>Estuvieron presentes el secretario de Administraci\u00f3n de Morelia, Yankel Ben\u00edtez Silva; el subdelegado de la SEP en Michoac\u00e1n, Alfonso Rescala C\u00e1rdenas, as\u00ed como diversas autoridades.<\/p>\n","protected":false},"excerpt":{"rendered":"<p>&nbsp; Entrega Gobernador reconocimientos a los alumnos de la Delegaci\u00f3n Estatal de la Olimpiada del Conocimiento Infantil 2017. Son 28 los alumnos de sexto grado quienes obtuvieron excelencia acad\u00e9mica en la Olimpiada del Conocimiento. Entre los rubros que se mejoraron, se encuentran: cobertura en educaci\u00f3n b\u00e1sica, deserci\u00f3n escolar, reprobaci\u00f3n, analfabetismo, entre otros. Morelia, Michoac\u00e1n, a [&hellip;]<\/p>\n","protected":false},"author":2,"featured_media":41529,"comment_status":"closed","ping_status":"closed","sticky":false,"template":"","format":"standard","meta":{"footnotes":""},"categories":[14,3,60],"tags":[],"class_list":["post-41528","post","type-post","status-publish","format-standard","has-post-thumbnail","hentry","category-destacadas","category-gobierno-del-estado-de-michoacan","category-michoacan"],"_links":{"self":[{"href":"https:\/\/radiowebmx.com\/nota\/wp-json\/wp\/v2\/posts\/41528","targetHints":{"allow":["GET"]}}],"collection":[{"href":"https:\/\/radiowebmx.com\/nota\/wp-json\/wp\/v2\/posts"}],"about":[{"href":"https:\/\/radiowebmx.com\/nota\/wp-json\/wp\/v2\/types\/post"}],"author":[{"embeddable":true,"href":"https:\/\/radiowebmx.com\/nota\/wp-json\/wp\/v2\/users\/2"}],"replies":[{"embeddable":true,"href":"https:\/\/radiowebmx.com\/nota\/wp-json\/wp\/v2\/comments?post=41528"}],"version-history":[{"count":1,"href":"https:\/\/radiowebmx.com\/nota\/wp-json\/wp\/v2\/posts\/41528\/revisions"}],"predecessor-version":[{"id":41533,"href":"https:\/\/radiowebmx.com\/nota\/wp-json\/wp\/v2\/posts\/41528\/revisions\/41533"}],"wp:featuredmedia":[{"embeddable":true,"href":"https:\/\/radiowebmx.com\/nota\/wp-json\/wp\/v2\/media\/41529"}],"wp:attachment":[{"href":"https:\/\/radiowebmx.com\/nota\/wp-json\/wp\/v2\/media?parent=41528"}],"wp:term":[{"taxonomy":"category","embeddable":true,"href":"https:\/\/radiowebmx.com\/nota\/wp-json\/wp\/v2\/categories?post=41528"},{"taxonomy":"post_tag","embeddable":true,"href":"https:\/\/radiowebmx.com\/nota\/wp-json\/wp\/v2\/tags?post=41528"}],"curies":[{"name":"wp","href":"https:\/\/api.w.org\/{rel}","templated":true}]}}