{"id":41515,"date":"2017-08-05T18:22:00","date_gmt":"2017-08-05T23:22:00","guid":{"rendered":"https:\/\/radiowebmx.com\/nota\/?p=41515"},"modified":"2017-08-07T11:35:08","modified_gmt":"2017-08-07T16:35:08","slug":"mas-de-mil-mdp-en-acciones-para-huetamo-silvano-aureoles","status":"publish","type":"post","link":"https:\/\/radiowebmx.com\/nota\/mas-de-mil-mdp-en-acciones-para-huetamo-silvano-aureoles\/","title":{"rendered":"M\u00e1s de mil mdp en acciones para Huetamo: Silvano Aureoles"},"content":{"rendered":"<p><a href=\"https:\/\/radiowebmx.com\/nota\/wp-content\/uploads\/2017\/08\/95bf7734-07d8-4371-9216-03bc63da4adc.jpeg\"><img loading=\"lazy\" decoding=\"async\" class=\"alignnone  wp-image-41517\" src=\"https:\/\/radiowebmx.com\/nota\/wp-content\/uploads\/2017\/08\/95bf7734-07d8-4371-9216-03bc63da4adc-595x396.jpeg\" alt=\"\" width=\"400\" height=\"266\" srcset=\"https:\/\/radiowebmx.com\/nota\/wp-content\/uploads\/2017\/08\/95bf7734-07d8-4371-9216-03bc63da4adc-595x396.jpeg 595w, https:\/\/radiowebmx.com\/nota\/wp-content\/uploads\/2017\/08\/95bf7734-07d8-4371-9216-03bc63da4adc-272x182.jpeg 272w, https:\/\/radiowebmx.com\/nota\/wp-content\/uploads\/2017\/08\/95bf7734-07d8-4371-9216-03bc63da4adc.jpeg 709w\" sizes=\"auto, (max-width: 400px) 100vw, 400px\" \/><\/a><\/p>\n<p>&nbsp;<\/p>\n<ul>\n<li><strong>Preside el mandatario estatal Silvano Aureoles arranque de los trabajos de rehabilitaci\u00f3n de la obra de la toma de la Presa El Pejo.<\/strong><\/li>\n<\/ul>\n<ul>\n<li><strong>Anuncia tambi\u00e9n un proyecto integral para renovar el drenaje en este municipio.<\/strong><\/li>\n<\/ul>\n<p><strong>Huetamo, Michoac\u00e1n, a 5 de agosto del 2017.-<\/strong>\u00a0En Huetamo se han invertido m\u00e1s de mil millones de pesos en obras, acciones y programas que han permitido mejorar la calidad de vida de las y los habitantes de la regi\u00f3n y vamos por m\u00e1s, destac\u00f3 el Gobernador Constitucional Silvano Aureoles Conejo.<\/p>\n<p>As\u00ed lo dio a conocer al presidir esta tarde el arranque de los trabajos de rehabilitaci\u00f3n de la obra de la toma de la Presa El Pejo, en este municipio, con una inversi\u00f3n de m\u00e1s de 3 millones de pesos, misma que abastece de manera directa a 506 hect\u00e1reas y que beneficia a cerca de 300 habitantes.<br \/>\n&nbsp;<\/p>\n<p><a href=\"https:\/\/radiowebmx.com\/nota\/wp-content\/uploads\/2017\/08\/445b7a16-0247-495f-91f6-c7753ec8de76.jpeg\"><img loading=\"lazy\" decoding=\"async\" class=\"alignnone  wp-image-41518\" src=\"https:\/\/radiowebmx.com\/nota\/wp-content\/uploads\/2017\/08\/445b7a16-0247-495f-91f6-c7753ec8de76-595x396.jpeg\" alt=\"\" width=\"400\" height=\"266\" srcset=\"https:\/\/radiowebmx.com\/nota\/wp-content\/uploads\/2017\/08\/445b7a16-0247-495f-91f6-c7753ec8de76-595x396.jpeg 595w, https:\/\/radiowebmx.com\/nota\/wp-content\/uploads\/2017\/08\/445b7a16-0247-495f-91f6-c7753ec8de76-272x182.jpeg 272w, https:\/\/radiowebmx.com\/nota\/wp-content\/uploads\/2017\/08\/445b7a16-0247-495f-91f6-c7753ec8de76.jpeg 709w\" sizes=\"auto, (max-width: 400px) 100vw, 400px\" \/><\/a><\/p>\n<p>&nbsp;<\/p>\n<p>El mandatario estatal refiri\u00f3 que esta presa fue construida hace 50 a\u00f1os, por lo que se deben redoblar los esfuerzos para mantenerla activa, a trav\u00e9s del mejoramiento del sistema de riego que adem\u00e1s permita duplicar la cifra de hect\u00e1reas beneficiadas.<\/p>\n<p>El jefe del Ejecutivo Estatal dijo que Huetamo ya es doblemente rico en agua, pues adem\u00e1s contar\u00e1 con la Presa de El Chihuero, en donde se construir\u00e1 un Parque Lineal que permitir\u00e1 detonar la zona, en beneficio del bienestar de las y los huetamenses.<\/p>\n<p>Adem\u00e1s, adelant\u00f3 que est\u00e1 por arrancar en pr\u00f3ximos d\u00edas un proyecto integral para renovar el drenaje en este municipio.<br \/>\n&nbsp;<\/p>\n<p><a href=\"https:\/\/radiowebmx.com\/nota\/wp-content\/uploads\/2017\/08\/bc14df33-b7eb-4e71-9756-5024a5359ade.jpeg\"><img loading=\"lazy\" decoding=\"async\" class=\"alignnone  wp-image-41521\" src=\"https:\/\/radiowebmx.com\/nota\/wp-content\/uploads\/2017\/08\/bc14df33-b7eb-4e71-9756-5024a5359ade-595x396.jpeg\" alt=\"\" width=\"400\" height=\"266\" srcset=\"https:\/\/radiowebmx.com\/nota\/wp-content\/uploads\/2017\/08\/bc14df33-b7eb-4e71-9756-5024a5359ade-595x396.jpeg 595w, https:\/\/radiowebmx.com\/nota\/wp-content\/uploads\/2017\/08\/bc14df33-b7eb-4e71-9756-5024a5359ade-272x182.jpeg 272w, https:\/\/radiowebmx.com\/nota\/wp-content\/uploads\/2017\/08\/bc14df33-b7eb-4e71-9756-5024a5359ade.jpeg 709w\" sizes=\"auto, (max-width: 400px) 100vw, 400px\" \/><\/a><\/p>\n<p>&nbsp;<\/p>\n<p>Oswaldo Rodr\u00edguez Guti\u00e9rrez, director local de la Comisi\u00f3n Nacional del Agua, detall\u00f3 que esta presa es parte de las 2 mil 500 unidades de riego que abastecen a todo el estado, misma que cuenta con 8 millones de metros c\u00fabicos de almacenamiento y que requiere mantenimiento constante.<\/p>\n<p>Por ello inform\u00f3 que las diversas v\u00e1lvulas con las que cuenta ser\u00e1n intervenidas para frenar las fugas de agua; asimismo hizo un llamado a los habitantes de la zona para eficientar el sistema de riego a trav\u00e9s de tuber\u00edas, mismas que permitan evitar el desperdicio de agua.<\/p>\n<p>En su intervenci\u00f3n, el presidente municipal de Huetamo, Gilberto Zarco Saucedo, agradeci\u00f3 las acciones del Gobierno Estatal y Federal, pues han puesto los ojos en esta presa que hab\u00eda estado abandonada por muchos a\u00f1os y que fue construida con la finalidad de darle vida a la gente del campo.<br \/>\n&nbsp;<\/p>\n<p><a href=\"https:\/\/radiowebmx.com\/nota\/wp-content\/uploads\/2017\/08\/deef68f1-be69-4c76-acd6-ef1b493df55e.jpeg\"><img loading=\"lazy\" decoding=\"async\" class=\"alignnone  wp-image-41520\" src=\"https:\/\/radiowebmx.com\/nota\/wp-content\/uploads\/2017\/08\/deef68f1-be69-4c76-acd6-ef1b493df55e-595x396.jpeg\" alt=\"\" width=\"400\" height=\"266\" srcset=\"https:\/\/radiowebmx.com\/nota\/wp-content\/uploads\/2017\/08\/deef68f1-be69-4c76-acd6-ef1b493df55e-595x396.jpeg 595w, https:\/\/radiowebmx.com\/nota\/wp-content\/uploads\/2017\/08\/deef68f1-be69-4c76-acd6-ef1b493df55e-272x182.jpeg 272w, https:\/\/radiowebmx.com\/nota\/wp-content\/uploads\/2017\/08\/deef68f1-be69-4c76-acd6-ef1b493df55e.jpeg 709w\" sizes=\"auto, (max-width: 400px) 100vw, 400px\" \/><\/a><\/p>\n<p>&nbsp;<\/p>\n<p>&#8220;Es un pulm\u00f3n para la gente de Huetamo, que ocasion\u00f3 que la zona se poblar\u00e1 de huertas y sembrad\u00edos gracias a su abundante agua, adem\u00e1s de abonar a la limpieza del aire con que respiramos&#8221;, abund\u00f3 el edil.<\/p>\n<p>En esta gira de trabajo estuvieron presentes Fabiola Alanis S\u00e1mano, secretaria de Igualdad Sustantiva y Desarrollo para las Mujeres Michoacanas; El\u00edas Ibarra Torres, secretario de Salud; general Jos\u00e9 Francisco Morales C\u00e1zares, comandante de la 21 Zona Militar y Juan Bernardo Corona Mart\u00ednez, secretario de Seguridad P\u00fablica.<\/p>\n<p>Asimismo, acudieron Sindy Orozco Orozco, delegada operativa de Sedatu; Pedro G\u00f3mez S\u00e1nchez, presidente de la Asociaci\u00f3n de Usurarios de la Unidad de Riego para el Desarrollo Rural de El Pejo y Yolisma de la Torre, del Consejo Ciudadano de Huetamo.<\/p>\n<p>&nbsp;<\/p>\n","protected":false},"excerpt":{"rendered":"<p>&nbsp; Preside el mandatario estatal Silvano Aureoles arranque de los trabajos de rehabilitaci\u00f3n de la obra de la toma de la Presa El Pejo. Anuncia tambi\u00e9n un proyecto integral para renovar el drenaje en este municipio. Huetamo, Michoac\u00e1n, a 5 de agosto del 2017.-\u00a0En Huetamo se han invertido m\u00e1s de mil millones de pesos en [&hellip;]<\/p>\n","protected":false},"author":2,"featured_media":41516,"comment_status":"closed","ping_status":"closed","sticky":false,"template":"","format":"standard","meta":{"footnotes":""},"categories":[14,3,60],"tags":[],"class_list":["post-41515","post","type-post","status-publish","format-standard","has-post-thumbnail","hentry","category-destacadas","category-gobierno-del-estado-de-michoacan","category-michoacan"],"_links":{"self":[{"href":"https:\/\/radiowebmx.com\/nota\/wp-json\/wp\/v2\/posts\/41515","targetHints":{"allow":["GET"]}}],"collection":[{"href":"https:\/\/radiowebmx.com\/nota\/wp-json\/wp\/v2\/posts"}],"about":[{"href":"https:\/\/radiowebmx.com\/nota\/wp-json\/wp\/v2\/types\/post"}],"author":[{"embeddable":true,"href":"https:\/\/radiowebmx.com\/nota\/wp-json\/wp\/v2\/users\/2"}],"replies":[{"embeddable":true,"href":"https:\/\/radiowebmx.com\/nota\/wp-json\/wp\/v2\/comments?post=41515"}],"version-history":[{"count":1,"href":"https:\/\/radiowebmx.com\/nota\/wp-json\/wp\/v2\/posts\/41515\/revisions"}],"predecessor-version":[{"id":41522,"href":"https:\/\/radiowebmx.com\/nota\/wp-json\/wp\/v2\/posts\/41515\/revisions\/41522"}],"wp:featuredmedia":[{"embeddable":true,"href":"https:\/\/radiowebmx.com\/nota\/wp-json\/wp\/v2\/media\/41516"}],"wp:attachment":[{"href":"https:\/\/radiowebmx.com\/nota\/wp-json\/wp\/v2\/media?parent=41515"}],"wp:term":[{"taxonomy":"category","embeddable":true,"href":"https:\/\/radiowebmx.com\/nota\/wp-json\/wp\/v2\/categories?post=41515"},{"taxonomy":"post_tag","embeddable":true,"href":"https:\/\/radiowebmx.com\/nota\/wp-json\/wp\/v2\/tags?post=41515"}],"curies":[{"name":"wp","href":"https:\/\/api.w.org\/{rel}","templated":true}]}}