{"id":41510,"date":"2017-08-05T18:22:02","date_gmt":"2017-08-05T23:22:02","guid":{"rendered":"https:\/\/radiowebmx.com\/nota\/?p=41510"},"modified":"2017-08-07T11:27:46","modified_gmt":"2017-08-07T16:27:46","slug":"secretaria-de-turismo-de-morelia-y-oferentes-gastronomicos-conquistan-paladares-en-bosque-cuauhtemoc","status":"publish","type":"post","link":"https:\/\/radiowebmx.com\/nota\/secretaria-de-turismo-de-morelia-y-oferentes-gastronomicos-conquistan-paladares-en-bosque-cuauhtemoc\/","title":{"rendered":"Secretar\u00eda de Turismo de Morelia y oferentes gastron\u00f3micos conquistan paladares en Bosque Cuauht\u00e9moc"},"content":{"rendered":"<p><a href=\"https:\/\/radiowebmx.com\/nota\/wp-content\/uploads\/2017\/08\/881384c0-0f22-44f5-ba0c-f1a4b9c9dbfb.jpeg\"><img loading=\"lazy\" decoding=\"async\" class=\"alignnone  wp-image-41512\" src=\"https:\/\/radiowebmx.com\/nota\/wp-content\/uploads\/2017\/08\/881384c0-0f22-44f5-ba0c-f1a4b9c9dbfb-595x396.jpeg\" alt=\"\" width=\"400\" height=\"266\" srcset=\"https:\/\/radiowebmx.com\/nota\/wp-content\/uploads\/2017\/08\/881384c0-0f22-44f5-ba0c-f1a4b9c9dbfb-595x396.jpeg 595w, https:\/\/radiowebmx.com\/nota\/wp-content\/uploads\/2017\/08\/881384c0-0f22-44f5-ba0c-f1a4b9c9dbfb-272x182.jpeg 272w, https:\/\/radiowebmx.com\/nota\/wp-content\/uploads\/2017\/08\/881384c0-0f22-44f5-ba0c-f1a4b9c9dbfb.jpeg 709w\" sizes=\"auto, (max-width: 400px) 100vw, 400px\" \/><\/a><\/p>\n<p>&nbsp;<\/p>\n<ul>\n<li><strong>Diez oferentes de tres distintos\u00a0 mercados municipales participaron en el Tercer Picnic realizado en el Bosque Cuauht\u00e9moc.<\/strong><\/li>\n<li><strong>Promocionar los\u00a0 mercados municipales, su gastronom\u00eda, flores, frutas, verduras e insumos para guisar, el principal objetivo.<\/strong><\/li>\n<\/ul>\n<div>Como parte de la difusi\u00f3n y promoci\u00f3n de los mercados municipales,\u00a0 se realiz\u00f3 el Tercer Picnic en el Bosque Cuauht\u00e9moc organizado por la Secretar\u00eda de Turismo de Morelia que encabeza Thelma Aquique Arrieta, con la participaci\u00f3n de diez oferentes de las distintas zonas comerciales como fueron Revoluci\u00f3n (San Juan), Independencia y Nicol\u00e1s Bravo (Santo Ni\u00f1o).<\/p>\n<p>En esta ocasi\u00f3n se ofreci\u00f3 al visitante la adquisici\u00f3n, mediante el ya tradicional sistema de boletos, frutas, verduras, flores, gastronom\u00eda e insumos para guisar como queso y crema con el fin de dar a conocer de esos sabores y colores que guardan los mercados municipales y ofrecen a sus clientes.<\/p>\n<p>Aquique Arrieta record\u00f3 que esta tercera actividad\u00a0 permitir\u00e1 generar dinamismo en la econom\u00eda local y es el segundo picnic en el programa de verano, por lo que a finales del presente mes de agosto se prev\u00e9 tener el siguiente.\n<\/p><\/div>\n<div><\/div>\n<div><a href=\"https:\/\/radiowebmx.com\/nota\/wp-content\/uploads\/2017\/08\/187e97dd-b9b2-4ae2-9118-c065b883112f.jpeg\"><img loading=\"lazy\" decoding=\"async\" class=\"alignnone  wp-image-41513\" src=\"https:\/\/radiowebmx.com\/nota\/wp-content\/uploads\/2017\/08\/187e97dd-b9b2-4ae2-9118-c065b883112f-595x396.jpeg\" alt=\"\" width=\"400\" height=\"266\" srcset=\"https:\/\/radiowebmx.com\/nota\/wp-content\/uploads\/2017\/08\/187e97dd-b9b2-4ae2-9118-c065b883112f-595x396.jpeg 595w, https:\/\/radiowebmx.com\/nota\/wp-content\/uploads\/2017\/08\/187e97dd-b9b2-4ae2-9118-c065b883112f-272x182.jpeg 272w, https:\/\/radiowebmx.com\/nota\/wp-content\/uploads\/2017\/08\/187e97dd-b9b2-4ae2-9118-c065b883112f.jpeg 709w\" sizes=\"auto, (max-width: 400px) 100vw, 400px\" \/><\/a><\/div>\n<div><\/div>\n<div><\/div>\n<div>A su vez, el Director de Promoci\u00f3n Tur\u00edstica, Paulo Torres Buquing, confirm\u00f3 que ser\u00e1 el 20 de agosto el tercer\u00a0 picnic de verano con el prop\u00f3sito de apoyar los talentos culinarios j\u00f3venes, que si bien no tienen un local comercial, ya quieren dar a conocer su trabajo en el mundo de la cocina y la gastronom\u00eda.<\/p>\n<p>Es importante destacar que este Segundo Picnic del programa de Verano\u00a0 en Morelia en la presente anualidad\u00a0 llev\u00f3 el tema de mercados municipales y brind\u00f3 tambi\u00e9n artesan\u00eda, m\u00fasica, espacios recreativos y cont\u00f3 con la participaci\u00f3n de la Gendarmer\u00eda.<\/p>\n<p>Cabe destacar que para este periodo vacacional la Secretar\u00eda de Turismo municipal y diversas dependencias\u00a0 del Ayuntamiento, unieron esfuerzos interinstitucionales para dotar de una cartelera de m\u00e1s de 60 actividades a disfrutar, deleitar y conocer por habitantes y visitantes.<\/p><\/div>\n","protected":false},"excerpt":{"rendered":"<p>&nbsp; Diez oferentes de tres distintos\u00a0 mercados municipales participaron en el Tercer Picnic realizado en el Bosque Cuauht\u00e9moc. Promocionar los\u00a0 mercados municipales, su gastronom\u00eda, flores, frutas, verduras e insumos para guisar, el principal objetivo. Como parte de la difusi\u00f3n y promoci\u00f3n de los mercados municipales,\u00a0 se realiz\u00f3 el Tercer Picnic en el Bosque Cuauht\u00e9moc organizado [&hellip;]<\/p>\n","protected":false},"author":2,"featured_media":41511,"comment_status":"closed","ping_status":"closed","sticky":false,"template":"","format":"standard","meta":{"footnotes":""},"categories":[14,60,9],"tags":[],"class_list":["post-41510","post","type-post","status-publish","format-standard","has-post-thumbnail","hentry","category-destacadas","category-michoacan","category-morelia"],"_links":{"self":[{"href":"https:\/\/radiowebmx.com\/nota\/wp-json\/wp\/v2\/posts\/41510","targetHints":{"allow":["GET"]}}],"collection":[{"href":"https:\/\/radiowebmx.com\/nota\/wp-json\/wp\/v2\/posts"}],"about":[{"href":"https:\/\/radiowebmx.com\/nota\/wp-json\/wp\/v2\/types\/post"}],"author":[{"embeddable":true,"href":"https:\/\/radiowebmx.com\/nota\/wp-json\/wp\/v2\/users\/2"}],"replies":[{"embeddable":true,"href":"https:\/\/radiowebmx.com\/nota\/wp-json\/wp\/v2\/comments?post=41510"}],"version-history":[{"count":1,"href":"https:\/\/radiowebmx.com\/nota\/wp-json\/wp\/v2\/posts\/41510\/revisions"}],"predecessor-version":[{"id":41514,"href":"https:\/\/radiowebmx.com\/nota\/wp-json\/wp\/v2\/posts\/41510\/revisions\/41514"}],"wp:featuredmedia":[{"embeddable":true,"href":"https:\/\/radiowebmx.com\/nota\/wp-json\/wp\/v2\/media\/41511"}],"wp:attachment":[{"href":"https:\/\/radiowebmx.com\/nota\/wp-json\/wp\/v2\/media?parent=41510"}],"wp:term":[{"taxonomy":"category","embeddable":true,"href":"https:\/\/radiowebmx.com\/nota\/wp-json\/wp\/v2\/categories?post=41510"},{"taxonomy":"post_tag","embeddable":true,"href":"https:\/\/radiowebmx.com\/nota\/wp-json\/wp\/v2\/tags?post=41510"}],"curies":[{"name":"wp","href":"https:\/\/api.w.org\/{rel}","templated":true}]}}