{"id":4148,"date":"2013-10-21T10:12:43","date_gmt":"2013-10-21T15:12:43","guid":{"rendered":"https:\/\/radiowebmx.com\/nota\/?p=4148"},"modified":"2013-10-21T10:12:43","modified_gmt":"2013-10-21T15:12:43","slug":"ofrecen-conciertos-didacticos-para-impulsar-escuelas-seguras","status":"publish","type":"post","link":"https:\/\/radiowebmx.com\/nota\/ofrecen-conciertos-didacticos-para-impulsar-escuelas-seguras\/","title":{"rendered":"OFRECEN CONCIERTOS DID\u00c1CTICOS PARA IMPULSAR ESCUELAS SEGURAS"},"content":{"rendered":"<p><a href=\"https:\/\/radiowebmx.com\/nota\/wp-content\/uploads\/2013\/10\/IMGT2131.jpg\"><img loading=\"lazy\" decoding=\"async\" class=\"alignleft size-full wp-image-4149\" alt=\"IMGT2131\" src=\"https:\/\/radiowebmx.com\/nota\/wp-content\/uploads\/2013\/10\/IMGT2131.jpg\" width=\"591\" height=\"312\" \/><\/a>La Secretar\u00eda de Educaci\u00f3n a trav\u00e9s del Programa Escuela Segura, realiza en el interior del estado una serie de conciertos did\u00e1cticos denominados \u201cAprender Cantando en la Escuela Segura\u201d, en el que se busca que la ense\u00f1anza y la convivencia se unan para un mejor aprendizaje.<\/p>\n<p>El jefe de Departamento de Programas Escolares e Interinstitucionales, Filem\u00f3n Melo Arias, \u00a0destac\u00f3 que el objetivo de los conciertos que iniciaron el 3 de octubre y concluir\u00e1n el 17 de diciembre, es el de reconstruir el tejido social por medio de la sana convivencia entre la comunidad escolar.<\/p>\n<p>Enfatiz\u00f3 que estos conciertos en los que participan en promedio 400 estudiantes y docentes, les permite aprender de forma divertida y diferente, para lograr una convivencia sana en el entorno escolar.<\/p>\n<p>Estas acciones forman parte de las actividades del Programa Escuela Segura,\u00a0 el cual durante el ciclo escolar 2013-2014, atender\u00e1 26 municipios del estado que marc\u00f3 el gobierno federal y que son identificados dentro de la Cruzada Contra el Hambre, con m\u00e1s de 290 instituciones que se sumar\u00e1n a las ya inscritas.<\/p>\n<p>Actualmente son mil 871 planteles que ya est\u00e1n dentro del programa y que han obtenido m\u00faltiples beneficios, no \u00fanicamente con el recurso econ\u00f3mico que obtienen al inscribirse al programa; sino que tambi\u00e9n, reciben una constante capacitaci\u00f3n, conferencias y atenci\u00f3n de personal especializado para abordar temas como el bulliyng, la alimentaci\u00f3n saludable, sana convivencia escolar, drogadicci\u00f3n, entre otros.<\/p>\n<p>Adem\u00e1s, el recurso econ\u00f3mico que obtienen es utilizado para realizar adecuaciones a los planteles y generar un espacio f\u00edsico m\u00e1s seguro, como mejorar las puertas, asegurarlas, colocar mallas cicl\u00f3nicas, etc\u00e9tera.<\/p>\n<p>Las escuelas participantes en el programa, a trav\u00e9s del concierto impulsan la capacitaci\u00f3n y la buena convivencia escolar; adem\u00e1s de que los ofrece personal capacitado por la Direcci\u00f3n de Educaci\u00f3n Art\u00edstica y Desarrollo Cultural.<\/p>\n<p><b>\u00a0<\/b><\/p>\n<p><b>EL CALENDARIO PARA LOS CONCIERTOS ES EL SIGUIENTE:<\/b><\/p>\n<p>3 y 8 de octubre en Morelia<\/p>\n<p>15 de octubre en Zinap\u00e9cuaro<\/p>\n<p>22 de octubre en Tar\u00edmbaro<\/p>\n<p>31 de octubre en Zamora<\/p>\n<p>5 de noviembre La Piedad<\/p>\n<p>12 de noviembre Ciudad Hidalgo<\/p>\n<p>26 de noviembre Tuxpan<\/p>\n<p>3 de diciembre Apatzing\u00e1n<\/p>\n<p>10 de diciembre en Uruapan<\/p>\n<p>17 de diciembre Zacapu.<\/p>\n","protected":false},"excerpt":{"rendered":"<p>La Secretar\u00eda de Educaci\u00f3n a trav\u00e9s del Programa Escuela Segura, realiza en el interior del estado una serie de conciertos did\u00e1cticos denominados \u201cAprender Cantando en la Escuela Segura\u201d, en el que se busca que la ense\u00f1anza y la convivencia se unan para un mejor aprendizaje.<\/p>\n","protected":false},"author":1,"featured_media":0,"comment_status":"open","ping_status":"open","sticky":false,"template":"","format":"standard","meta":{"footnotes":""},"categories":[14,3],"tags":[],"class_list":["post-4148","post","type-post","status-publish","format-standard","hentry","category-destacadas","category-gobierno-del-estado-de-michoacan"],"_links":{"self":[{"href":"https:\/\/radiowebmx.com\/nota\/wp-json\/wp\/v2\/posts\/4148","targetHints":{"allow":["GET"]}}],"collection":[{"href":"https:\/\/radiowebmx.com\/nota\/wp-json\/wp\/v2\/posts"}],"about":[{"href":"https:\/\/radiowebmx.com\/nota\/wp-json\/wp\/v2\/types\/post"}],"author":[{"embeddable":true,"href":"https:\/\/radiowebmx.com\/nota\/wp-json\/wp\/v2\/users\/1"}],"replies":[{"embeddable":true,"href":"https:\/\/radiowebmx.com\/nota\/wp-json\/wp\/v2\/comments?post=4148"}],"version-history":[{"count":2,"href":"https:\/\/radiowebmx.com\/nota\/wp-json\/wp\/v2\/posts\/4148\/revisions"}],"predecessor-version":[{"id":4151,"href":"https:\/\/radiowebmx.com\/nota\/wp-json\/wp\/v2\/posts\/4148\/revisions\/4151"}],"wp:attachment":[{"href":"https:\/\/radiowebmx.com\/nota\/wp-json\/wp\/v2\/media?parent=4148"}],"wp:term":[{"taxonomy":"category","embeddable":true,"href":"https:\/\/radiowebmx.com\/nota\/wp-json\/wp\/v2\/categories?post=4148"},{"taxonomy":"post_tag","embeddable":true,"href":"https:\/\/radiowebmx.com\/nota\/wp-json\/wp\/v2\/tags?post=4148"}],"curies":[{"name":"wp","href":"https:\/\/api.w.org\/{rel}","templated":true}]}}