{"id":41448,"date":"2017-08-04T14:24:21","date_gmt":"2017-08-04T19:24:21","guid":{"rendered":"https:\/\/radiowebmx.com\/nota\/?p=41448"},"modified":"2017-08-04T14:24:47","modified_gmt":"2017-08-04T19:24:47","slug":"atiende-iifeem-infraestructura-en-chavinda","status":"publish","type":"post","link":"https:\/\/radiowebmx.com\/nota\/atiende-iifeem-infraestructura-en-chavinda\/","title":{"rendered":"Atiende IIFEEM infraestructura en Chavinda"},"content":{"rendered":"<p>Para dar seguimiento a la atenci\u00f3n de los habitantes de Chavinda que la semana pasada resultaron afectados por las lluvias, la directora general del Instituto de la Infraestructura F\u00edsica Educativa del Estado de Michoac\u00e1n (IIFEEM), Mar\u00eda Guadalupe D\u00edaz Chagolla, realiz\u00f3 un recorrido para evaluar da\u00f1os en instalaciones educativas.<\/p>\n<p><a href=\"https:\/\/radiowebmx.com\/nota\/wp-content\/uploads\/2017\/08\/b5a86831-9d69-4a6f-9ab3-64261f4ece07.jpg\"><img loading=\"lazy\" decoding=\"async\" class=\"alignnone  wp-image-41449\" src=\"https:\/\/radiowebmx.com\/nota\/wp-content\/uploads\/2017\/08\/b5a86831-9d69-4a6f-9ab3-64261f4ece07-595x371.jpg\" alt=\"\" width=\"399\" height=\"249\" srcset=\"https:\/\/radiowebmx.com\/nota\/wp-content\/uploads\/2017\/08\/b5a86831-9d69-4a6f-9ab3-64261f4ece07-595x371.jpg 595w, https:\/\/radiowebmx.com\/nota\/wp-content\/uploads\/2017\/08\/b5a86831-9d69-4a6f-9ab3-64261f4ece07-768x478.jpg 768w, https:\/\/radiowebmx.com\/nota\/wp-content\/uploads\/2017\/08\/b5a86831-9d69-4a6f-9ab3-64261f4ece07-960x598.jpg 960w\" sizes=\"auto, (max-width: 399px) 100vw, 399px\" \/><\/a><\/p>\n<p>D\u00edaz Chagolla record\u00f3 que tras la contingencia climatol\u00f3gica, el Gobernador Silvano Aureoles Conejo visit\u00f3 este municipio, por lo que refrend\u00f3 el compromiso del titular del Ejecutivo estatal con los pobladores para acelerar las faenas de limpieza y prevenci\u00f3n, as\u00ed como los trabajos en materia de infraestructura.<\/p>\n<p>Acompa\u00f1ada del presidente municipal Luis Maciel Melgoza, la funcionaria estatal visit\u00f3 diversos planteles que presentan afectaciones menores.<\/p>\n<p>Entre esos planteles se encuentran la Primaria Urbana Federal \u201cVasco de Quiroga\u201d, localizada en la cabecera municipal, y la Telesecundaria No. 64 ubicada en la localidad de La Soledad, donde en pr\u00f3ximos d\u00edas se levantar\u00e1n los expedientes t\u00e9cnicos.<\/p>\n<p><a href=\"https:\/\/radiowebmx.com\/nota\/wp-content\/uploads\/2017\/08\/c2a7d4c4-6318-46d6-88cd-bc1fd493b0e5.jpg\"><img loading=\"lazy\" decoding=\"async\" class=\"alignnone  wp-image-41450\" src=\"https:\/\/radiowebmx.com\/nota\/wp-content\/uploads\/2017\/08\/c2a7d4c4-6318-46d6-88cd-bc1fd493b0e5-595x397.jpg\" alt=\"\" width=\"394\" height=\"263\" srcset=\"https:\/\/radiowebmx.com\/nota\/wp-content\/uploads\/2017\/08\/c2a7d4c4-6318-46d6-88cd-bc1fd493b0e5-595x397.jpg 595w, https:\/\/radiowebmx.com\/nota\/wp-content\/uploads\/2017\/08\/c2a7d4c4-6318-46d6-88cd-bc1fd493b0e5-768x512.jpg 768w, https:\/\/radiowebmx.com\/nota\/wp-content\/uploads\/2017\/08\/c2a7d4c4-6318-46d6-88cd-bc1fd493b0e5-960x640.jpg 960w, https:\/\/radiowebmx.com\/nota\/wp-content\/uploads\/2017\/08\/c2a7d4c4-6318-46d6-88cd-bc1fd493b0e5-272x182.jpg 272w\" sizes=\"auto, (max-width: 394px) 100vw, 394px\" \/><\/a><\/p>\n<p>\u201cEn Michoac\u00e1n estamos haciendo las cosas bien, por ello en esta temporada vacacional redoblamos el paso para dignificar m\u00e1s espacios educativos para que nuestros ni\u00f1os, ni\u00f1as y j\u00f3venes tengan aulas dignas y con ello se motiven a seguir con sus estudios hasta lograr una carrera profesional\u201d, destac\u00f3 la directora general del IIFEEM.<\/p>\n<p>En su oportunidad, el edil Maciel Melgoza agradeci\u00f3 el apoyo y la sensibilidad del Gobernador Aureoles Conejo por su compromiso con los ni\u00f1os y j\u00f3venes de mejorar las escuelas.<\/p>\n<p>\u201cLos estudiantes son el futuro de nuestro estado y sin duda alguna la educaci\u00f3n es lo m\u00e1s valioso para el desarrollo de un pueblo\u201d, expres\u00f3.<\/p>\n","protected":false},"excerpt":{"rendered":"<p>Para dar seguimiento a la atenci\u00f3n de los habitantes de Chavinda que la semana pasada resultaron afectados por las lluvias, la directora general del Instituto de la Infraestructura F\u00edsica Educativa del Estado de Michoac\u00e1n (IIFEEM), Mar\u00eda Guadalupe D\u00edaz Chagolla, realiz\u00f3 un recorrido para evaluar da\u00f1os en instalaciones educativas. D\u00edaz Chagolla record\u00f3 que tras la contingencia [&hellip;]<\/p>\n","protected":false},"author":2,"featured_media":41449,"comment_status":"closed","ping_status":"closed","sticky":false,"template":"","format":"standard","meta":{"footnotes":""},"categories":[3,60],"tags":[],"class_list":["post-41448","post","type-post","status-publish","format-standard","has-post-thumbnail","hentry","category-gobierno-del-estado-de-michoacan","category-michoacan"],"_links":{"self":[{"href":"https:\/\/radiowebmx.com\/nota\/wp-json\/wp\/v2\/posts\/41448","targetHints":{"allow":["GET"]}}],"collection":[{"href":"https:\/\/radiowebmx.com\/nota\/wp-json\/wp\/v2\/posts"}],"about":[{"href":"https:\/\/radiowebmx.com\/nota\/wp-json\/wp\/v2\/types\/post"}],"author":[{"embeddable":true,"href":"https:\/\/radiowebmx.com\/nota\/wp-json\/wp\/v2\/users\/2"}],"replies":[{"embeddable":true,"href":"https:\/\/radiowebmx.com\/nota\/wp-json\/wp\/v2\/comments?post=41448"}],"version-history":[{"count":2,"href":"https:\/\/radiowebmx.com\/nota\/wp-json\/wp\/v2\/posts\/41448\/revisions"}],"predecessor-version":[{"id":41452,"href":"https:\/\/radiowebmx.com\/nota\/wp-json\/wp\/v2\/posts\/41448\/revisions\/41452"}],"wp:featuredmedia":[{"embeddable":true,"href":"https:\/\/radiowebmx.com\/nota\/wp-json\/wp\/v2\/media\/41449"}],"wp:attachment":[{"href":"https:\/\/radiowebmx.com\/nota\/wp-json\/wp\/v2\/media?parent=41448"}],"wp:term":[{"taxonomy":"category","embeddable":true,"href":"https:\/\/radiowebmx.com\/nota\/wp-json\/wp\/v2\/categories?post=41448"},{"taxonomy":"post_tag","embeddable":true,"href":"https:\/\/radiowebmx.com\/nota\/wp-json\/wp\/v2\/tags?post=41448"}],"curies":[{"name":"wp","href":"https:\/\/api.w.org\/{rel}","templated":true}]}}