{"id":41444,"date":"2017-08-04T14:15:12","date_gmt":"2017-08-04T19:15:12","guid":{"rendered":"https:\/\/radiowebmx.com\/nota\/?p=41444"},"modified":"2017-08-04T14:15:12","modified_gmt":"2017-08-04T19:15:12","slug":"adultos-mayores-de-tacambaro-favorecidos-con-palomas-mensajeras","status":"publish","type":"post","link":"https:\/\/radiowebmx.com\/nota\/adultos-mayores-de-tacambaro-favorecidos-con-palomas-mensajeras\/","title":{"rendered":"Adultos mayores de Tac\u00e1mbaro, favorecidos con &#8220;Palomas Mensajeras&#8221;"},"content":{"rendered":"<p>Como parte de las acciones del programa humanitario de reunificaci\u00f3n familiar \u201cPalomas Mensajeras\u201d, instrumentado por el Gobierno del Estado de Michoac\u00e1n, a trav\u00e9s de la Secretar\u00eda del Migrante (Semigrante), 22 adultos mayores de 60 a\u00f1os de Tac\u00e1mbaro se reencontraron con sus hijos despu\u00e9s de d\u00e9cadas sin verlos y en la mayor\u00eda de los casos, con nietos que a\u00fan no conoc\u00edan en persona.<\/p>\n<p><a href=\"https:\/\/radiowebmx.com\/nota\/wp-content\/uploads\/2017\/08\/a5d0d1e0-e218-4936-9fb7-1099ba619699.jpeg\"><img loading=\"lazy\" decoding=\"async\" class=\"alignnone  wp-image-41445\" src=\"https:\/\/radiowebmx.com\/nota\/wp-content\/uploads\/2017\/08\/a5d0d1e0-e218-4936-9fb7-1099ba619699-595x402.jpeg\" alt=\"\" width=\"400\" height=\"271\" srcset=\"https:\/\/radiowebmx.com\/nota\/wp-content\/uploads\/2017\/08\/a5d0d1e0-e218-4936-9fb7-1099ba619699-595x402.jpeg 595w, https:\/\/radiowebmx.com\/nota\/wp-content\/uploads\/2017\/08\/a5d0d1e0-e218-4936-9fb7-1099ba619699-768x519.jpeg 768w, https:\/\/radiowebmx.com\/nota\/wp-content\/uploads\/2017\/08\/a5d0d1e0-e218-4936-9fb7-1099ba619699-960x648.jpeg 960w, https:\/\/radiowebmx.com\/nota\/wp-content\/uploads\/2017\/08\/a5d0d1e0-e218-4936-9fb7-1099ba619699.jpeg 1066w\" sizes=\"auto, (max-width: 400px) 100vw, 400px\" \/><\/a><\/p>\n<p>Jos\u00e9 Luis Guti\u00e9rrez P\u00e9rez, titular de la Semigrante, quien hizo el acompa\u00f1amiento a los adultos mayores tacambarenses, manifest\u00f3 que la intenci\u00f3n del Gobernador Silvano Aureoles Conejo es beneficiar a la mayor cantidad de familias, as\u00ed como transmitir la informaci\u00f3n de la campa\u00f1a \u201cPaisano, Conoce tus Derechos\u201d con el apoyo a las comunidades migrantes organizadas declar\u00e1ndolos como embajadores de los programas y derechos para los connacionales.<\/p>\n<p>Mencion\u00f3 que la Semigrante promueve, vincula, gestiona y asesora para el buen \u00e9xito del programa \u201cPalomas Mensajeras\u201d, que ha permitido a la fecha reunir a m\u00e1s de 300 familias en los estados de Illinois, California y Georgia, en la Uni\u00f3n Americana, y se tiene contemplado sumar cada vez m\u00e1s sitios donde radiquen migrantes michoacanos.<\/p>\n<p>Dentro de las acciones del mismo programa, este jueves obtuvieron su visa 120 adultos mayores de 60 a\u00f1os por parte de la Embajada de Estados Unidos, todos ellos originarios de los municipios de Turicato, P\u00e1tzcuaro, Villamar, Chavinda Ting\u00fcind\u00edn.<\/p>\n<p><a href=\"https:\/\/radiowebmx.com\/nota\/wp-content\/uploads\/2017\/08\/35d5cd5a-e09e-4ce6-baa1-c801b63da7e0.jpeg\"><img loading=\"lazy\" decoding=\"async\" class=\"alignnone  wp-image-41446\" src=\"https:\/\/radiowebmx.com\/nota\/wp-content\/uploads\/2017\/08\/35d5cd5a-e09e-4ce6-baa1-c801b63da7e0-595x446.jpeg\" alt=\"\" width=\"398\" height=\"299\" srcset=\"https:\/\/radiowebmx.com\/nota\/wp-content\/uploads\/2017\/08\/35d5cd5a-e09e-4ce6-baa1-c801b63da7e0-595x446.jpeg 595w, https:\/\/radiowebmx.com\/nota\/wp-content\/uploads\/2017\/08\/35d5cd5a-e09e-4ce6-baa1-c801b63da7e0-768x576.jpeg 768w, https:\/\/radiowebmx.com\/nota\/wp-content\/uploads\/2017\/08\/35d5cd5a-e09e-4ce6-baa1-c801b63da7e0-960x720.jpeg 960w, https:\/\/radiowebmx.com\/nota\/wp-content\/uploads\/2017\/08\/35d5cd5a-e09e-4ce6-baa1-c801b63da7e0.jpeg 1152w\" sizes=\"auto, (max-width: 398px) 100vw, 398px\" \/><\/a><\/p>\n<p>El titular de la Semigrante agradeci\u00f3 las facilidades otorgadas por la Embajada Estadounidense, el esfuerzo del personal de la Semigrante, la participaci\u00f3n de todos los clubes migrantes organizados en la Uni\u00f3n Americana, la colaboraci\u00f3n de los funcionarios de los Ayuntamientos participantes y de las decenas de voluntarios que se han sumado a este noble esfuerzo de reunificaci\u00f3n familiar.<\/p>\n<p>Para mayor informaci\u00f3n acerca de &#8220;Palomas Mensajeras&#8221;, pueden comunicarse a los tel\u00e9fonos de la Semigrante 4433229100 al 09, lada nacional sin costo 018005573399 y lada internacional sin costo 18663604322 as\u00ed como tambi\u00e9n en la Direcci\u00f3n de Atenci\u00f3n al Migrante en cada uno de los 113 municipios del estado.<\/p>\n","protected":false},"excerpt":{"rendered":"<p>Como parte de las acciones del programa humanitario de reunificaci\u00f3n familiar \u201cPalomas Mensajeras\u201d, instrumentado por el Gobierno del Estado de Michoac\u00e1n, a trav\u00e9s de la Secretar\u00eda del Migrante (Semigrante), 22 adultos mayores de 60 a\u00f1os de Tac\u00e1mbaro se reencontraron con sus hijos despu\u00e9s de d\u00e9cadas sin verlos y en la mayor\u00eda de los casos, con [&hellip;]<\/p>\n","protected":false},"author":2,"featured_media":41445,"comment_status":"closed","ping_status":"closed","sticky":false,"template":"","format":"standard","meta":{"footnotes":""},"categories":[14,3,60],"tags":[],"class_list":["post-41444","post","type-post","status-publish","format-standard","has-post-thumbnail","hentry","category-destacadas","category-gobierno-del-estado-de-michoacan","category-michoacan"],"_links":{"self":[{"href":"https:\/\/radiowebmx.com\/nota\/wp-json\/wp\/v2\/posts\/41444","targetHints":{"allow":["GET"]}}],"collection":[{"href":"https:\/\/radiowebmx.com\/nota\/wp-json\/wp\/v2\/posts"}],"about":[{"href":"https:\/\/radiowebmx.com\/nota\/wp-json\/wp\/v2\/types\/post"}],"author":[{"embeddable":true,"href":"https:\/\/radiowebmx.com\/nota\/wp-json\/wp\/v2\/users\/2"}],"replies":[{"embeddable":true,"href":"https:\/\/radiowebmx.com\/nota\/wp-json\/wp\/v2\/comments?post=41444"}],"version-history":[{"count":1,"href":"https:\/\/radiowebmx.com\/nota\/wp-json\/wp\/v2\/posts\/41444\/revisions"}],"predecessor-version":[{"id":41447,"href":"https:\/\/radiowebmx.com\/nota\/wp-json\/wp\/v2\/posts\/41444\/revisions\/41447"}],"wp:featuredmedia":[{"embeddable":true,"href":"https:\/\/radiowebmx.com\/nota\/wp-json\/wp\/v2\/media\/41445"}],"wp:attachment":[{"href":"https:\/\/radiowebmx.com\/nota\/wp-json\/wp\/v2\/media?parent=41444"}],"wp:term":[{"taxonomy":"category","embeddable":true,"href":"https:\/\/radiowebmx.com\/nota\/wp-json\/wp\/v2\/categories?post=41444"},{"taxonomy":"post_tag","embeddable":true,"href":"https:\/\/radiowebmx.com\/nota\/wp-json\/wp\/v2\/tags?post=41444"}],"curies":[{"name":"wp","href":"https:\/\/api.w.org\/{rel}","templated":true}]}}