{"id":41431,"date":"2017-08-04T13:47:01","date_gmt":"2017-08-04T18:47:01","guid":{"rendered":"https:\/\/radiowebmx.com\/nota\/?p=41431"},"modified":"2017-08-04T13:47:01","modified_gmt":"2017-08-04T18:47:01","slug":"fortalece-gobierno-del-estado-relacion-con-comunidad-cientifica","status":"publish","type":"post","link":"https:\/\/radiowebmx.com\/nota\/fortalece-gobierno-del-estado-relacion-con-comunidad-cientifica\/","title":{"rendered":"Fortalece Gobierno del Estado relaci\u00f3n con comunidad cient\u00edfica"},"content":{"rendered":"<p>El fortalecimiento de la relaci\u00f3n con la comunidad cient\u00edfica reviste gran inter\u00e9s para el Gobierno del Estado, porque se comparten preocupaciones comunes, como la soluci\u00f3n de problemas estatales y los pilares para el crecimiento econ\u00f3mico y social.<\/p>\n<p><a href=\"https:\/\/radiowebmx.com\/nota\/wp-content\/uploads\/2017\/08\/f7259881-bd02-407b-8d9c-16fc5bd39ee5.jpg\"><img loading=\"lazy\" decoding=\"async\" class=\"alignnone  wp-image-41432\" src=\"https:\/\/radiowebmx.com\/nota\/wp-content\/uploads\/2017\/08\/f7259881-bd02-407b-8d9c-16fc5bd39ee5-595x335.jpg\" alt=\"\" width=\"400\" height=\"225\" srcset=\"https:\/\/radiowebmx.com\/nota\/wp-content\/uploads\/2017\/08\/f7259881-bd02-407b-8d9c-16fc5bd39ee5-595x335.jpg 595w, https:\/\/radiowebmx.com\/nota\/wp-content\/uploads\/2017\/08\/f7259881-bd02-407b-8d9c-16fc5bd39ee5-768x432.jpg 768w, https:\/\/radiowebmx.com\/nota\/wp-content\/uploads\/2017\/08\/f7259881-bd02-407b-8d9c-16fc5bd39ee5-960x540.jpg 960w\" sizes=\"auto, (max-width: 400px) 100vw, 400px\" \/><\/a><\/p>\n<p>As\u00ed lo manifest\u00f3 el secretario de Innovaci\u00f3n, Ciencia y Desarrollo Tecnol\u00f3gico, Jos\u00e9 Luis Monta\u00f1ez Espinosa, al acudir con la representaci\u00f3n del Gobernador Silvano Aureoles Conejo a la inauguraci\u00f3n del Quinto Congreso de Actualizaci\u00f3n y Formaci\u00f3n Continua de la Academia Michoacana de las Ciencias (AMICI).<\/p>\n<p>Durante el evento, la AMICI entreg\u00f3 nueve reconocimientos, entre los que destacaron a la UMSNH por sus 100 a\u00f1os como Universidad Aut\u00f3noma; al investigador Fabi\u00e1n Herrera Le\u00f3n, por su logro al ganar el Premio 2016 de la Academia Mexicana de Ciencias; a V\u00edctor Antonio Acevedo, por trayectoria y a seis j\u00f3venes Tesistas de Grado y de Maestr\u00eda por la relevancia de sus investigaciones.<\/p>\n<p>Tras reconocer el trabajo y logros constantes de la comunidad cient\u00edfica michoacana, Jos\u00e9 Luis Monta\u00f1ez destac\u00f3 la importancia del Congreso anual, que constituye un \u201cimportante esfuerzo interinstitucional y multidisciplinario para elevar las capacidades de la entidad, potenciar el intercambio de experiencias e ideas, y establecer una mayor vinculaci\u00f3n entre la academia, el sector productivo y el sector social\u201d.<\/p>\n<p><a href=\"https:\/\/radiowebmx.com\/nota\/wp-content\/uploads\/2017\/08\/639c66e9-593c-4683-bf5e-f87dc59c29cb.jpg\"><img loading=\"lazy\" decoding=\"async\" class=\"alignnone  wp-image-41433\" src=\"https:\/\/radiowebmx.com\/nota\/wp-content\/uploads\/2017\/08\/639c66e9-593c-4683-bf5e-f87dc59c29cb-595x335.jpg\" alt=\"\" width=\"398\" height=\"224\" srcset=\"https:\/\/radiowebmx.com\/nota\/wp-content\/uploads\/2017\/08\/639c66e9-593c-4683-bf5e-f87dc59c29cb-595x335.jpg 595w, https:\/\/radiowebmx.com\/nota\/wp-content\/uploads\/2017\/08\/639c66e9-593c-4683-bf5e-f87dc59c29cb-768x432.jpg 768w, https:\/\/radiowebmx.com\/nota\/wp-content\/uploads\/2017\/08\/639c66e9-593c-4683-bf5e-f87dc59c29cb-960x540.jpg 960w\" sizes=\"auto, (max-width: 398px) 100vw, 398px\" \/><\/a><\/p>\n<p>Monta\u00f1ez Espinosa puso en relieve tambi\u00e9n la importancia de la AMICI como la voz de la comunidad cient\u00edfica de Michoac\u00e1n en el concierto nacional y puntualiz\u00f3 que la innovaci\u00f3n no es solo una necesidad urgente, sino la ruta indispensable a seguir.<\/p>\n<p>En el Congreso de dos d\u00edas que se realiza en esta capital michoacana, destacan una serie de conferencias, ponencias, paneles y una entrevista con Dr. Gerardo S\u00e1nchez D\u00edaz, integrante del Sistema Nacional de Investigadores Nivel III.<\/p>\n","protected":false},"excerpt":{"rendered":"<p>El fortalecimiento de la relaci\u00f3n con la comunidad cient\u00edfica reviste gran inter\u00e9s para el Gobierno del Estado, porque se comparten preocupaciones comunes, como la soluci\u00f3n de problemas estatales y los pilares para el crecimiento econ\u00f3mico y social. As\u00ed lo manifest\u00f3 el secretario de Innovaci\u00f3n, Ciencia y Desarrollo Tecnol\u00f3gico, Jos\u00e9 Luis Monta\u00f1ez Espinosa, al acudir con [&hellip;]<\/p>\n","protected":false},"author":2,"featured_media":41433,"comment_status":"closed","ping_status":"closed","sticky":false,"template":"","format":"standard","meta":{"footnotes":""},"categories":[14,3,60],"tags":[],"class_list":["post-41431","post","type-post","status-publish","format-standard","has-post-thumbnail","hentry","category-destacadas","category-gobierno-del-estado-de-michoacan","category-michoacan"],"_links":{"self":[{"href":"https:\/\/radiowebmx.com\/nota\/wp-json\/wp\/v2\/posts\/41431","targetHints":{"allow":["GET"]}}],"collection":[{"href":"https:\/\/radiowebmx.com\/nota\/wp-json\/wp\/v2\/posts"}],"about":[{"href":"https:\/\/radiowebmx.com\/nota\/wp-json\/wp\/v2\/types\/post"}],"author":[{"embeddable":true,"href":"https:\/\/radiowebmx.com\/nota\/wp-json\/wp\/v2\/users\/2"}],"replies":[{"embeddable":true,"href":"https:\/\/radiowebmx.com\/nota\/wp-json\/wp\/v2\/comments?post=41431"}],"version-history":[{"count":1,"href":"https:\/\/radiowebmx.com\/nota\/wp-json\/wp\/v2\/posts\/41431\/revisions"}],"predecessor-version":[{"id":41434,"href":"https:\/\/radiowebmx.com\/nota\/wp-json\/wp\/v2\/posts\/41431\/revisions\/41434"}],"wp:featuredmedia":[{"embeddable":true,"href":"https:\/\/radiowebmx.com\/nota\/wp-json\/wp\/v2\/media\/41433"}],"wp:attachment":[{"href":"https:\/\/radiowebmx.com\/nota\/wp-json\/wp\/v2\/media?parent=41431"}],"wp:term":[{"taxonomy":"category","embeddable":true,"href":"https:\/\/radiowebmx.com\/nota\/wp-json\/wp\/v2\/categories?post=41431"},{"taxonomy":"post_tag","embeddable":true,"href":"https:\/\/radiowebmx.com\/nota\/wp-json\/wp\/v2\/tags?post=41431"}],"curies":[{"name":"wp","href":"https:\/\/api.w.org\/{rel}","templated":true}]}}