{"id":41414,"date":"2017-08-04T13:36:44","date_gmt":"2017-08-04T18:36:44","guid":{"rendered":"https:\/\/radiowebmx.com\/nota\/?p=41414"},"modified":"2017-08-04T13:36:44","modified_gmt":"2017-08-04T18:36:44","slug":"si-financia-impulsa-a-los-productores-de-fresa","status":"publish","type":"post","link":"https:\/\/radiowebmx.com\/nota\/si-financia-impulsa-a-los-productores-de-fresa\/","title":{"rendered":"S\u00ed Financia impulsa a los productores de fresa"},"content":{"rendered":"<p>Para seguir potenciando la producci\u00f3n de fresa, donde Michoac\u00e1n es l\u00edder nacional con ventas en el pa\u00eds y el extranjero que favorecen a la din\u00e1mica econ\u00f3mica del estado, el Sistema Integral de Financiamiento para el Desarrollo de Michoac\u00e1n (S\u00ed Financia) anunci\u00f3 nuevos apoyos para productores de este fruto.<\/p>\n<p><a href=\"https:\/\/radiowebmx.com\/nota\/wp-content\/uploads\/2017\/08\/8411de49-f724-4ca0-946c-04bce083c643.jpeg\"><img loading=\"lazy\" decoding=\"async\" class=\"alignnone  wp-image-41415\" src=\"https:\/\/radiowebmx.com\/nota\/wp-content\/uploads\/2017\/08\/8411de49-f724-4ca0-946c-04bce083c643-595x446.jpeg\" alt=\"\" width=\"399\" height=\"300\" srcset=\"https:\/\/radiowebmx.com\/nota\/wp-content\/uploads\/2017\/08\/8411de49-f724-4ca0-946c-04bce083c643-595x446.jpeg 595w, https:\/\/radiowebmx.com\/nota\/wp-content\/uploads\/2017\/08\/8411de49-f724-4ca0-946c-04bce083c643-768x576.jpeg 768w, https:\/\/radiowebmx.com\/nota\/wp-content\/uploads\/2017\/08\/8411de49-f724-4ca0-946c-04bce083c643-960x720.jpeg 960w, https:\/\/radiowebmx.com\/nota\/wp-content\/uploads\/2017\/08\/8411de49-f724-4ca0-946c-04bce083c643.jpeg 1032w\" sizes=\"auto, (max-width: 399px) 100vw, 399px\" \/><\/a><\/p>\n<p>En esta ocasi\u00f3n, a trav\u00e9s del programa FOGAMICH que opera S\u00ed Financia, se otorgaron cr\u00e9ditos a productores de fresa de la regi\u00f3n oriente por un monto de 1.5 millones de pesos, lo que adem\u00e1s generar\u00e1 155 empleos temporales, destac\u00f3 Gustavo Mel\u00e9ndez Arreola, director general del organismo.<\/p>\n<p>Mencion\u00f3 que el crecimiento productivo de la fresa en diferentes regiones del estado ha permitido colocar a Michoac\u00e1n como uno de los principales estados productores y exportadores del pa\u00eds.<\/p>\n<p>\u201cPor eso y para seguir potenciando este sector es necesario apoyar al productor a trav\u00e9s del financiamiento para que cubran sus necesidades inmediatas, den continuidad al ciclo de producci\u00f3n y que logren satisfacer la demanda de mercado\u201d, se\u00f1al\u00f3.<\/p>\n<p><a href=\"https:\/\/radiowebmx.com\/nota\/wp-content\/uploads\/2017\/08\/3f6dac3c-8f59-4092-9bdc-2744a126aae7.jpeg\"><img loading=\"lazy\" decoding=\"async\" class=\"alignnone  wp-image-41416\" src=\"https:\/\/radiowebmx.com\/nota\/wp-content\/uploads\/2017\/08\/3f6dac3c-8f59-4092-9bdc-2744a126aae7-595x285.jpeg\" alt=\"\" width=\"399\" height=\"191\" srcset=\"https:\/\/radiowebmx.com\/nota\/wp-content\/uploads\/2017\/08\/3f6dac3c-8f59-4092-9bdc-2744a126aae7-595x285.jpeg 595w, https:\/\/radiowebmx.com\/nota\/wp-content\/uploads\/2017\/08\/3f6dac3c-8f59-4092-9bdc-2744a126aae7-768x368.jpeg 768w, https:\/\/radiowebmx.com\/nota\/wp-content\/uploads\/2017\/08\/3f6dac3c-8f59-4092-9bdc-2744a126aae7-960x461.jpeg 960w, https:\/\/radiowebmx.com\/nota\/wp-content\/uploads\/2017\/08\/3f6dac3c-8f59-4092-9bdc-2744a126aae7.jpeg 1280w\" sizes=\"auto, (max-width: 399px) 100vw, 399px\" \/><\/a><\/p>\n<p>Con este financiamiento, los productores lograran adquirir con oportunidad los insumos necesarios que les permitan mejorar los procesos de calidad e inocuidad que son necesarios para la exportaci\u00f3n.<\/p>\n<p>\u201cPara el Gobernador Silvano Aureoles Conejo es importante dar atenci\u00f3n al sector agropecuario, por lo que estamos generando las condiciones que permitan a los agricultores mejorar la competitividad de sus cultivos, ofreci\u00e9ndoles mejores planes de financiamiento y busc\u00e1ndoles alternativas para aumentar su producci\u00f3n\u201d, puntualiz\u00f3.<\/p>\n","protected":false},"excerpt":{"rendered":"<p>Para seguir potenciando la producci\u00f3n de fresa, donde Michoac\u00e1n es l\u00edder nacional con ventas en el pa\u00eds y el extranjero que favorecen a la din\u00e1mica econ\u00f3mica del estado, el Sistema Integral de Financiamiento para el Desarrollo de Michoac\u00e1n (S\u00ed Financia) anunci\u00f3 nuevos apoyos para productores de este fruto. En esta ocasi\u00f3n, a trav\u00e9s del programa [&hellip;]<\/p>\n","protected":false},"author":2,"featured_media":41416,"comment_status":"closed","ping_status":"closed","sticky":false,"template":"","format":"standard","meta":{"footnotes":""},"categories":[3,60],"tags":[],"class_list":["post-41414","post","type-post","status-publish","format-standard","has-post-thumbnail","hentry","category-gobierno-del-estado-de-michoacan","category-michoacan"],"_links":{"self":[{"href":"https:\/\/radiowebmx.com\/nota\/wp-json\/wp\/v2\/posts\/41414","targetHints":{"allow":["GET"]}}],"collection":[{"href":"https:\/\/radiowebmx.com\/nota\/wp-json\/wp\/v2\/posts"}],"about":[{"href":"https:\/\/radiowebmx.com\/nota\/wp-json\/wp\/v2\/types\/post"}],"author":[{"embeddable":true,"href":"https:\/\/radiowebmx.com\/nota\/wp-json\/wp\/v2\/users\/2"}],"replies":[{"embeddable":true,"href":"https:\/\/radiowebmx.com\/nota\/wp-json\/wp\/v2\/comments?post=41414"}],"version-history":[{"count":1,"href":"https:\/\/radiowebmx.com\/nota\/wp-json\/wp\/v2\/posts\/41414\/revisions"}],"predecessor-version":[{"id":41417,"href":"https:\/\/radiowebmx.com\/nota\/wp-json\/wp\/v2\/posts\/41414\/revisions\/41417"}],"wp:featuredmedia":[{"embeddable":true,"href":"https:\/\/radiowebmx.com\/nota\/wp-json\/wp\/v2\/media\/41416"}],"wp:attachment":[{"href":"https:\/\/radiowebmx.com\/nota\/wp-json\/wp\/v2\/media?parent=41414"}],"wp:term":[{"taxonomy":"category","embeddable":true,"href":"https:\/\/radiowebmx.com\/nota\/wp-json\/wp\/v2\/categories?post=41414"},{"taxonomy":"post_tag","embeddable":true,"href":"https:\/\/radiowebmx.com\/nota\/wp-json\/wp\/v2\/tags?post=41414"}],"curies":[{"name":"wp","href":"https:\/\/api.w.org\/{rel}","templated":true}]}}