{"id":41391,"date":"2017-07-27T13:15:21","date_gmt":"2017-07-27T18:15:21","guid":{"rendered":"https:\/\/radiowebmx.com\/nota\/?p=41391"},"modified":"2017-10-11T12:12:28","modified_gmt":"2017-10-11T17:12:28","slug":"baltazar-gaona-da-arranque-de-obra-a-la-plaza-civica-de-tejaro","status":"publish","type":"post","link":"https:\/\/radiowebmx.com\/nota\/baltazar-gaona-da-arranque-de-obra-a-la-plaza-civica-de-tejaro\/","title":{"rendered":"Baltazar Gaona da arranque de obra a la plaza c\u00edvica de Tejaro"},"content":{"rendered":"<p>27\/7\/17 Tarimbaro. Mich: El Presidente Municipal de Tar\u00edmbaro, Baltazar Gaona S\u00e1nchez dio arranque de obra a la &#8220;PLAZA C\u00cdVICA DE TEJARO&#8221;.<\/p>\n<p><a href=\"https:\/\/radiowebmx.com\/nota\/wp-content\/uploads\/2017\/07\/59817.jpg\"><img loading=\"lazy\" decoding=\"async\" class=\"alignnone size-medium wp-image-41393\" src=\"https:\/\/radiowebmx.com\/nota\/wp-content\/uploads\/2017\/07\/59817-595x288.jpg\" alt=\"\" width=\"595\" height=\"288\" srcset=\"https:\/\/radiowebmx.com\/nota\/wp-content\/uploads\/2017\/07\/59817-595x288.jpg 595w, https:\/\/radiowebmx.com\/nota\/wp-content\/uploads\/2017\/07\/59817-768x372.jpg 768w, https:\/\/radiowebmx.com\/nota\/wp-content\/uploads\/2017\/07\/59817.jpg 850w\" sizes=\"auto, (max-width: 595px) 100vw, 595px\" \/><\/a><\/p>\n<p>&#8220;Somos un Gobierno que siempre nos hemos preocupado por el bienestar de las personas y la modernizaci\u00f3n de nuestro municipio, tengo 20 a\u00f1os haciendo obras que nadie a hecho, otras administraciones solo se enriquecen y el municipio sigue igual&#8221;, apunt\u00f3 el edil durante su discurso.<\/p>\n<p>Ante personal de Cabildo y habitantes mencion\u00f3 Gaona S\u00e1nchez, &#8220;Yo soy el \u00fanico que se preocupa por dejara a las futuras generaciones un Municipio moderno y as\u00ed lo seguirte haciendo hasta que Dios nos preste vida&#8221;.<\/p>\n","protected":false},"excerpt":{"rendered":"<p>27\/7\/17 Tarimbaro. Mich: El Presidente Municipal de Tar\u00edmbaro, Baltazar Gaona S\u00e1nchez dio arranque de obra a la &#8220;PLAZA C\u00cdVICA DE TEJARO&#8221;. &#8220;Somos un Gobierno que siempre nos hemos preocupado por el bienestar de las personas y la modernizaci\u00f3n de nuestro municipio, tengo 20 a\u00f1os haciendo obras que nadie a hecho, otras administraciones solo se enriquecen [&hellip;]<\/p>\n","protected":false},"author":2,"featured_media":41393,"comment_status":"closed","ping_status":"closed","sticky":false,"template":"","format":"standard","meta":{"footnotes":""},"categories":[22],"tags":[],"class_list":["post-41391","post","type-post","status-publish","format-standard","has-post-thumbnail","hentry","category-tarimbaro"],"_links":{"self":[{"href":"https:\/\/radiowebmx.com\/nota\/wp-json\/wp\/v2\/posts\/41391","targetHints":{"allow":["GET"]}}],"collection":[{"href":"https:\/\/radiowebmx.com\/nota\/wp-json\/wp\/v2\/posts"}],"about":[{"href":"https:\/\/radiowebmx.com\/nota\/wp-json\/wp\/v2\/types\/post"}],"author":[{"embeddable":true,"href":"https:\/\/radiowebmx.com\/nota\/wp-json\/wp\/v2\/users\/2"}],"replies":[{"embeddable":true,"href":"https:\/\/radiowebmx.com\/nota\/wp-json\/wp\/v2\/comments?post=41391"}],"version-history":[{"count":5,"href":"https:\/\/radiowebmx.com\/nota\/wp-json\/wp\/v2\/posts\/41391\/revisions"}],"predecessor-version":[{"id":45842,"href":"https:\/\/radiowebmx.com\/nota\/wp-json\/wp\/v2\/posts\/41391\/revisions\/45842"}],"wp:featuredmedia":[{"embeddable":true,"href":"https:\/\/radiowebmx.com\/nota\/wp-json\/wp\/v2\/media\/41393"}],"wp:attachment":[{"href":"https:\/\/radiowebmx.com\/nota\/wp-json\/wp\/v2\/media?parent=41391"}],"wp:term":[{"taxonomy":"category","embeddable":true,"href":"https:\/\/radiowebmx.com\/nota\/wp-json\/wp\/v2\/categories?post=41391"},{"taxonomy":"post_tag","embeddable":true,"href":"https:\/\/radiowebmx.com\/nota\/wp-json\/wp\/v2\/tags?post=41391"}],"curies":[{"name":"wp","href":"https:\/\/api.w.org\/{rel}","templated":true}]}}