{"id":41381,"date":"2017-08-03T12:00:11","date_gmt":"2017-08-03T17:00:11","guid":{"rendered":"https:\/\/radiowebmx.com\/nota\/?p=41381"},"modified":"2017-08-03T12:00:11","modified_gmt":"2017-08-03T17:00:11","slug":"inicia-cobaem-proceso-de-certificacion-para-docentes-de-ingles","status":"publish","type":"post","link":"https:\/\/radiowebmx.com\/nota\/inicia-cobaem-proceso-de-certificacion-para-docentes-de-ingles\/","title":{"rendered":"Inicia Cobaem proceso de certificaci\u00f3n para docentes de ingl\u00e9s"},"content":{"rendered":"<p>Para fortalecer la preparaci\u00f3n docente y acreditar la Certificaci\u00f3n Nacional de Nivel de Idioma (CENNI) ante la Secretar\u00eda de Educaci\u00f3n P\u00fablica (SEP), a realizarse en el mes de octubre del presente a\u00f1o, el Colegio de Bachilleres del Estado de Michoac\u00e1n (Cobaem) arranc\u00f3 hoy un curso de actualizaci\u00f3n de docentes de ingl\u00e9s.<\/p>\n<p><a href=\"https:\/\/radiowebmx.com\/nota\/wp-content\/uploads\/2017\/08\/bb43e085-e77d-4d69-a0e5-a5375b75f3e4.jpg\"><img loading=\"lazy\" decoding=\"async\" class=\"alignnone  wp-image-41382\" src=\"https:\/\/radiowebmx.com\/nota\/wp-content\/uploads\/2017\/08\/bb43e085-e77d-4d69-a0e5-a5375b75f3e4-595x446.jpg\" alt=\"\" width=\"399\" height=\"300\" srcset=\"https:\/\/radiowebmx.com\/nota\/wp-content\/uploads\/2017\/08\/bb43e085-e77d-4d69-a0e5-a5375b75f3e4-595x446.jpg 595w, https:\/\/radiowebmx.com\/nota\/wp-content\/uploads\/2017\/08\/bb43e085-e77d-4d69-a0e5-a5375b75f3e4-768x576.jpg 768w, https:\/\/radiowebmx.com\/nota\/wp-content\/uploads\/2017\/08\/bb43e085-e77d-4d69-a0e5-a5375b75f3e4.jpg 960w\" sizes=\"auto, (max-width: 399px) 100vw, 399px\" \/><\/a><\/p>\n<p>Durante todo el mes, 40 docentes que imparten la asignatura en el subsistema tomar\u00e1n el curso de preparaci\u00f3n con una duraci\u00f3n de 80 horas, coordinado por el Departamento de Formaci\u00f3n y Actualizaci\u00f3n de Personal de la Direcci\u00f3n Acad\u00e9mica, el cual es impartido por el Instituto Polit\u00e9cnico Nacional campus Morelia.<\/p>\n<p>Lo anterior, en seguimiento a la disposici\u00f3n de la SEP que busca establecer en M\u00e9xico un marco nacional de referencia para la evaluaci\u00f3n y certificaci\u00f3n de idiomas, orientado a elevar la calidad educativa especialmente en la ense\u00f1anza del idioma ingl\u00e9s como lengua extranjera.<\/p>\n<p><a href=\"https:\/\/radiowebmx.com\/nota\/wp-content\/uploads\/2017\/08\/fd6a76ba-7753-40be-a720-5abed6e749f0.jpg\"><img loading=\"lazy\" decoding=\"async\" class=\"alignnone  wp-image-41383\" src=\"https:\/\/radiowebmx.com\/nota\/wp-content\/uploads\/2017\/08\/fd6a76ba-7753-40be-a720-5abed6e749f0-595x446.jpg\" alt=\"\" width=\"397\" height=\"298\" srcset=\"https:\/\/radiowebmx.com\/nota\/wp-content\/uploads\/2017\/08\/fd6a76ba-7753-40be-a720-5abed6e749f0-595x446.jpg 595w, https:\/\/radiowebmx.com\/nota\/wp-content\/uploads\/2017\/08\/fd6a76ba-7753-40be-a720-5abed6e749f0-768x576.jpg 768w, https:\/\/radiowebmx.com\/nota\/wp-content\/uploads\/2017\/08\/fd6a76ba-7753-40be-a720-5abed6e749f0.jpg 960w\" sizes=\"auto, (max-width: 397px) 100vw, 397px\" \/><\/a><\/p>\n<p>La Certificaci\u00f3n Nacional de Nivel de Idioma (CENNI) es un documento oficial que permite a la Direcci\u00f3n General de Acreditaci\u00f3n, Incorporaci\u00f3n y Revalidaci\u00f3n (DGAIR), evaluar, acreditar y certificar conocimientos y aptitudes en materia de lenguas extranjeras.<\/p>\n<p>Las habilidades o competencias ling\u00fc\u00edsticas\u00a0 espec\u00edficas que se eval\u00faan son: Comprensi\u00f3n Auditiva (Oral), Comprensi\u00f3n Audiovisual, Comprensi\u00f3n de Lectura (Escrita), Expresi\u00f3n Oral, Expresi\u00f3n Escrita, Interacci\u00f3n Oral e Interacci\u00f3n Escrita.<\/p>\n<p><a href=\"https:\/\/radiowebmx.com\/nota\/wp-content\/uploads\/2017\/08\/bf529938-5a7a-4787-b5ab-0895afb4fd9b.jpg\"><img loading=\"lazy\" decoding=\"async\" class=\"alignnone  wp-image-41384\" src=\"https:\/\/radiowebmx.com\/nota\/wp-content\/uploads\/2017\/08\/bf529938-5a7a-4787-b5ab-0895afb4fd9b-595x446.jpg\" alt=\"\" width=\"398\" height=\"299\" srcset=\"https:\/\/radiowebmx.com\/nota\/wp-content\/uploads\/2017\/08\/bf529938-5a7a-4787-b5ab-0895afb4fd9b-595x446.jpg 595w, https:\/\/radiowebmx.com\/nota\/wp-content\/uploads\/2017\/08\/bf529938-5a7a-4787-b5ab-0895afb4fd9b-768x576.jpg 768w, https:\/\/radiowebmx.com\/nota\/wp-content\/uploads\/2017\/08\/bf529938-5a7a-4787-b5ab-0895afb4fd9b.jpg 960w\" sizes=\"auto, (max-width: 398px) 100vw, 398px\" \/><\/a><\/p>\n","protected":false},"excerpt":{"rendered":"<p>Para fortalecer la preparaci\u00f3n docente y acreditar la Certificaci\u00f3n Nacional de Nivel de Idioma (CENNI) ante la Secretar\u00eda de Educaci\u00f3n P\u00fablica (SEP), a realizarse en el mes de octubre del presente a\u00f1o, el Colegio de Bachilleres del Estado de Michoac\u00e1n (Cobaem) arranc\u00f3 hoy un curso de actualizaci\u00f3n de docentes de ingl\u00e9s. Durante todo el mes, [&hellip;]<\/p>\n","protected":false},"author":2,"featured_media":41382,"comment_status":"closed","ping_status":"closed","sticky":false,"template":"","format":"standard","meta":{"footnotes":""},"categories":[3,60],"tags":[],"class_list":["post-41381","post","type-post","status-publish","format-standard","has-post-thumbnail","hentry","category-gobierno-del-estado-de-michoacan","category-michoacan"],"_links":{"self":[{"href":"https:\/\/radiowebmx.com\/nota\/wp-json\/wp\/v2\/posts\/41381","targetHints":{"allow":["GET"]}}],"collection":[{"href":"https:\/\/radiowebmx.com\/nota\/wp-json\/wp\/v2\/posts"}],"about":[{"href":"https:\/\/radiowebmx.com\/nota\/wp-json\/wp\/v2\/types\/post"}],"author":[{"embeddable":true,"href":"https:\/\/radiowebmx.com\/nota\/wp-json\/wp\/v2\/users\/2"}],"replies":[{"embeddable":true,"href":"https:\/\/radiowebmx.com\/nota\/wp-json\/wp\/v2\/comments?post=41381"}],"version-history":[{"count":1,"href":"https:\/\/radiowebmx.com\/nota\/wp-json\/wp\/v2\/posts\/41381\/revisions"}],"predecessor-version":[{"id":41385,"href":"https:\/\/radiowebmx.com\/nota\/wp-json\/wp\/v2\/posts\/41381\/revisions\/41385"}],"wp:featuredmedia":[{"embeddable":true,"href":"https:\/\/radiowebmx.com\/nota\/wp-json\/wp\/v2\/media\/41382"}],"wp:attachment":[{"href":"https:\/\/radiowebmx.com\/nota\/wp-json\/wp\/v2\/media?parent=41381"}],"wp:term":[{"taxonomy":"category","embeddable":true,"href":"https:\/\/radiowebmx.com\/nota\/wp-json\/wp\/v2\/categories?post=41381"},{"taxonomy":"post_tag","embeddable":true,"href":"https:\/\/radiowebmx.com\/nota\/wp-json\/wp\/v2\/tags?post=41381"}],"curies":[{"name":"wp","href":"https:\/\/api.w.org\/{rel}","templated":true}]}}